{"id":11727,"date":"2025-06-05T19:38:22","date_gmt":"2025-06-05T22:38:22","guid":{"rendered":"https:\/\/sgpsolucoes.com.br\/site\/?p=11727"},"modified":"2025-06-05T19:38:23","modified_gmt":"2025-06-05T22:38:23","slug":"tribunal-de-contas-orienta-11-municipios-a-promover-solvencia-de-sua-previdencia","status":"publish","type":"post","link":"https:\/\/sgpsolucoes.com.br\/site\/tribunal-de-contas-orienta-11-municipios-a-promover-solvencia-de-sua-previdencia\/","title":{"rendered":"Tribunal de Contas orienta 11 munic\u00edpios a promover solv\u00eancia de sua previd\u00eancia"},"content":{"rendered":"<p>O Tribunal de Contas do Estado (TCE-PR) emitiu recomenda\u00e7\u00f5es a 11 munic\u00edpios paranaenses e aos seus respectivos regimes pr\u00f3prios de previd\u00eancia social (RPPS) para orient\u00e1-los no aprimoramento da gest\u00e3o previdenci\u00e1ria, com o objetivo de promover a solv\u00eancia fiscal de longo prazo desses sistemas previdenci\u00e1rios. Os munic\u00edpios que receberam recomenda\u00e7\u00f5es s\u00e3o Alt\u00f4nia, Amapor\u00e3, Colorado, Inaj\u00e1, Jataizinho, Laranjal, Lobato, Mandagua\u00e7u, Peabiru, Rio Bonito do Igua\u00e7u e S\u00e3o Jos\u00e9 dos Pinhais.<\/p><p>As medidas foram sugeridas pela Coordenadoria de Acompanhamento de Atos de Gest\u00e3o (CAGE) do TCE-PR, que detectou oportunidades de melhoria em fiscaliza\u00e7\u00f5es realizadas nesses munic\u00edpios entre janeiro de 2024 e janeiro de 2025, no \u00e2mbito do&nbsp;<a href=\"https:\/\/www1.tce.pr.gov.br\/multimidia\/2024\/10\/pdf\/00390308.pdf\">Plano de Fiscaliza\u00e7\u00e3o (PAF) 2024-2025 do TCE-PR<\/a>. A busca pelo equil\u00edbrio atuarial dos regimes previdenci\u00e1rios dos munic\u00edpios \u00e9 uma das prioridades do Tribunal no bi\u00eanio 2025-2026, sob a presid\u00eancia do conselheiro Ivens Linhares.<\/p><p>Nas fiscaliza\u00e7\u00f5es relativas aos RPPS, a CAGE identificou achados de auditoria que resultaram na proposi\u00e7\u00e3o de recomenda\u00e7\u00f5es expedidas pelo TCE-PR para o aperfei\u00e7oamento da gest\u00e3o das previd\u00eancias municipais. &#8220;Achado de auditoria&#8221; \u00e9 a designa\u00e7\u00e3o t\u00e9cnica para oportunidades de melhoria verificadas pelos auditores na execu\u00e7\u00e3o de um trabalho de fiscaliza\u00e7\u00e3o.<\/p><p><strong>Achados de Auditoria<\/strong><\/p><p>A CAGE informou que n\u00e3o s\u00e3o tomadas medidas adequadas para garantir a fidedignidade da base de dados do sistema; a avalia\u00e7\u00e3o atuarial n\u00e3o \u00e9 realizada com as t\u00e9cnicas e elementos m\u00ednimos; o plano de amortiza\u00e7\u00e3o atuarial n\u00e3o atende os requisitos legais ou n\u00e3o proporciona o equacionamento do d\u00e9ficit atuarial; a gest\u00e3o dos ativos previdenci\u00e1rios n\u00e3o \u00e9 realizada por meio de crit\u00e9rios t\u00e9cnicos e objetivos; n\u00e3o s\u00e3o tomadas as provid\u00eancias necess\u00e1rias nos casos de atrasos das contribui\u00e7\u00f5es e dos parcelamentos; e h\u00e1 demonstrativos que n\u00e3o s\u00e3o encaminhados \u00e0 Secretaria de Previd\u00eancia (SPrev) do Minist\u00e9rio da Previd\u00eancia Social dentro do prazo legal.<\/p><p>A unidade t\u00e9cnica tamb\u00e9m apontou que alguns munic\u00edpios n\u00e3o participam adequadamente do processo de elabora\u00e7\u00e3o da avalia\u00e7\u00e3o atuarial; a gest\u00e3o dos ativos previdenci\u00e1rios n\u00e3o \u00e9 realizada por meio de crit\u00e9rios t\u00e9cnicos e objetivos; e n\u00e3o s\u00e3o tomadas as provid\u00eancias necess\u00e1rias nos casos de atrasos das contribui\u00e7\u00f5es e dos parcelamentos.<\/p><p><strong>Decis\u00e3o<\/strong><\/p><p>Em seu voto, o relator dos processos, conselheiro Ivens Linhares, atual presidente do TCE-PR, acolheu integralmente as medidas propostas pela unidade t\u00e9cnica; e prop\u00f4s a homologa\u00e7\u00e3o das recomenda\u00e7\u00f5es pelo Tribunal Pleno.<\/p><p>Linhares afirmou que os munic\u00edpios fiscalizados podem adotar uma gest\u00e3o mais eficaz, tanto no \u00e2mbito financeiro quanto na garantia de benef\u00edcios futuros aos segurados, para promover a solv\u00eancia fiscal de longo prazo dos seus sistemas previdenci\u00e1rios.<\/p><p>Por meio das sess\u00f5es n\u00ba 6\/25, n\u00ba 7\/25 e n\u00ba 8\/25 do Plen\u00e1rio Virtual do Tribunal Pleno do TCE-PR, conclu\u00eddas, respectivamente, em 10 de abril, 24 de abril e 8 de maio, os demais membros do \u00f3rg\u00e3o colegiado acompanharam os votos do relator por unanimidade. Os ac\u00f3rd\u00e3os n\u00fameros 791\/25, 792\/25, 793\/25, 794\/25, 795\/25, 796\/25, 797\/25, 798\/25, 799\/25, 909\/25, 910\/25, 911\/25, 912\/25, 913\/25, 914\/25, 915\/25, 916\/25, 917\/25 919\/25, 1027\/25, 1028\/25, todos do Tribunal Pleno, foram disponibilizados no&nbsp;<a href=\"https:\/\/www1.tce.pr.gov.br\/conteudo\/lista\/diario-eletronico\/1436\/area\/46\">Di\u00e1rio Eletr\u00f4nico do TCE-PR<\/a>.<\/p><p><strong>Homologa\u00e7\u00e3o de Recomenda\u00e7\u00f5es<\/strong><\/p><p>A partir da vig\u00eancia da&nbsp;<a href=\"https:\/\/www1.tce.pr.gov.br\/conteudo\/resolucao-n-73-de-22-de-agosto-de-2019\/323836\/area\/249\">Resolu\u00e7\u00e3o n\u00ba 73\/2019 do TCE-PR<\/a>, todos os procedimentos resultantes de trabalhos fiscalizat\u00f3rios realizados pelo Tribunal t\u00eam como ponto de partida a elabora\u00e7\u00e3o, pela unidade t\u00e9cnica respons\u00e1vel, de um Relat\u00f3rio de Fiscaliza\u00e7\u00e3o. Caso este apresente apenas sugest\u00f5es de medidas para sanar impropriedades encontradas na gest\u00e3o da entidade p\u00fablica em quest\u00e3o, \u00e9 instaurado processo de Homologa\u00e7\u00e3o de Recomenda\u00e7\u00f5es.<\/p><p>A medida tem como objetivo dar maior rapidez \u00e0 implementa\u00e7\u00e3o dessas iniciativas, indicadas apenas nos casos em que n\u00e3o s\u00e3o encontradas irregularidades de maior gravidade, que demandem a emiss\u00e3o de determina\u00e7\u00f5es ou a aplica\u00e7\u00e3o de san\u00e7\u00f5es &#8211; situa\u00e7\u00f5es ainda contempladas pelos processos de Representa\u00e7\u00e3o e Tomada de Contas Extraordin\u00e1ria.<\/p><p><strong><u>Servi\u00e7o<\/u><\/strong><\/p><figure class=\"wp-block-table\"><table class=\"has-fixed-layout\"><tbody><tr><td><strong>Processo n\u00ba<\/strong>:<\/td><td>64050\/25<\/td><\/tr><tr><td><strong>Ac\u00f3rd\u00e3o n\u00ba:<\/strong><\/td><td>911\/25 &#8211; Tribunal Pleno<\/td><\/tr><tr><td><strong>Assunto<\/strong>:<\/td><td>Homologa\u00e7\u00e3o de Recomenda\u00e7\u00f5es<\/td><\/tr><tr><td><strong>Entidade:<\/strong><\/td><td>Munic\u00edpio de Alt\u00f4nia<\/td><\/tr><tr><td>Relator:<\/td><td>Conselheiro Ivens Zschoerper Linhares<\/td><\/tr><\/tbody><\/table><\/figure><figure class=\"wp-block-table\"><table class=\"has-fixed-layout\"><tbody><tr><td><strong>Processo n\u00ba<\/strong>:<\/td><td>63975\/25<\/td><\/tr><tr><td><strong>Ac\u00f3rd\u00e3o n\u00ba:<\/strong><\/td><td>791\/25 &#8211; Tribunal Pleno<\/td><\/tr><tr><td><strong>Assunto<\/strong>:<\/td><td>Homologa\u00e7\u00e3o de Recomenda\u00e7\u00f5es<\/td><\/tr><tr><td><strong>Entidade:<\/strong><\/td><td>Fundo de Aposentadorias e Pens\u00f5es dos Servidores P\u00fablicos Municipais de Alt\u00f4nia<\/td><\/tr><tr><td><strong>Relator<\/strong>:<\/td><td>Conselheiro Ivens Zschoerper Linhares<\/td><\/tr><\/tbody><\/table><\/figure><figure class=\"wp-block-table\"><table class=\"has-fixed-layout\"><tbody><tr><td><strong>Processo n\u00ba<\/strong>:<\/td><td>64653\/25<\/td><\/tr><tr><td><strong>Ac\u00f3rd\u00e3o n\u00ba:<\/strong><\/td><td>797\/25 &#8211; Tribunal Pleno<\/td><\/tr><tr><td><strong>Assunto<\/strong>:<\/td><td>Homologa\u00e7\u00e3o de Recomenda\u00e7\u00f5es<\/td><\/tr><tr><td><strong>Entidade:<\/strong><\/td><td>Munic\u00edpio de Amapor\u00e3<\/td><\/tr><tr><td><strong>Relator<\/strong>:<\/td><td>Conselheiro Ivens Zschoerper Linhares<\/td><\/tr><\/tbody><\/table><\/figure><figure class=\"wp-block-table\"><table class=\"has-fixed-layout\"><tbody><tr><td><strong>Processo n\u00ba<\/strong>:<\/td><td>64149\/25<\/td><\/tr><tr><td><strong>Ac\u00f3rd\u00e3o n\u00ba:<\/strong><\/td><td>792\/25 &#8211; Tribunal Pleno<\/td><\/tr><tr><td><strong>Assunto<\/strong>:<\/td><td>Homologa\u00e7\u00e3o de Recomenda\u00e7\u00f5es<\/td><\/tr><tr><td><strong>Entidade:<\/strong><\/td><td>Fundo de Previd\u00eancia Municipal de Amapor\u00e3<\/td><\/tr><tr><td><strong>Relator<\/strong>:<\/td><td>Conselheiro Ivens Zschoerper Linhares<\/td><\/tr><\/tbody><\/table><\/figure><figure class=\"wp-block-table\"><table class=\"has-fixed-layout\"><tbody><tr><td><strong>Processo n\u00ba<\/strong>:<\/td><td>64220\/25<\/td><\/tr><tr><td><strong>Ac\u00f3rd\u00e3o n\u00ba:<\/strong><\/td><td>912\/25 &#8211; Tribunal Pleno<\/td><\/tr><tr><td><strong>Assunto<\/strong>:<\/td><td>Homologa\u00e7\u00e3o de Recomenda\u00e7\u00f5es<\/td><\/tr><tr><td><strong>Entidade:<\/strong><\/td><td>Munic\u00edpio de Colorado<\/td><\/tr><tr><td><strong>Relator<\/strong>:<\/td><td>Conselheiro Ivens Zschoerper Linhares<\/td><\/tr><\/tbody><\/table><\/figure><figure class=\"wp-block-table\"><table class=\"has-fixed-layout\"><tbody><tr><td><strong>Processo n\u00ba<\/strong>:<\/td><td>64599\/25<\/td><\/tr><tr><td><strong>Ac\u00f3rd\u00e3o n\u00ba:<\/strong><\/td><td>796\/25 &#8211; Tribunal Pleno<\/td><\/tr><tr><td><strong>Assunto<\/strong>:<\/td><td>Homologa\u00e7\u00e3o de Recomenda\u00e7\u00f5es<\/td><\/tr><tr><td><strong>Entidade:<\/strong><\/td><td>Instituto de Previd\u00eancia dos Servidores P\u00fablicos do Munic\u00edpio de Colorado<\/td><\/tr><tr><td><strong>Relator<\/strong>:<\/td><td>Conselheiro Ivens Zschoerper Linhares<\/td><\/tr><\/tbody><\/table><\/figure><figure class=\"wp-block-table\"><table class=\"has-fixed-layout\"><tbody><tr><td><strong>Processo n\u00ba<\/strong>:<\/td><td>63819\/25<\/td><\/tr><tr><td><strong>Ac\u00f3rd\u00e3o n\u00ba:<\/strong><\/td><td>910\/25 &#8211; Tribunal Pleno<\/td><\/tr><tr><td><strong>Assunto<\/strong>:<\/td><td>Homologa\u00e7\u00e3o de Recomenda\u00e7\u00f5es<\/td><\/tr><tr><td><strong>Entidade:<\/strong><\/td><td>Munic\u00edpio de Inaj\u00e1<\/td><\/tr><tr><td><strong>Relator<\/strong>:<\/td><td>Conselheiro Ivens Zschoerper Linhares<\/td><\/tr><\/tbody><\/table><\/figure><figure class=\"wp-block-table\"><table class=\"has-fixed-layout\"><tbody><tr><td><strong>Processo n\u00ba<\/strong>:<\/td><td>63746\/25<\/td><\/tr><tr><td><strong>Ac\u00f3rd\u00e3o n\u00ba:<\/strong><\/td><td>909\/25 &#8211; Tribunal Pleno<\/td><\/tr><tr><td><strong>Assunto<\/strong>:<\/td><td>Homologa\u00e7\u00e3o de Recomenda\u00e7\u00f5es<\/td><\/tr><tr><td><strong>Entidade:<\/strong><\/td><td>Caixa de Assist\u00eancia e Previd\u00eancia dos Servidores do Munic\u00edpio de Inaj\u00e1<\/td><\/tr><tr><td><strong>Relator<\/strong>:<\/td><td>Conselheiro Ivens Zschoerper Linhares<\/td><\/tr><\/tbody><\/table><\/figure><figure class=\"wp-block-table\"><table class=\"has-fixed-layout\"><tbody><tr><td><strong>Processo n\u00ba<\/strong>:<\/td><td>69051\/25<\/td><\/tr><tr><td><strong>Ac\u00f3rd\u00e3o n\u00ba:<\/strong><\/td><td>1027\/25 &#8211; Tribunal Pleno<\/td><\/tr><tr><td><strong>Assunto<\/strong>:<\/td><td>Homologa\u00e7\u00e3o de Recomenda\u00e7\u00f5es<\/td><\/tr><tr><td><strong>Entidade:<\/strong><\/td><td>Munic\u00edpio de Jataizinho<\/td><\/tr><tr><td><strong>Relator<\/strong>:<\/td><td>Conselheiro Ivens Zschoerper Linhares<\/td><\/tr><tr><td><strong>Relator<\/strong>:<\/td><td>&nbsp;<\/td><\/tr><\/tbody><\/table><\/figure><figure class=\"wp-block-table\"><table class=\"has-fixed-layout\"><tbody><tr><td><strong>Processo n\u00ba<\/strong>:<\/td><td>64300\/25<\/td><\/tr><tr><td><strong>Ac\u00f3rd\u00e3o n\u00ba:<\/strong><\/td><td>793\/25 &#8211; Tribunal Pleno<\/td><\/tr><tr><td><strong>Assunto<\/strong>:<\/td><td>Homologa\u00e7\u00e3o de Recomenda\u00e7\u00f5es<\/td><\/tr><tr><td><strong>Entidade:<\/strong><\/td><td>Instituto de Previd\u00eancia dos Servidores P\u00fablicos Municipais de Jataizinho<\/td><\/tr><tr><td><strong>Relator<\/strong>:<\/td><td>Conselheiro Ivens Zschoerper Linhares<\/td><\/tr><\/tbody><\/table><\/figure><figure class=\"wp-block-table\"><table class=\"has-fixed-layout\"><tbody><tr><td><strong>Processo n\u00ba<\/strong>:<\/td><td>64378\/25<\/td><\/tr><tr><td><strong>Ac\u00f3rd\u00e3o n\u00ba:<\/strong><\/td><td>794\/25 &#8211; Tribunal Pleno<\/td><\/tr><tr><td><strong>Assunto<\/strong>:<\/td><td>Homologa\u00e7\u00e3o de Recomenda\u00e7\u00f5es<\/td><\/tr><tr><td><strong>Entidade:<\/strong><\/td><td>Fundo de Previd\u00eancia dos Servidores P\u00fablicos do Munic\u00edpio de Laranjal<\/td><\/tr><tr><td><strong>Relator<\/strong>:<\/td><td>Conselheiro Ivens Zschoerper Linhares<\/td><\/tr><\/tbody><\/table><\/figure><figure class=\"wp-block-table\"><table class=\"has-fixed-layout\"><tbody><tr><td><strong>Processo n\u00ba<\/strong>:<\/td><td>69299\/25<\/td><\/tr><tr><td><strong>Ac\u00f3rd\u00e3o n\u00ba:<\/strong><\/td><td>1028\/25 &#8211; Tribunal Pleno<\/td><\/tr><tr><td><strong>Assunto<\/strong>:<\/td><td>Homologa\u00e7\u00e3o de Recomenda\u00e7\u00f5es<\/td><\/tr><tr><td><strong>Entidade:<\/strong><\/td><td>Munic\u00edpio de Lobato<\/td><\/tr><tr><td><strong>Relator:<\/strong><\/td><td>Conselheiro Ivens Zschoerper Linhares<\/td><\/tr><\/tbody><\/table><\/figure><figure class=\"wp-block-table\"><table class=\"has-fixed-layout\"><tbody><tr><td><strong>Processo n\u00ba<\/strong>:<\/td><td>80276\/25<\/td><\/tr><tr><td><strong>Ac\u00f3rd\u00e3o n\u00ba:<\/strong><\/td><td>919\/25 &#8211; Tribunal Pleno<\/td><\/tr><tr><td><strong>Assunto<\/strong>:<\/td><td>Homologa\u00e7\u00e3o de Recomenda\u00e7\u00f5es<\/td><\/tr><tr><td><strong>Entidade:<\/strong><\/td><td>Instituto de Seguridade Social do Munic\u00edpio de Lobato<\/td><\/tr><tr><td><strong>Relator:<\/strong><\/td><td>Conselheiro Ivens Zschoerper Linhares<\/td><\/tr><\/tbody><\/table><\/figure><figure class=\"wp-block-table\"><table class=\"has-fixed-layout\"><tbody><tr><td><strong>Processo n\u00ba<\/strong>:<\/td><td>69124\/25<\/td><\/tr><tr><td><strong>Ac\u00f3rd\u00e3o n\u00ba:<\/strong><\/td><td>913\/25 &#8211; Tribunal Pleno<\/td><\/tr><tr><td><strong>Assunto<\/strong>:<\/td><td>Homologa\u00e7\u00e3o de Recomenda\u00e7\u00f5es<\/td><\/tr><tr><td><strong>Entidade:<\/strong><\/td><td>Munic\u00edpio de Mandagua\u00e7u<\/td><\/tr><tr><td><strong>Relator<\/strong>:<\/td><td>Conselheiro Ivens Zschoerper Linhares<\/td><\/tr><\/tbody><\/table><\/figure><figure class=\"wp-block-table\"><table class=\"has-fixed-layout\"><tbody><tr><td><strong>Processo n\u00ba<\/strong>:<\/td><td>69442\/25<\/td><\/tr><tr><td><strong>Ac\u00f3rd\u00e3o n\u00ba:<\/strong><\/td><td>799\/25 &#8211; Tribunal Pleno<\/td><\/tr><tr><td><strong>Assunto<\/strong>:<\/td><td>Homologa\u00e7\u00e3o de Recomenda\u00e7\u00f5es<\/td><\/tr><tr><td><strong>Entidade:<\/strong><\/td><td>Fundo de Previd\u00eancia dos Servidores de Mandagua\u00e7u<\/td><\/tr><tr><td><strong>Relator<\/strong>:<\/td><td>Conselheiro Ivens Zschoerper Linhares<\/td><\/tr><\/tbody><\/table><\/figure><figure class=\"wp-block-table\"><table class=\"has-fixed-layout\"><tbody><tr><td><strong>Processo n\u00ba<\/strong>:<\/td><td>69388\/25<\/td><\/tr><tr><td><strong>Ac\u00f3rd\u00e3o n\u00ba:<\/strong><\/td><td>798\/25 &#8211; Tribunal Pleno<\/td><\/tr><tr><td><strong>Assunto<\/strong>:<\/td><td>Homologa\u00e7\u00e3o de Recomenda\u00e7\u00f5es<\/td><\/tr><tr><td><strong>Entidade:<\/strong><\/td><td>Munic\u00edpio de Peabiru<\/td><\/tr><tr><td><strong>Relator<\/strong>:<\/td><td>Conselheiro Ivens Zschoerper Linhares<\/td><\/tr><\/tbody><\/table><\/figure><figure class=\"wp-block-table\"><table class=\"has-fixed-layout\"><tbody><tr><td><strong>Processo n\u00ba<\/strong>:<\/td><td>64513\/25<\/td><\/tr><tr><td><strong>Ac\u00f3rd\u00e3o n\u00ba:<\/strong><\/td><td>795\/25 &#8211; Tribunal Pleno<\/td><\/tr><tr><td><strong>Assunto<\/strong>:<\/td><td>Homologa\u00e7\u00e3o de Recomenda\u00e7\u00f5es<\/td><\/tr><tr><td><strong>Entidade:<\/strong><\/td><td>Fundo de Previd\u00eancia do Munic\u00edpio de Peabiru<\/td><\/tr><tr><td><strong>Relator<\/strong>:<\/td><td>Conselheiro Ivens Zschoerper Linhares<\/td><\/tr><\/tbody><\/table><\/figure><figure class=\"wp-block-table\"><table class=\"has-fixed-layout\"><tbody><tr><td><strong>Processo n\u00ba<\/strong>:<\/td><td>69558\/25<\/td><\/tr><tr><td><strong>Ac\u00f3rd\u00e3o n\u00ba:<\/strong><\/td><td>917\/25 &#8211; Tribunal Pleno<\/td><\/tr><tr><td><strong>Assunto<\/strong>:<\/td><td>Homologa\u00e7\u00e3o de Recomenda\u00e7\u00f5es<\/td><\/tr><tr><td><strong>Entidade:<\/strong><\/td><td>Munic\u00edpio de Rio Bonito do Igua\u00e7u<\/td><\/tr><tr><td><strong>Relator<\/strong>:<\/td><td>Conselheiro Ivens Zschoerper Linhares<\/td><\/tr><\/tbody><\/table><\/figure><figure class=\"wp-block-table\"><table class=\"has-fixed-layout\"><tbody><tr><td><strong>Processo n\u00ba<\/strong>:<\/td><td>69515\/25<\/td><\/tr><tr><td><strong>Ac\u00f3rd\u00e3o n\u00ba:<\/strong><\/td><td>916\/25 &#8211; Tribunal Pleno<\/td><\/tr><tr><td><strong>Assunto<\/strong>:<\/td><td>Homologa\u00e7\u00e3o de Recomenda\u00e7\u00f5es<\/td><\/tr><tr><td><strong>Entidade:<\/strong><\/td><td>Fundo de Previd\u00eancia de Rio Bonito do Igua\u00e7u<\/td><\/tr><tr><td><strong>Relator<\/strong>:<\/td><td>Conselheiro Ivens Zschoerper Linhares<\/td><\/tr><\/tbody><\/table><\/figure><figure class=\"wp-block-table\"><table class=\"has-fixed-layout\"><tbody><tr><td><strong>Processo n\u00ba<\/strong>:<\/td><td>69485\/25<\/td><\/tr><tr><td><strong>Ac\u00f3rd\u00e3o n\u00ba:<\/strong><\/td><td>915\/25 &#8211; Tribunal Pleno<\/td><\/tr><tr><td><strong>Assunto<\/strong>:<\/td><td>Homologa\u00e7\u00e3o de Recomenda\u00e7\u00f5es<\/td><\/tr><tr><td><strong>Entidade:<\/strong><\/td><td>Munic\u00edpio de S\u00e3o Jos\u00e9 dos Pinhais<\/td><\/tr><tr><td><strong>Relator<\/strong>:<\/td><td>Conselheiro Ivens Zschoerper Linhares<\/td><\/tr><\/tbody><\/table><\/figure><figure class=\"wp-block-table\"><table class=\"has-fixed-layout\"><tbody><tr><td><strong>Processo n\u00ba<\/strong>:<\/td><td>69370\/25<\/td><\/tr><tr><td><strong>Ac\u00f3rd\u00e3o n\u00ba:<\/strong><\/td><td>914\/25 &#8211; Tribunal Pleno<\/td><\/tr><tr><td><strong>Assunto<\/strong>:<\/td><td>Homologa\u00e7\u00e3o de Recomenda\u00e7\u00f5es<\/td><\/tr><tr><td><strong>Entidade:<\/strong><\/td><td>Autarquia de Previd\u00eancia Social dos Servidores P\u00fablicos do Munic\u00edpio de S\u00e3o Jos\u00e9 dos Pinhais<\/td><\/tr><tr><td><strong>Relator<\/strong>:<\/td><td>Conselheiro Ivens Zschoerper Linhares<\/td><\/tr><\/tbody><\/table><\/figure><p><strong>Fonte:&nbsp;TCE\/PR<\/strong><\/p>\n    <div class=\"xs_social_share_widget xs_share_url after_content \t\tmain_content  wslu-style-1 wslu-share-box-shaped wslu-fill-colored wslu-none wslu-share-horizontal wslu-theme-font-no wslu-main_content\">\n\n\t\t\n        <ul>\n\t\t\t        <\/ul>\n    <\/div> \n","protected":false},"excerpt":{"rendered":"<p>O Tribunal de Contas do Estado (TCE-PR) emitiu recomenda\u00e7\u00f5es a 11 munic\u00edpios paranaenses e aos seus respectivos regimes pr\u00f3prios de previd\u00eancia social (RPPS) para orient\u00e1-los no aprimoramento da gest\u00e3o previdenci\u00e1ria, com o objetivo de promover a solv\u00eancia fiscal de longo prazo desses sistemas previdenci\u00e1rios. Os munic\u00edpios que receberam recomenda\u00e7\u00f5es s\u00e3o Alt\u00f4nia, Amapor\u00e3, Colorado, Inaj\u00e1, Jataizinho, Laranjal, Lobato, Mandagua\u00e7u, Peabiru, Rio Bonito do Igua\u00e7u e S\u00e3o Jos\u00e9 dos Pinhais.<\/p>\n","protected":false},"author":5,"featured_media":0,"comment_status":"open","ping_status":"open","sticky":false,"template":"","format":"standard","meta":{"postBodyCss":"","postBodyMargin":[],"postBodyPadding":[],"postBodyBackground":{"backgroundType":"classic","gradient":""},"_price":"","_stock":"","_tribe_ticket_header":"","_tribe_default_ticket_provider":"","_tribe_ticket_capacity":"0","_ticket_start_date":"","_ticket_end_date":"","_tribe_ticket_show_description":"","_tribe_ticket_show_not_going":false,"_tribe_ticket_use_global_stock":"","_tribe_ticket_global_stock_level":"","_global_stock_mode":"","_global_stock_cap":"","_tribe_rsvp_for_event":"","_tribe_ticket_going_count":"","_tribe_ticket_not_going_count":"","_tribe_tickets_list":"[]","_tribe_ticket_has_attendee_info_fields":false,"footnotes":""},"categories":[46],"tags":[6675,10913,399,4606,3318,8060,4567,10915,10912,10914,354,451,356],"class_list":["post-11727","post","type-post","status-publish","format-standard","hentry","category-noticias","tag-gestao-previdenciaria","tag-longo-prazo","tag-municipios","tag-previdencia","tag-recomendacoes","tag-regimes-proprios-de-previdencia-social","tag-rpps","tag-sistemas-previdenciarios","tag-solvencia","tag-solvencia-fiscal","tag-tce-pr","tag-tribunal-de-contas","tag-tribunal-de-contas-do-estado-do-parana"],"acf":[],"_links":{"self":[{"href":"https:\/\/sgpsolucoes.com.br\/site\/wp-json\/wp\/v2\/posts\/11727"}],"collection":[{"href":"https:\/\/sgpsolucoes.com.br\/site\/wp-json\/wp\/v2\/posts"}],"about":[{"href":"https:\/\/sgpsolucoes.com.br\/site\/wp-json\/wp\/v2\/types\/post"}],"author":[{"embeddable":true,"href":"https:\/\/sgpsolucoes.com.br\/site\/wp-json\/wp\/v2\/users\/5"}],"replies":[{"embeddable":true,"href":"https:\/\/sgpsolucoes.com.br\/site\/wp-json\/wp\/v2\/comments?post=11727"}],"version-history":[{"count":0,"href":"https:\/\/sgpsolucoes.com.br\/site\/wp-json\/wp\/v2\/posts\/11727\/revisions"}],"wp:attachment":[{"href":"https:\/\/sgpsolucoes.com.br\/site\/wp-json\/wp\/v2\/media?parent=11727"}],"wp:term":[{"taxonomy":"category","embeddable":true,"href":"https:\/\/sgpsolucoes.com.br\/site\/wp-json\/wp\/v2\/categories?post=11727"},{"taxonomy":"post_tag","embeddable":true,"href":"https:\/\/sgpsolucoes.com.br\/site\/wp-json\/wp\/v2\/tags?post=11727"}],"curies":[{"name":"wp","href":"https:\/\/api.w.org\/{rel}","templated":true}]}}