{"id":11808,"date":"2025-06-06T13:17:25","date_gmt":"2025-06-06T16:17:25","guid":{"rendered":"https:\/\/sgpsolucoes.com.br\/site\/?p=11808"},"modified":"2025-06-06T13:17:26","modified_gmt":"2025-06-06T16:17:26","slug":"informativo-do-stj-destaca-que-estelionato-sentimental-configura-ato-ilicito-que-gera-direito-a-indenizacao","status":"publish","type":"post","link":"https:\/\/sgpsolucoes.com.br\/site\/informativo-do-stj-destaca-que-estelionato-sentimental-configura-ato-ilicito-que-gera-direito-a-indenizacao\/","title":{"rendered":"Informativo do STJ destaca que estelionato sentimental configura ato il\u00edcito que gera direito \u00e0 indeniza\u00e7\u00e3o"},"content":{"rendered":"<p>\u200bA\u00a0Secretaria de Jurisprud\u00eancia do Superior Tribunal de Justi\u00e7a (STJ) divulgou a\u00a0<a href=\"https:\/\/processo.stj.jus.br\/SCON\/GetPDFINFJ?edicao=0852\">edi\u00e7\u00e3o 852 do Informativo de Jurisprud\u00eancia<\/a>. A equipe de publica\u00e7\u00e3o destacou dois julgamentos nesta edi\u00e7\u00e3o.\u00a0<\/p><p>No primeiro processo em destaque, a Quarta Turma, por unanimidade, decidiu que o estelionato sentimental configura ato il\u00edcito que gera o direito \u00e0 indeniza\u00e7\u00e3o a t\u00edtulo de danos morais e de danos materiais pelas despesas extraordin\u00e1rias decorrentes do relacionamento. A tese foi fixada no&nbsp;REsp&nbsp;2.208.310, de relatoria da ministra Isabel Gallotti.&nbsp;<\/p><p>Em outro julgado mencionado na edi\u00e7\u00e3o, a Quinta Turma, por unanimidade, definiu que o assistente de acusa\u00e7\u00e3o n\u00e3o tem&nbsp;legitimidade&nbsp;para interpor recurso visando \u00e0 condena\u00e7\u00e3o do r\u00e9u por delito diverso daquele imputado pelo Minist\u00e9rio P\u00fablico na&nbsp;den\u00fancia. O&nbsp;AgRg&nbsp;no&nbsp;REsp&nbsp;2.194.523 teve como relator o ministro Ribeiro Dantas.<\/p><h2 class=\"wp-block-heading\">Conhe\u00e7a o informativo<\/h2><p>O&nbsp;<a href=\"https:\/\/processo.stj.jus.br\/jurisprudencia\/externo\/informativo\/\">Informativo de Jurisprud\u00eancia<\/a>&nbsp;divulga periodicamente notas sobre teses de relev\u00e2ncia firmadas nos julgamentos do STJ, selecionadas pela repercuss\u00e3o no meio jur\u00eddico e pela novidade no \u00e2mbito do tribunal.<\/p><p>Para visualizar as novas edi\u00e7\u00f5es, acesse Jurisprud\u00eancia &gt; Informativo de Jurisprud\u00eancia, a partir do&nbsp;<em>menu<\/em>&nbsp;no alto da p\u00e1gina. A pesquisa de informativos anteriores pode ser feita pelo n\u00famero da edi\u00e7\u00e3o ou pelo ramo do direito.<\/p><p><strong>Fonte: STJ<\/strong><\/p>\n    <div class=\"xs_social_share_widget xs_share_url after_content \t\tmain_content  wslu-style-1 wslu-share-box-shaped wslu-fill-colored wslu-none wslu-share-horizontal wslu-theme-font-no wslu-main_content\">\n\n\t\t\n        <ul>\n\t\t\t        <\/ul>\n    <\/div> \n","protected":false},"excerpt":{"rendered":"<p>\u200bA\u00a0Secretaria de Jurisprud\u00eancia do Superior Tribunal de Justi\u00e7a (STJ) divulgou a\u00a0edi\u00e7\u00e3o 852 do Informativo de Jurisprud\u00eancia. A equipe de publica\u00e7\u00e3o destacou dois julgamentos nesta edi\u00e7\u00e3o.\u00a0<\/p>\n","protected":false},"author":5,"featured_media":0,"comment_status":"open","ping_status":"open","sticky":false,"template":"","format":"standard","meta":{"postBodyCss":"","postBodyMargin":[],"postBodyPadding":[],"postBodyBackground":{"backgroundType":"classic","gradient":""},"_price":"","_stock":"","_tribe_ticket_header":"","_tribe_default_ticket_provider":"","_tribe_ticket_capacity":"0","_ticket_start_date":"","_ticket_end_date":"","_tribe_ticket_show_description":"","_tribe_ticket_show_not_going":false,"_tribe_ticket_use_global_stock":"","_tribe_ticket_global_stock_level":"","_global_stock_mode":"","_global_stock_cap":"","_tribe_rsvp_for_event":"","_tribe_ticket_going_count":"","_tribe_ticket_not_going_count":"","_tribe_tickets_list":"[]","_tribe_ticket_has_attendee_info_fields":false,"footnotes":""},"categories":[46],"tags":[2074,10951,10952,10953,259,5626,445,6757,229,230],"class_list":["post-11808","post","type-post","status-publish","format-standard","hentry","category-noticias","tag-ato-ilicito","tag-direito-a-indenizacao-2","tag-edicao-852","tag-estelionato-sentimental","tag-informativo","tag-informativo-do-stj","tag-jurisprudencia","tag-secretaria-de-jurisprudencia","tag-stj","tag-superior-tribunal-de-justica"],"acf":[],"_links":{"self":[{"href":"https:\/\/sgpsolucoes.com.br\/site\/wp-json\/wp\/v2\/posts\/11808"}],"collection":[{"href":"https:\/\/sgpsolucoes.com.br\/site\/wp-json\/wp\/v2\/posts"}],"about":[{"href":"https:\/\/sgpsolucoes.com.br\/site\/wp-json\/wp\/v2\/types\/post"}],"author":[{"embeddable":true,"href":"https:\/\/sgpsolucoes.com.br\/site\/wp-json\/wp\/v2\/users\/5"}],"replies":[{"embeddable":true,"href":"https:\/\/sgpsolucoes.com.br\/site\/wp-json\/wp\/v2\/comments?post=11808"}],"version-history":[{"count":0,"href":"https:\/\/sgpsolucoes.com.br\/site\/wp-json\/wp\/v2\/posts\/11808\/revisions"}],"wp:attachment":[{"href":"https:\/\/sgpsolucoes.com.br\/site\/wp-json\/wp\/v2\/media?parent=11808"}],"wp:term":[{"taxonomy":"category","embeddable":true,"href":"https:\/\/sgpsolucoes.com.br\/site\/wp-json\/wp\/v2\/categories?post=11808"},{"taxonomy":"post_tag","embeddable":true,"href":"https:\/\/sgpsolucoes.com.br\/site\/wp-json\/wp\/v2\/tags?post=11808"}],"curies":[{"name":"wp","href":"https:\/\/api.w.org\/{rel}","templated":true}]}}