{"id":11811,"date":"2025-06-06T13:44:07","date_gmt":"2025-06-06T16:44:07","guid":{"rendered":"https:\/\/sgpsolucoes.com.br\/site\/?p=11811"},"modified":"2025-06-06T13:44:08","modified_gmt":"2025-06-06T16:44:08","slug":"taxa-administrativa-em-certame-de-auxilio-alimentacao-considera-vinculo-do-servidor","status":"publish","type":"post","link":"https:\/\/sgpsolucoes.com.br\/site\/taxa-administrativa-em-certame-de-auxilio-alimentacao-considera-vinculo-do-servidor\/","title":{"rendered":"Taxa administrativa em certame de aux\u00edlio-alimenta\u00e7\u00e3o considera v\u00ednculo do servidor"},"content":{"rendered":"<p>A contrata\u00e7\u00e3o de empresa especializada no fornecimento de cart\u00f5es de aux\u00edlio-alimenta\u00e7\u00e3o deve observar o v\u00ednculo dos futuros benefici\u00e1rios com o poder p\u00fablico para deliberar a fixa\u00e7\u00e3o, ou n\u00e3o, de taxas de administra\u00e7\u00e3o negativas. A orienta\u00e7\u00e3o \u00e9 do Tribunal de Contas do Estado do Paran\u00e1 (TCE-PR) ao julgar parcialmente procedente tr\u00eas Representa\u00e7\u00f5es da Lei de Licita\u00e7\u00f5es formuladas por empresas participantes do Preg\u00e3o Eletr\u00f4nico n\u00ba 291\/2023, lan\u00e7ado pelo Munic\u00edpio de Maring\u00e1 para contrata\u00e7\u00e3o de administradora de cart\u00f5es de aux\u00edlio-alimenta\u00e7\u00e3o a seus servidores.<\/p><p>Inicialmente, o relator das representa\u00e7\u00f5es, agrupadas em um \u00fanico processo, conselheiro Maur\u00edcio Requi\u00e3o, deferiu medida cautelar em novembro de 2023, determinando a suspens\u00e3o do certame. O valor m\u00e1ximo da contrata\u00e7\u00e3o chegaria a R$ 76 milh\u00f5es para um per\u00edodo de 12 meses.<\/p><p>As representantes &#8211; Verocheque Refei\u00e7\u00f5es Ltda., Rom Card Administradora de Cart\u00f5es Ltda., e UP Brasil Administra\u00e7\u00e3o e Servi\u00e7os Ltda. &#8211; se insurgiram contra trechos do edital de preg\u00e3o presencial que previam, dentre outras disposi\u00e7\u00f5es, a possibilidade de oferta de taxa negativa pelas administradoras; a exig\u00eancia de cart\u00f5es com tecnologia&nbsp;<em>contactless&nbsp;<\/em>(de pagamento por aproxima\u00e7\u00e3o, sem a necessidade de inser\u00e7\u00e3o do dispositivo na m\u00e1quina); e prazo de cinco dias, ap\u00f3s a homologa\u00e7\u00e3o da licita\u00e7\u00e3o, para a apresenta\u00e7\u00e3o da sua rede de &nbsp;estabelecimentos credenciados.<\/p><p>Em raz\u00e3o das representa\u00e7\u00f5es, o munic\u00edpio decidiu, por si, eliminar do edital a exig\u00eancia de tecnologia de pagamento por aproxima\u00e7\u00e3o<em>.<\/em>&nbsp;J\u00e1 o prazo para apresenta\u00e7\u00e3o de rede credenciada foi entendido pelo relator e pelas unidades t\u00e9cnicas como razo\u00e1vel, n\u00e3o vislumbrando irregularidade na exig\u00eancia.<\/p><p>A possibilidade de oferta de taxa negativa, no entanto, foi alvo de maior controv\u00e9rsia, visto que a mesma licita\u00e7\u00e3o contrataria o servi\u00e7o para servidores com v\u00ednculos jur\u00eddicos distintos com o Munic\u00edpio de Maring\u00e1. A depender deste v\u00ednculo, a taxa de administra\u00e7\u00e3o negativa n\u00e3o pode ser adotada.<\/p><p><strong>Prejulgado n\u00ba 34<\/strong><\/p><p>Para o relator, n\u00e3o \u00e9 poss\u00edvel aplicar taxa negativa em contrata\u00e7\u00f5es do benef\u00edcio de aux\u00edlio-alimenta\u00e7\u00e3o destinadas a servidores contratados por meio Consolida\u00e7\u00e3o das Leis do Trabalho (CLT), o Decreto-Lei n\u00ba 5.452\/1943, em raz\u00e3o do disposto no artigo 3\u00ba, incisos I e III, da Lei Federal n\u00ba 14.442\/2022, que trata do pagamento de aux\u00edlio-alimenta\u00e7\u00e3o aos trabalhadores regidos pela CLT. Aquele trecho da lei pro\u00edbe qualquer tipo de des\u00e1gio ou desconto no valor contratado entre empresas e administradoras.<\/p><p>O conselheiro Requi\u00e3o citou o&nbsp;<a href=\"https:\/\/www1.tce.pr.gov.br\/conteudo\/prejulgado-n%C2%BA-34\/354349\/area\/242\">Prejulgado n\u00ba 34 do TCE-PR<\/a>, que trata da distin\u00e7\u00e3o entre o regime celetista e estatut\u00e1rio para a proibi\u00e7\u00e3o de aplica\u00e7\u00e3o da taxa negativa nessas licita\u00e7\u00f5es. &#8220;A proibi\u00e7\u00e3o estabelecida no artigo 3\u00b0, I e III, da Lei Federal n\u00b0 14.442\/22 aplica-se apenas aos \u00f3rg\u00e3os e entidades da administra\u00e7\u00e3o p\u00fablica cujo quadro de pessoal seja formado por empregados p\u00fablicos, submetidos ao regime celetista, ficando vedada, por conseguinte, nesses casos, a aceita\u00e7\u00e3o de taxas de administra\u00e7\u00e3o negativas em licita\u00e7\u00f5es para a contrata\u00e7\u00e3o de pessoas jur\u00eddicas para o gerenciamento e fornecimento de aux\u00edlio-alimenta\u00e7\u00e3o por meio de cart\u00f5es ou instrumentos cong\u00eaneres&#8221;, estabelece o prejulgado.<\/p><p>O documento jurisprudencial ressalva, por consequ\u00eancia, que \u00e9 admiss\u00edvel a aplica\u00e7\u00e3o da taxa negativa em licita\u00e7\u00f5es para o mesmo servi\u00e7o no qual os benefici\u00e1rios sejam servidores estatut\u00e1rios, n\u00e3o aplicando-se a proibi\u00e7\u00e3o contida na lei federal. &#8220;Quanto aos demais entes da administra\u00e7\u00e3o p\u00fablica que concedem o aux\u00edlio-alimenta\u00e7\u00e3o ou benef\u00edcio de nomenclatura similar com base em previs\u00e3o estatut\u00e1ria, n\u00e3o se aplica a restri\u00e7\u00e3o do artigo 3\u00b0, I e III, da Lei n\u00b0 14.442\/22, admitindo-se a taxa de administra\u00e7\u00e3o negativa nas respectivas licita\u00e7\u00f5es para este objeto.&#8221;<\/p><p>&#8220;Assim, entendo que as representa\u00e7\u00f5es s\u00e3o procedentes nesse sentido, devendo o instrumento convocat\u00f3rio ser retificado na parte da contrata\u00e7\u00e3o que visa atender os servidores regidos pela CLT, no sentido de que seja vedada a apresenta\u00e7\u00e3o de taxas negativas&#8221;, afirmou Requi\u00e3o. Segundo o relator, em 1\u00ba de abril passado o Munic\u00edpio de Maring\u00e1 lan\u00e7ou novo preg\u00e3o eletr\u00f4nico para contratar o servi\u00e7o destinado aos servidores regidos pela CLT de acordo com o Prejulgado n\u00ba 34.<\/p><p>O voto do relator, por fim, recomendou em sua parte dispositiva que o Munic\u00edpio de Maring\u00e1 &#8220;observe as orienta\u00e7\u00f5es contidas no Prejulgado n\u00ba 34 desta Corte de Contas, nas contrata\u00e7\u00f5es para o gerenciamento e fornecimento de aux\u00edlio-alimenta\u00e7\u00e3o por meio de cart\u00f5es ou instrumentos cong\u00eaneres&#8221;.<\/p><p>O voto do relator foi aprovado por unanimidade pelos membros do Tribunal Pleno do TCE-PR, na Sess\u00e3o de Plen\u00e1rio Virtual n\u00ba 7\/24, conclu\u00edda no dia 24 de abril. O Ac\u00f3rd\u00e3o n\u00ba 940\/25 foi publicado em 5 de maio, na&nbsp;<a href=\"https:\/\/www1.tce.pr.gov.br\/conteudo\/diario-eletronico-3434-2025-de-05-de-maio-de-2025\/362279\/area\/10\">edi\u00e7\u00e3o n\u00aa 3.434 do Di\u00e1rio Eletr\u00f4nico do TCE-PR<\/a>. N\u00e3o houve recurso e o processo transitou em julgado em 28 de maio.<\/p><p><strong><u>Servi\u00e7o<\/u><\/strong><\/p><figure class=\"wp-block-table\"><table class=\"has-fixed-layout\"><tbody><tr><td><strong>Processo<\/strong>&nbsp;<strong>n\u00ba<\/strong>:<\/td><td>718811\/23<\/td><\/tr><tr><td><strong>Ac\u00f3rd\u00e3o n\u00ba:<\/strong><\/td><td>940\/25 &#8211; Tribunal Pleno<\/td><\/tr><tr><td><strong>Assunto<\/strong>:<\/td><td>Representa\u00e7\u00e3o da Lei de Licita\u00e7\u00f5es<\/td><\/tr><tr><td><strong>Entidade<\/strong>:<\/td><td>Munic\u00edpio de Maring\u00e1<\/td><\/tr><tr><td><strong>Interessados:<\/strong><\/td><td>Bruna Barbosa Barroca, Cinthia Soares Amboni, Juliane Aparecida Kerkhoff, Maria da Penha Marques Sapata, Ricardo Luiz dos Santos, Rom Card &#8211; Administradora de Cart\u00f5es Ltda., Ulisses de Jesus Maia Kotsifas, Verocheque Refei\u00e7\u00f5es Ltda.<\/td><\/tr><tr><td><strong>Relator<\/strong>:<\/td><td>Conselheiro Maur\u00edcio Requi\u00e3o de Mello e Silva<\/td><\/tr><\/tbody><\/table><\/figure><p><strong>Fonte:&nbsp;TCE\/PR<\/strong><\/p>\n    <div class=\"xs_social_share_widget xs_share_url after_content \t\tmain_content  wslu-style-1 wslu-share-box-shaped wslu-fill-colored wslu-none wslu-share-horizontal wslu-theme-font-no wslu-main_content\">\n\n\t\t\n        <ul>\n\t\t\t        <\/ul>\n    <\/div> \n","protected":false},"excerpt":{"rendered":"<p>A contrata\u00e7\u00e3o de empresa especializada no fornecimento de cart\u00f5es de aux\u00edlio-alimenta\u00e7\u00e3o deve observar o v\u00ednculo dos futuros benefici\u00e1rios com o poder p\u00fablico para deliberar a fixa\u00e7\u00e3o, ou n\u00e3o, de taxas de administra\u00e7\u00e3o negativas. A orienta\u00e7\u00e3o \u00e9 do Tribunal de Contas do Estado do Paran\u00e1 (TCE-PR) ao julgar parcialmente procedente tr\u00eas Representa\u00e7\u00f5es da Lei de Licita\u00e7\u00f5es formuladas por empresas participantes do Preg\u00e3o Eletr\u00f4nico n\u00ba 291\/2023, lan\u00e7ado pelo Munic\u00edpio de Maring\u00e1 para contrata\u00e7\u00e3o de administradora de cart\u00f5es de aux\u00edlio-alimenta\u00e7\u00e3o a seus servidores.<\/p>\n","protected":false},"author":5,"featured_media":0,"comment_status":"open","ping_status":"open","sticky":false,"template":"","format":"standard","meta":{"postBodyCss":"","postBodyMargin":[],"postBodyPadding":[],"postBodyBackground":{"backgroundType":"classic","gradient":""},"_price":"","_stock":"","_tribe_ticket_header":"","_tribe_default_ticket_provider":"","_tribe_ticket_capacity":"0","_ticket_start_date":"","_ticket_end_date":"","_tribe_ticket_show_description":"","_tribe_ticket_show_not_going":false,"_tribe_ticket_use_global_stock":"","_tribe_ticket_global_stock_level":"","_global_stock_mode":"","_global_stock_cap":"","_tribe_rsvp_for_event":"","_tribe_ticket_going_count":"","_tribe_ticket_not_going_count":"","_tribe_tickets_list":"[]","_tribe_ticket_has_attendee_info_fields":false,"footnotes":""},"categories":[46],"tags":[10958,2157,9678,781,10917,10955,218,3763,1472,499,10957,1344,10954,2709,354,356,6191,10956],"class_list":["post-11811","post","type-post","status-publish","format-standard","hentry","category-noticias","tag-administradora-de-cartoes-de-auxilio-alimentacao","tag-auxilio-alimentacao-2","tag-beneficiarios","tag-certame","tag-contratacao-de-empresa","tag-fornecimento-de-cartoes-de-auxilio-alimentacao","tag-lei-de-licitacoes","tag-municipio-de-maringa","tag-poder-publico","tag-pregao-eletronico","tag-representacoes","tag-servidores","tag-taxa-administrativa","tag-taxas-de-administracao-negativas","tag-tce-pr","tag-tribunal-de-contas-do-estado-do-parana","tag-vinculo","tag-vinculo-do-servidor"],"acf":[],"_links":{"self":[{"href":"https:\/\/sgpsolucoes.com.br\/site\/wp-json\/wp\/v2\/posts\/11811"}],"collection":[{"href":"https:\/\/sgpsolucoes.com.br\/site\/wp-json\/wp\/v2\/posts"}],"about":[{"href":"https:\/\/sgpsolucoes.com.br\/site\/wp-json\/wp\/v2\/types\/post"}],"author":[{"embeddable":true,"href":"https:\/\/sgpsolucoes.com.br\/site\/wp-json\/wp\/v2\/users\/5"}],"replies":[{"embeddable":true,"href":"https:\/\/sgpsolucoes.com.br\/site\/wp-json\/wp\/v2\/comments?post=11811"}],"version-history":[{"count":0,"href":"https:\/\/sgpsolucoes.com.br\/site\/wp-json\/wp\/v2\/posts\/11811\/revisions"}],"wp:attachment":[{"href":"https:\/\/sgpsolucoes.com.br\/site\/wp-json\/wp\/v2\/media?parent=11811"}],"wp:term":[{"taxonomy":"category","embeddable":true,"href":"https:\/\/sgpsolucoes.com.br\/site\/wp-json\/wp\/v2\/categories?post=11811"},{"taxonomy":"post_tag","embeddable":true,"href":"https:\/\/sgpsolucoes.com.br\/site\/wp-json\/wp\/v2\/tags?post=11811"}],"curies":[{"name":"wp","href":"https:\/\/api.w.org\/{rel}","templated":true}]}}