{"id":11832,"date":"2025-06-06T15:01:27","date_gmt":"2025-06-06T18:01:27","guid":{"rendered":"https:\/\/sgpsolucoes.com.br\/site\/?p=11832"},"modified":"2025-06-06T15:01:28","modified_gmt":"2025-06-06T18:01:28","slug":"cabe-a-administracao-publica-decidir-sobre-a-conversao-da-multa-por-desmatamento-ilegal-em-servicos-de-preservacao-ambiental","status":"publish","type":"post","link":"https:\/\/sgpsolucoes.com.br\/site\/cabe-a-administracao-publica-decidir-sobre-a-conversao-da-multa-por-desmatamento-ilegal-em-servicos-de-preservacao-ambiental\/","title":{"rendered":"Cabe \u00e0 administra\u00e7\u00e3o p\u00fablica decidir sobre a convers\u00e3o da multa por desmatamento ilegal em servi\u00e7os de preserva\u00e7\u00e3o ambiental"},"content":{"rendered":"<p>A 12\u00aa Turma do Tribunal Regional Federal da 1\u00aa Regi\u00e3o (TRF1) manteve a multa aplicada pelo Instituto Brasileiro do Meio Ambiente e dos Recursos Naturais Renov\u00e1veis (Ibama) a um homem acusado de desmatar 378 hectares de mata nativa sem a devida autoriza\u00e7\u00e3o do \u00f3rg\u00e3o competente.<\/p><p>Na 1\u00aa inst\u00e2ncia, o Ju\u00edzo Federal da 3\u00aa Vara da Se\u00e7\u00e3o Judici\u00e1ria de Mato Grosso (SJMT), a pedido do autor, converteu a multa em servi\u00e7os de preserva\u00e7\u00e3o, melhorias e recupera\u00e7\u00e3o da qualidade do meio ambiente nos termos do art. 72, \u00a7 4\u00b0 da Lei n\u00b0. 9.605\/1998.<\/p><p>Em seu recurso ao Tribunal, o Ibama sustentou que a convers\u00e3o da multa em servi\u00e7os \u00e9 uma faculdade da autoridade administrativa, assim como a possibilidade de redu\u00e7\u00e3o da penalidade.<\/p><p>O relator, desembargador federal Alexandre Jorge Fontes Laranjeira, ao analisar o caso, destacou que \u201ca convers\u00e3o da multa simples em servi\u00e7os decorre do poder discricion\u00e1rio da Administra\u00e7\u00e3o P\u00fablica, que avalia crit\u00e9rios de conveni\u00eancia e oportunidade de modo que essa convers\u00e3o constitui uma possibilidade, e n\u00e3o uma obriga\u00e7\u00e3o\u201d.<\/p><p>Para o magistrado, considerando a gravidade da infra\u00e7\u00e3o (desmatamento de 378 hectares de mata nativa), \u00e9 prudente manter a multa ambiental em raz\u00e3o do seu car\u00e1ter pedag\u00f3gico alinhado ao objetivo da legisla\u00e7\u00e3o ambiental.<\/p><p>A decis\u00e3o do Colegiado foi un\u00e2nime acompanhando o voto do relator.<\/p><p>Processo: 0009580-75.2008.4.01.3600<\/p><p>Data da decis\u00e3o: 12\/03\/2025<\/p><p><strong>Fonte: Tribunal Regional Federal da 1\u00aa Regi\u00e3o\u00a0<\/strong><\/p>\n    <div class=\"xs_social_share_widget xs_share_url after_content \t\tmain_content  wslu-style-1 wslu-share-box-shaped wslu-fill-colored wslu-none wslu-share-horizontal wslu-theme-font-no wslu-main_content\">\n\n\t\t\n        <ul>\n\t\t\t        <\/ul>\n    <\/div> \n","protected":false},"excerpt":{"rendered":"<p>A 12\u00aa Turma do Tribunal Regional Federal da 1\u00aa Regi\u00e3o (TRF1) manteve a multa aplicada pelo Instituto Brasileiro do Meio Ambiente e dos Recursos Naturais Renov\u00e1veis (Ibama) a um homem acusado de desmatar 378 hectares de mata nativa sem a devida autoriza\u00e7\u00e3o do \u00f3rg\u00e3o competente.<\/p>\n","protected":false},"author":5,"featured_media":0,"comment_status":"open","ping_status":"open","sticky":false,"template":"","format":"standard","meta":{"postBodyCss":"","postBodyMargin":[],"postBodyPadding":[],"postBodyBackground":{"backgroundType":"classic","gradient":""},"_price":"","_stock":"","_tribe_ticket_header":"","_tribe_default_ticket_provider":"","_tribe_ticket_capacity":"0","_ticket_start_date":"","_ticket_end_date":"","_tribe_ticket_show_description":"","_tribe_ticket_show_not_going":false,"_tribe_ticket_use_global_stock":"","_tribe_ticket_global_stock_level":"","_global_stock_mode":"","_global_stock_cap":"","_tribe_rsvp_for_event":"","_tribe_ticket_going_count":"","_tribe_ticket_not_going_count":"","_tribe_tickets_list":"[]","_tribe_ticket_has_attendee_info_fields":false,"footnotes":""},"categories":[46],"tags":[3468,129,3074,9477,3441,3442,10992,291,10991,10990,3463,3462],"class_list":["post-11832","post","type-post","status-publish","format-standard","hentry","category-noticias","tag-12a-turma","tag-administracao-publica","tag-autorizacao","tag-desmatamento-ilegal","tag-ibama","tag-instituto-brasileiro-do-meio-ambiente-e-dos-recursos-naturais-renovaveis","tag-mata-nativa","tag-multa","tag-orgao-competente","tag-servicos-de-preservacao-ambiental","tag-trf1","tag-tribunal-regional-federal-da-1a-regiao"],"acf":[],"_links":{"self":[{"href":"https:\/\/sgpsolucoes.com.br\/site\/wp-json\/wp\/v2\/posts\/11832"}],"collection":[{"href":"https:\/\/sgpsolucoes.com.br\/site\/wp-json\/wp\/v2\/posts"}],"about":[{"href":"https:\/\/sgpsolucoes.com.br\/site\/wp-json\/wp\/v2\/types\/post"}],"author":[{"embeddable":true,"href":"https:\/\/sgpsolucoes.com.br\/site\/wp-json\/wp\/v2\/users\/5"}],"replies":[{"embeddable":true,"href":"https:\/\/sgpsolucoes.com.br\/site\/wp-json\/wp\/v2\/comments?post=11832"}],"version-history":[{"count":0,"href":"https:\/\/sgpsolucoes.com.br\/site\/wp-json\/wp\/v2\/posts\/11832\/revisions"}],"wp:attachment":[{"href":"https:\/\/sgpsolucoes.com.br\/site\/wp-json\/wp\/v2\/media?parent=11832"}],"wp:term":[{"taxonomy":"category","embeddable":true,"href":"https:\/\/sgpsolucoes.com.br\/site\/wp-json\/wp\/v2\/categories?post=11832"},{"taxonomy":"post_tag","embeddable":true,"href":"https:\/\/sgpsolucoes.com.br\/site\/wp-json\/wp\/v2\/tags?post=11832"}],"curies":[{"name":"wp","href":"https:\/\/api.w.org\/{rel}","templated":true}]}}