{"id":11838,"date":"2025-06-06T15:14:04","date_gmt":"2025-06-06T18:14:04","guid":{"rendered":"https:\/\/sgpsolucoes.com.br\/site\/?p=11838"},"modified":"2025-06-06T15:14:05","modified_gmt":"2025-06-06T18:14:05","slug":"faculdade-devera-indenizar-aluna-por-atraso-excessivo-na-emissao-do-diploma","status":"publish","type":"post","link":"https:\/\/sgpsolucoes.com.br\/site\/faculdade-devera-indenizar-aluna-por-atraso-excessivo-na-emissao-do-diploma\/","title":{"rendered":"Faculdade dever\u00e1 indenizar aluna por atraso excessivo na emiss\u00e3o do diploma"},"content":{"rendered":"<p>A 2\u00aa Vara Federal de Pelotas (RS) condenou uma institui\u00e7\u00e3o de ensino a pagar danos morais a uma aluna por atraso na entrega do diploma de gradua\u00e7\u00e3o. A senten\u00e7a, do juiz Cristiano Bauer Sica Diniz, foi publicada em 28\/05.<\/p><p>A autora informou ter cursado Direito entre 2011 e 2017, sendo a cola\u00e7\u00e3o de grau realizada em abril de 2018. Relatou ter efetuado diversas tentativas de contato, inclusive presencialmente, a fim de obter o diploma, que at\u00e9 2021, quando ingressou com a a\u00e7\u00e3o na justi\u00e7a, n\u00e3o havia sido expedido. Argumentou ter perdido uma vaga de emprego em virtude da n\u00e3o apresenta\u00e7\u00e3o do diploma.<\/p><p>A Faculdade alegou, em sua defesa, n\u00e3o haver protocolo de requerimento do diploma, n\u00e3o sendo demonstrado que houve atraso na emiss\u00e3o do documento. Contudo, admitiu que a aluna participou da cerim\u00f4nia de cola\u00e7\u00e3o de grau, informando que ela n\u00e3o teria assinado a ata na ocasi\u00e3o.<\/p><p>Foi deferida antecipa\u00e7\u00e3o de tutela e, em outubro de 2021, a autora recebeu a informa\u00e7\u00e3o de que poderia retirar o diploma na sede da institui\u00e7\u00e3o.<\/p><p>O magistrado esclareceu que a Portaria 1095, publicada em 26\/10\/2018, instituiu o prazo de cento e vinte dias para que as institui\u00e7\u00f5es de ensino processem com a expedi\u00e7\u00e3o de diplomas, sendo prorrog\u00e1vel por igual per\u00edodo, mediante justificativa. Como a portaria foi publicada ap\u00f3s a cola\u00e7\u00e3o de grau da autora, e previa 180 dias para implementa\u00e7\u00e3o, ficou entendido que a Faculdade deveria observar o prazo a contar de abril de 2019.<\/p><p>Diante do excessivo atraso, de quase tr\u00eas anos, Diniz n\u00e3o acolheu a alega\u00e7\u00e3o da r\u00e9 de que a falta da assinatura na ata da cola\u00e7\u00e3o de grau teria impedido a emiss\u00e3o do documento: \u201cquem deveria orientar corretamente o aluno sobre os procedimentos necess\u00e1rios \u00e0 emiss\u00e3o do diploma \u00e9 a institui\u00e7\u00e3o de ensino. (&#8230;) a omiss\u00e3o \u00e9 ainda mais grave quando se verifica que durante mais de tr\u00eas anos ap\u00f3s a cola\u00e7\u00e3o de grau (&#8230;) a (Faculdade) n\u00e3o adotou qualquer provid\u00eancia no sentido de sanar a irregularidade. N\u00e3o \u00e9 admiss\u00edvel que a Institui\u00e7\u00e3o r\u00e9 n\u00e3o tenha percebido a referida falha e, mais que isso, n\u00e3o tenha adotado qualquer medida para regularizar a situa\u00e7\u00e3o, s\u00f3 o fazendo quando premido por uma decis\u00e3o judicial proferida mais de tr\u00eas anos ap\u00f3s a cola\u00e7\u00e3o de grau\u201d.<\/p><p>Foi reconhecida a responsabilidade civil da institui\u00e7\u00e3o de ensino pelos danos causados diante da falha e da omiss\u00e3o na presta\u00e7\u00e3o dos servi\u00e7os, sendo devida indeniza\u00e7\u00e3o por danos morais. N\u00e3o foi acolhida a alega\u00e7\u00e3o de danos materiais apresentada pela autora, tendo-se em vista que a rescis\u00e3o contratual do emprego ocorreu antes da efetiva\u00e7\u00e3o dos prazos estabelecidos pela portaria, n\u00e3o tendo rela\u00e7\u00e3o direta com a n\u00e3o apresenta\u00e7\u00e3o do diploma.<\/p><p>A Faculdade foi condenada a pagar R$ 20 mil a t\u00edtulo de danos morais. Cabe recurso ao Tribunal Regional Federal da 4\u00aa Regi\u00e3o.<\/p><p><strong>&nbsp;Fonte: TRF4<\/strong><\/p>\n    <div class=\"xs_social_share_widget xs_share_url after_content \t\tmain_content  wslu-style-1 wslu-share-box-shaped wslu-fill-colored wslu-none wslu-share-horizontal wslu-theme-font-no wslu-main_content\">\n\n\t\t\n        <ul>\n\t\t\t        <\/ul>\n    <\/div> \n","protected":false},"excerpt":{"rendered":"<p>A 2\u00aa Vara Federal de Pelotas (RS) condenou uma institui\u00e7\u00e3o de ensino a pagar danos morais a uma aluna por atraso na entrega do diploma de gradua\u00e7\u00e3o. A senten\u00e7a, do juiz Cristiano Bauer Sica Diniz, foi publicada em 28\/05.<\/p>\n","protected":false},"author":5,"featured_media":0,"comment_status":"open","ping_status":"open","sticky":false,"template":"","format":"standard","meta":{"postBodyCss":"","postBodyMargin":[],"postBodyPadding":[],"postBodyBackground":{"backgroundType":"classic","gradient":""},"_price":"","_stock":"","_tribe_ticket_header":"","_tribe_default_ticket_provider":"","_tribe_ticket_capacity":"0","_ticket_start_date":"","_ticket_end_date":"","_tribe_ticket_show_description":"","_tribe_ticket_show_not_going":false,"_tribe_ticket_use_global_stock":"","_tribe_ticket_global_stock_level":"","_global_stock_mode":"","_global_stock_cap":"","_tribe_rsvp_for_event":"","_tribe_ticket_going_count":"","_tribe_ticket_not_going_count":"","_tribe_tickets_list":"[]","_tribe_ticket_has_attendee_info_fields":false,"footnotes":""},"categories":[46],"tags":[6479,10996,10998,10997,3798,391,4776,10999,2348,3637,3638],"class_list":["post-11838","post","type-post","status-publish","format-standard","hentry","category-noticias","tag-2a-vara-federal-de-pelotas","tag-atraso-excessivo-na-emissao-do-diploma","tag-atraso-na-entrega-do-diploma-de-graduacao","tag-colacao-de-grau","tag-danos-morais","tag-direito","tag-faculdade","tag-indenizar-aluna","tag-instituicao-de-ensino","tag-trf4","tag-tribunal-regional-federal-da-4a-regiao"],"acf":[],"_links":{"self":[{"href":"https:\/\/sgpsolucoes.com.br\/site\/wp-json\/wp\/v2\/posts\/11838"}],"collection":[{"href":"https:\/\/sgpsolucoes.com.br\/site\/wp-json\/wp\/v2\/posts"}],"about":[{"href":"https:\/\/sgpsolucoes.com.br\/site\/wp-json\/wp\/v2\/types\/post"}],"author":[{"embeddable":true,"href":"https:\/\/sgpsolucoes.com.br\/site\/wp-json\/wp\/v2\/users\/5"}],"replies":[{"embeddable":true,"href":"https:\/\/sgpsolucoes.com.br\/site\/wp-json\/wp\/v2\/comments?post=11838"}],"version-history":[{"count":0,"href":"https:\/\/sgpsolucoes.com.br\/site\/wp-json\/wp\/v2\/posts\/11838\/revisions"}],"wp:attachment":[{"href":"https:\/\/sgpsolucoes.com.br\/site\/wp-json\/wp\/v2\/media?parent=11838"}],"wp:term":[{"taxonomy":"category","embeddable":true,"href":"https:\/\/sgpsolucoes.com.br\/site\/wp-json\/wp\/v2\/categories?post=11838"},{"taxonomy":"post_tag","embeddable":true,"href":"https:\/\/sgpsolucoes.com.br\/site\/wp-json\/wp\/v2\/tags?post=11838"}],"curies":[{"name":"wp","href":"https:\/\/api.w.org\/{rel}","templated":true}]}}