{"id":11851,"date":"2025-06-06T15:27:30","date_gmt":"2025-06-06T18:27:30","guid":{"rendered":"https:\/\/sgpsolucoes.com.br\/site\/?p=11851"},"modified":"2025-06-06T15:27:31","modified_gmt":"2025-06-06T18:27:31","slug":"improbidade-administrativa-ex-prefeito-de-mariana-pimentel-e-condenado-por-execucao-irregular-de-convenio-e-nao-prestacao-de-contas","status":"publish","type":"post","link":"https:\/\/sgpsolucoes.com.br\/site\/improbidade-administrativa-ex-prefeito-de-mariana-pimentel-e-condenado-por-execucao-irregular-de-convenio-e-nao-prestacao-de-contas\/","title":{"rendered":"Improbidade Administrativa: Ex-prefeito de Mariana Pimentel \u00e9 condenado por execu\u00e7\u00e3o irregular de conv\u00eanio e n\u00e3o presta\u00e7\u00e3o de contas"},"content":{"rendered":"<p>A 4\u00aa Vara Federal de Porto Alegre condenou um ex-prefeito do munic\u00edpio de Mariana Pimentel &nbsp;(RS) por atos de improbidade administrativa. A senten\u00e7a, publicada no dia 29\/5, \u00e9 do juiz Bruno Risch Fagundes de Oliveira.<\/p><p>O Minist\u00e9rio P\u00fablico Federal (MPF) ingressou com a a\u00e7\u00e3o contra o ex-gestor municipal narrando que, em 2011, ele deixou de prestar contas dos recursos recebidos por meio de conv\u00eanio com a Secretaria Especial de Pol\u00edtica para Mulheres, vinculada ao Minist\u00e9rio da Justi\u00e7a e Cidadania, para aplica\u00e7\u00e3o no projeto &#8220;Agricultoras Familiares na Luta pela Gera\u00e7\u00e3o de Trabalho e Renda e Inclus\u00e3o Social&#8221;. O valor de R$ 100 mil foi repassado em 2008.<\/p><p>Segundo o autor, o ent\u00e3o prefeito solicitou a prorroga\u00e7\u00e3o do contrato por tr\u00eas vezes, sendo negado na \u00faltima por falta de cumprimento na execu\u00e7\u00e3o do mesmo. Dessa forma, ele deveria ter apresentado a presta\u00e7\u00e3o de contas da verba, mas n\u00e3o o fez, o que levou a inclus\u00e3o do Munic\u00edpio no cadastro de inadimplentes no Sistema Integrado de Administra\u00e7\u00e3o Financeira do Governo Federal.<\/p><p>De acordo com o MPF, o Tribunal de Contas da Uni\u00e3o instaurou Tomada de Contas Especial, procedimento em que o prefeito se manteve inerte e que resultou no julgamento de irregularidades das contas. Tamb\u00e9m foi realizada&nbsp;investiga\u00e7\u00e3o policial apontando que o Munic\u00edpio transferiu os valores da conta vinculada do conv\u00eanio para tr\u00eas contas, sendo que duas delas sem vincula\u00e7\u00e3o espec\u00edfica e a outra possibilitava&nbsp;a transfer\u00eancia dos valores para outras contas.<\/p><p>Em sua defesa, o ex-gestor alegou que n\u00e3o liberou verbas p\u00fablicas em desconformidade com a lei, nem mesmo influiu para tal finalidade, justificando o sil\u00eancio em face das notifica\u00e7\u00f5es recebidas no fato de que enfrentava \u00e0 \u00e9poca diversos problemas de sa\u00fade. Afirmou que a Prefeitura de Mariana Pimentel det\u00e9m os documentos que fazem prova do alegado, inclusive relativos \u00e0 presta\u00e7\u00e3o de contas, mas n\u00e3o os fornece, tendo inclusive ajuizado a\u00e7\u00e3o de exibi\u00e7\u00e3o de documentos com tal finalidade.<\/p><p>Ao analisar o caso, o juiz concluiu que \u201co r\u00e9u agiu com ci\u00eancia da ilicitude de sua conduta e com a inten\u00e7\u00e3o espec\u00edfica de produzir os efeitos lesivos que se consumaram, nas modalidades preju\u00edzo ao er\u00e1rio e ato atentat\u00f3rio aos princ\u00edpios da Administra\u00e7\u00e3o P\u00fablica\u201d. Para ele, o \u201cque transparece da prova dos autos \u00e9 que houve o recebimento dos recursos federais e, logo na sequ\u00eancia, os valores foram desviados para contas estranhas ao conv\u00eanio; as sucessivas prorroga\u00e7\u00f5es solicitadas pelo Munic\u00edpio tiveram como objetivo apenas disfar\u00e7ar o desvio e ganhar tempo, pois os recursos j\u00e1 haviam sido destinados para outro fim desde antes do primeiro pedido de prorroga\u00e7\u00e3o\u201d.&nbsp;<\/p><p>O magistrado entendeu que a conjuga\u00e7\u00e3o das condutas revelou a atua\u00e7\u00e3o dolosa e consciente para a pr\u00e1tica de atos de improbidade administrativa. Ele julgou procedente a a\u00e7\u00e3o condenando o ex-prefeito ao ressarcimento integral do dano ao er\u00e1rio, no valor de R$ 100 mil, pagamento de multa equivalente a 50% do valor do dano e a perda da fun\u00e7\u00e3o p\u00fablica.<\/p><p>Tamb\u00e9m foi determinada a suspens\u00e3o dos direitos pol\u00edticos e a proibi\u00e7\u00e3o de contratar com o poder p\u00fablico ou receber benef\u00edcios ou incentivos fiscais ou credit\u00edcios pelo prazo de quatro anos. Cabe recurso ao Tribunal Regional Federal da 4\u00aa Regi\u00e3o.<\/p><p><strong>Fonte: TRF4<\/strong><\/p>\n    <div class=\"xs_social_share_widget xs_share_url after_content \t\tmain_content  wslu-style-1 wslu-share-box-shaped wslu-fill-colored wslu-none wslu-share-horizontal wslu-theme-font-no wslu-main_content\">\n\n\t\t\n        <ul>\n\t\t\t        <\/ul>\n    <\/div> \n","protected":false},"excerpt":{"rendered":"<p>A 4\u00aa Vara Federal de Porto Alegre condenou um ex-prefeito do munic\u00edpio de Mariana Pimentel \u00a0(RS) por atos de improbidade administrativa. A senten\u00e7a, publicada no dia 29\/5, \u00e9 do juiz Bruno Risch Fagundes de Oliveira.<\/p>\n","protected":false},"author":5,"featured_media":0,"comment_status":"open","ping_status":"open","sticky":false,"template":"","format":"standard","meta":{"postBodyCss":"","postBodyMargin":[],"postBodyPadding":[],"postBodyBackground":{"backgroundType":"classic","gradient":""},"_price":"","_stock":"","_tribe_ticket_header":"","_tribe_default_ticket_provider":"","_tribe_ticket_capacity":"0","_ticket_start_date":"","_ticket_end_date":"","_tribe_ticket_show_description":"","_tribe_ticket_show_not_going":false,"_tribe_ticket_use_global_stock":"","_tribe_ticket_global_stock_level":"","_global_stock_mode":"","_global_stock_cap":"","_tribe_rsvp_for_event":"","_tribe_ticket_going_count":"","_tribe_ticket_not_going_count":"","_tribe_tickets_list":"[]","_tribe_ticket_has_attendee_info_fields":false,"footnotes":""},"categories":[46],"tags":[11017,11023,4354,11022,494,11018,214,11019,4993,4992,11021,11020,3637,3638],"class_list":["post-11851","post","type-post","status-publish","format-standard","hentry","category-noticias","tag-4a-vara-federal-de-porto-alegre","tag-atos-de-improbidade-administrativa","tag-condenado","tag-ex-gestor-municipal","tag-ex-prefeito","tag-execucao-irregular-de-convenio","tag-improbidade-administrativa","tag-mariana-pimentel","tag-ministerio-publico-federal","tag-mpf","tag-municipio-de-mariana-pimentel","tag-nao-prestacao-de-contas","tag-trf4","tag-tribunal-regional-federal-da-4a-regiao"],"acf":[],"_links":{"self":[{"href":"https:\/\/sgpsolucoes.com.br\/site\/wp-json\/wp\/v2\/posts\/11851"}],"collection":[{"href":"https:\/\/sgpsolucoes.com.br\/site\/wp-json\/wp\/v2\/posts"}],"about":[{"href":"https:\/\/sgpsolucoes.com.br\/site\/wp-json\/wp\/v2\/types\/post"}],"author":[{"embeddable":true,"href":"https:\/\/sgpsolucoes.com.br\/site\/wp-json\/wp\/v2\/users\/5"}],"replies":[{"embeddable":true,"href":"https:\/\/sgpsolucoes.com.br\/site\/wp-json\/wp\/v2\/comments?post=11851"}],"version-history":[{"count":0,"href":"https:\/\/sgpsolucoes.com.br\/site\/wp-json\/wp\/v2\/posts\/11851\/revisions"}],"wp:attachment":[{"href":"https:\/\/sgpsolucoes.com.br\/site\/wp-json\/wp\/v2\/media?parent=11851"}],"wp:term":[{"taxonomy":"category","embeddable":true,"href":"https:\/\/sgpsolucoes.com.br\/site\/wp-json\/wp\/v2\/categories?post=11851"},{"taxonomy":"post_tag","embeddable":true,"href":"https:\/\/sgpsolucoes.com.br\/site\/wp-json\/wp\/v2\/tags?post=11851"}],"curies":[{"name":"wp","href":"https:\/\/api.w.org\/{rel}","templated":true}]}}