{"id":11864,"date":"2025-06-09T11:50:53","date_gmt":"2025-06-09T14:50:53","guid":{"rendered":"https:\/\/sgpsolucoes.com.br\/site\/?p=11864"},"modified":"2025-06-09T11:50:54","modified_gmt":"2025-06-09T14:50:54","slug":"em-revisao-de-repetitivo-stj-vai-analisar-responsabilidade-conjunta-entre-vendedor-e-comprador-por-divida-condominial","status":"publish","type":"post","link":"https:\/\/sgpsolucoes.com.br\/site\/em-revisao-de-repetitivo-stj-vai-analisar-responsabilidade-conjunta-entre-vendedor-e-comprador-por-divida-condominial\/","title":{"rendered":"Em revis\u00e3o de repetitivo, STJ vai analisar responsabilidade conjunta entre vendedor e comprador por d\u00edvida condominial"},"content":{"rendered":"<p>\u200bA&nbsp;Segunda Se\u00e7\u00e3o do Superior Tribunal de Justi\u00e7a (STJ) vai revisar o entendimento firmado no&nbsp;<a href=\"https:\/\/processo.stj.jus.br\/repetitivos\/temas_repetitivos\/pesquisa.jsp?novaConsulta=true&amp;tipo_pesquisa=T&amp;cod_tema_inicial=886&amp;cod_tema_final=886\">Tema Repetitivo 886<\/a>&nbsp;para &#8220;definir se h\u00e1&nbsp;legitimidade&nbsp;concorrente entre o promitente vendedor, titular do direito de propriedade, e o promitente comprador para figurar no polo passivo da a\u00e7\u00e3o de cobran\u00e7a de d\u00e9bitos condominiais posteriores \u00e0 imiss\u00e3o do comprador na posse, independentemente de haver ci\u00eancia inequ\u00edvoca da transa\u00e7\u00e3o pelo condom\u00ednio&#8221;.<\/p><p>Foram selecionados dois&nbsp;recursos especiais&nbsp;como representativos da controv\u00e9rsia: o&nbsp;REsp&nbsp;2.015.740 e o&nbsp;REsp&nbsp;2.100.395. A relatoria \u00e9 da ministra Isabel Gallotti.<\/p><p>O colegiado determinou a suspens\u00e3o do processamento dos&nbsp;recursos especiais&nbsp;e&nbsp;agravos em recurso especial&nbsp;em tr\u00e2mite nos tribunais de segundo grau ou no STJ e que tratem sobre quest\u00e3o id\u00eantica \u00e0 discutida no Tema 886.<\/p><p>Algumas entidades foram convidadas a atuarem como&nbsp;<em>amici curiae<\/em>&nbsp;no julgamento \u2013 elas poder\u00e3o oferecer manifesta\u00e7\u00f5es escritas sobre o tema&nbsp;repetitivo&nbsp;no prazo de 30 dias. No mesmo prazo, a ministra Isabel Gallotti facultou a outras entidades interessadas (e n\u00e3o listadas na decis\u00e3o de afeta\u00e7\u00e3o) a possibilidade de juntarem manifesta\u00e7\u00e3o nos autos.&nbsp;<\/p><p><strong>Natureza&nbsp;<\/strong><strong><em>propter rem<\/em><\/strong><strong>&nbsp;das quotas condominiais flexibiliza tese do&nbsp;repetitivo<\/strong><\/p><p>Segundo Isabel Gallotti, \u00e0 \u00e9poca do julgamento do Tema 886, o colegiado firmou o entendimento de que o promitente vendedor n\u00e3o possu\u00eda&nbsp;legitimidade&nbsp;passiva para responder pelos d\u00e9bitos condominiais nos casos em que o promitente comprador j\u00e1 estivesse na posse do im\u00f3vel e o condom\u00ednio j\u00e1 tivesse sido notificado sobre a transa\u00e7\u00e3o.<\/p><p>Contudo, a ministra ressaltou que, em julgamento recente da sua relatoria, a se\u00e7\u00e3o de direito privado considerou a natureza&nbsp;<em>propter rem<\/em>&nbsp;das quotas condominiais e entendeu pela&nbsp;legitimidade&nbsp;passiva concorrente entre o promitente vendedor e o promitente comprador nesse tipo de situa\u00e7\u00e3o.<\/p><p><strong>Leia tamb\u00e9m:&nbsp;<\/strong>&nbsp;<a href=\"https:\/\/www.stj.jus.br\/sites\/portalp\/Paginas\/Comunicacao\/Noticias\/2025\/05052025-Segunda-Secao-confirma-que-vendedor-pode-responder-por-obrigacoes-do-imovel-posteriores-a-posse-do-comprador.aspx\">Segunda Se\u00e7\u00e3o confirma que vendedor pode responder por obriga\u00e7\u00f5es do im\u00f3vel posteriores \u00e0 posse do comprador<\/a><\/p><p>A ministra esclareceu que o entendimento adotado foi o de que, embora o novo propriet\u00e1rio n\u00e3o tenha se beneficiado pelos servi\u00e7os prestados pelo condom\u00ednio, ele garante o adimplemento com o pr\u00f3prio im\u00f3vel que gerou a d\u00edvida, em raz\u00e3o de ser titular do direito real.<\/p><p>&#8220;Na oportunidade, destaquei que h\u00e1 certa diverg\u00eancia entre as turmas do STJ, que se reflete tamb\u00e9m nos julgamentos nos tribunais de origem, que ora aplicam a literalidade das teses fixadas no julgamento do Tema&nbsp;Repetitivo&nbsp;886, ora conferem aos casos a solu\u00e7\u00e3o encontrada pelo ministro Paulo de Tarso Sanseverino (falecido) no julgamento do&nbsp;REsp&nbsp;1.442.840, no sentido de que referidas teses devem ser interpretadas com cautela, \u00e0 luz da teoria da dualidade do v\u00ednculo obrigacional&#8221;, disse.<\/p><p><strong>Recursos&nbsp;repetitivos&nbsp;geram economia de tempo e seguran\u00e7a jur\u00eddica<\/strong><\/p><p>O CPC de 2015 regula, nos&nbsp;<a href=\"http:\/\/www.planalto.gov.br\/ccivil_03\/_Ato2015-2018\/2015\/Lei\/L13105.htm#art1036\">artigos 1.036&nbsp;e seguintes<\/a>, o julgamento por amostragem, mediante a sele\u00e7\u00e3o de&nbsp;recursos especiais&nbsp;que tenham controv\u00e9rsias id\u00eanticas. Ao afetar um processo, ou seja, encaminh\u00e1-lo para julgamento sob o rito dos&nbsp;repetitivos, os ministros facilitam a solu\u00e7\u00e3o de demandas que se repetem nos tribunais brasileiros.<\/p><p>A possibilidade de aplicar o mesmo entendimento jur\u00eddico a diversos processos gera economia de tempo e seguran\u00e7a jur\u00eddica. No&nbsp;<a href=\"https:\/\/processo.stj.jus.br\/repetitivos\/temas_repetitivos\/\"><em>site<\/em>&nbsp;do STJ<\/a>, \u00e9 poss\u00edvel acessar todos os temas afetados, bem como conhecer a abrang\u00eancia das decis\u00f5es de sobrestamento e as teses jur\u00eddicas firmadas nos julgamentos, entre outras informa\u00e7\u00f5es.<\/p><p><a href=\"https:\/\/processo.stj.jus.br\/processo\/julgamento\/eletronico\/documento\/mediado\/?documento_tipo=integra&amp;documento_sequencial=314785375&amp;registro_numero=202202279343&amp;peticao_numero=202500IJ2967&amp;publicacao_data=20250526&amp;formato=PDF\">Leia o ac\u00f3rd\u00e3o no REsp 2.015.740<\/a>.<\/p><p><strong>Esta not\u00edcia refere-se ao(s)&nbsp;processo(s): <a href=\"https:\/\/ww2.stj.jus.br\/processo\/pesquisa\/?aplicacao=processos.ea&amp;tipoPesquisa=tipoPesquisaGenerica&amp;termo=REsp%202015740\">REsp 2015740<\/a><a href=\"https:\/\/ww2.stj.jus.br\/processo\/pesquisa\/?aplicacao=processos.ea&amp;tipoPesquisa=tipoPesquisaGenerica&amp;termo=2100395\">2100395<\/a><\/strong><\/p><p><strong>Fonte: STJ<\/strong><\/p>\n    <div class=\"xs_social_share_widget xs_share_url after_content \t\tmain_content  wslu-style-1 wslu-share-box-shaped wslu-fill-colored wslu-none wslu-share-horizontal wslu-theme-font-no wslu-main_content\">\n\n\t\t\n        <ul>\n\t\t\t        <\/ul>\n    <\/div> \n","protected":false},"excerpt":{"rendered":"<p>\u200bA\u00a0Segunda Se\u00e7\u00e3o do Superior Tribunal de Justi\u00e7a (STJ) vai revisar o entendimento firmado no\u00a0Tema Repetitivo 886\u00a0para &#8220;definir se h\u00e1\u00a0legitimidade\u00a0concorrente entre o promitente vendedor, titular do direito de propriedade, e o promitente comprador para figurar no polo passivo da a\u00e7\u00e3o de cobran\u00e7a de d\u00e9bitos condominiais posteriores \u00e0 imiss\u00e3o do comprador na posse, independentemente de haver ci\u00eancia inequ\u00edvoca da transa\u00e7\u00e3o pelo condom\u00ednio&#8221;.<\/p>\n","protected":false},"author":5,"featured_media":0,"comment_status":"open","ping_status":"open","sticky":false,"template":"","format":"standard","meta":{"postBodyCss":"","postBodyMargin":[],"postBodyPadding":[],"postBodyBackground":{"backgroundType":"classic","gradient":""},"_price":"","_stock":"","_tribe_ticket_header":"","_tribe_default_ticket_provider":"","_tribe_ticket_capacity":"0","_ticket_start_date":"","_ticket_end_date":"","_tribe_ticket_show_description":"","_tribe_ticket_show_not_going":false,"_tribe_ticket_use_global_stock":"","_tribe_ticket_global_stock_level":"","_global_stock_mode":"","_global_stock_cap":"","_tribe_rsvp_for_event":"","_tribe_ticket_going_count":"","_tribe_ticket_not_going_count":"","_tribe_tickets_list":"[]","_tribe_ticket_has_attendee_info_fields":false,"footnotes":""},"categories":[46],"tags":[11039,11043,11041,11049,11042,11046,11047,11048,11044,11040,11038,4405,229,230,11037,9465,11045],"class_list":["post-11864","post","type-post","status-publish","format-standard","hentry","category-noticias","tag-acao-de-cobranca-de-debitos-condominiais-posteriores-a-imissao-do-comprador-na-posse","tag-comprador","tag-condominio","tag-direito-de-propriedade","tag-divida-condominial","tag-legitimidade-concorrente","tag-polo-passivo","tag-promitente-comprador","tag-promitente-vendedor","tag-responsabilidade-conjunta","tag-revisao-de-repetitivo","tag-segunda-secao","tag-stj","tag-superior-tribunal-de-justica","tag-tema-repetitivo-886","tag-transacao","tag-vendedor"],"acf":[],"_links":{"self":[{"href":"https:\/\/sgpsolucoes.com.br\/site\/wp-json\/wp\/v2\/posts\/11864"}],"collection":[{"href":"https:\/\/sgpsolucoes.com.br\/site\/wp-json\/wp\/v2\/posts"}],"about":[{"href":"https:\/\/sgpsolucoes.com.br\/site\/wp-json\/wp\/v2\/types\/post"}],"author":[{"embeddable":true,"href":"https:\/\/sgpsolucoes.com.br\/site\/wp-json\/wp\/v2\/users\/5"}],"replies":[{"embeddable":true,"href":"https:\/\/sgpsolucoes.com.br\/site\/wp-json\/wp\/v2\/comments?post=11864"}],"version-history":[{"count":0,"href":"https:\/\/sgpsolucoes.com.br\/site\/wp-json\/wp\/v2\/posts\/11864\/revisions"}],"wp:attachment":[{"href":"https:\/\/sgpsolucoes.com.br\/site\/wp-json\/wp\/v2\/media?parent=11864"}],"wp:term":[{"taxonomy":"category","embeddable":true,"href":"https:\/\/sgpsolucoes.com.br\/site\/wp-json\/wp\/v2\/categories?post=11864"},{"taxonomy":"post_tag","embeddable":true,"href":"https:\/\/sgpsolucoes.com.br\/site\/wp-json\/wp\/v2\/tags?post=11864"}],"curies":[{"name":"wp","href":"https:\/\/api.w.org\/{rel}","templated":true}]}}