{"id":11882,"date":"2025-06-10T13:51:10","date_gmt":"2025-06-10T16:51:10","guid":{"rendered":"https:\/\/sgpsolucoes.com.br\/site\/?p=11882"},"modified":"2025-06-10T13:52:11","modified_gmt":"2025-06-10T16:52:11","slug":"veja-a-integra-do-interrogatorio-do-tenente-coronel-mauro-cid-na-ap-2668","status":"publish","type":"post","link":"https:\/\/sgpsolucoes.com.br\/site\/veja-a-integra-do-interrogatorio-do-tenente-coronel-mauro-cid-na-ap-2668\/","title":{"rendered":"Veja a \u00edntegra do interrogat\u00f3rio do tenente-coronel Mauro Cid na AP 2668"},"content":{"rendered":"<p><em>Cid foi o primeiro a ser interrogado em raz\u00e3o de sua colabora\u00e7\u00e3o premiada<\/em><\/p><p>O Supremo Tribunal Federal (STF) interrogou nesta segunda-feira (9) o tenente-coronel Mauro Cid na condi\u00e7\u00e3o de r\u00e9u da A\u00e7\u00e3o Penal (AP) 2.668, que apura a tentativa de golpe de Estado denunciada pela Procuradoria-Geral da Rep\u00fablica (PGR).<\/p><p>De acordo com a den\u00fancia, Cid integra o N\u00facleo 1, ou \u201cn\u00facleo crucial\u201d, de uma organiza\u00e7\u00e3o criminosa que buscava impedir o regular funcionamento dos Poderes da Rep\u00fablica e depor o governo legitimamente eleito.<\/p><p>Por ter fechado acordo de colabora\u00e7\u00e3o premiada no caso, ele foi o primeiro a ser interrogado. Ele estava acompanhado de seu advogado, Cezar Roberto Bitencourt.<\/p><p>Assista \u00e0 \u00edntegra do depoimento:<\/p><figure class=\"wp-block-embed is-type-video is-provider-youtube wp-block-embed-youtube wp-embed-aspect-16-9 wp-has-aspect-ratio\"><div class=\"wp-block-embed__wrapper\">\n<iframe title=\"Interrogat\u00f3rio de Mauro Cid no tr\u00e2mite da A\u00e7\u00e3o Penal 2668 - 9\/6\/2025\" width=\"800\" height=\"450\" src=\"https:\/\/www.youtube.com\/embed\/e_2En-Z-kVU?feature=oembed\" frameborder=\"0\" allow=\"accelerometer; autoplay; clipboard-write; encrypted-media; gyroscope; picture-in-picture; web-share\" referrerpolicy=\"strict-origin-when-cross-origin\" allowfullscreen><\/iframe>\n<\/div><\/figure><figure class=\"wp-block-embed is-type-rich is-provider-incorporar-manipulador wp-block-embed-incorporar-manipulador\"><div class=\"wp-block-embed__wrapper\">\nhttps:\/\/youtube.com\/watch?v=e_2En-Z-kVU%3Ffeature%3Doembed\n<\/div><\/figure><p><strong>Fonte: STF<\/strong><\/p>\n    <div class=\"xs_social_share_widget xs_share_url after_content \t\tmain_content  wslu-style-1 wslu-share-box-shaped wslu-fill-colored wslu-none wslu-share-horizontal wslu-theme-font-no wslu-main_content\">\n\n\t\t\n        <ul>\n\t\t\t        <\/ul>\n    <\/div> \n","protected":false},"excerpt":{"rendered":"<p>O Supremo Tribunal Federal (STF) interrogou nesta segunda-feira (9) o tenente-coronel Mauro Cid na condi\u00e7\u00e3o de r\u00e9u da A\u00e7\u00e3o Penal (AP) 2.668, que apura a tentativa de golpe de Estado denunciada pela Procuradoria-Geral da Rep\u00fablica (PGR).<\/p>\n","protected":false},"author":5,"featured_media":0,"comment_status":"open","ping_status":"open","sticky":false,"template":"","format":"standard","meta":{"postBodyCss":"","postBodyMargin":[],"postBodyPadding":[],"postBodyBackground":{"backgroundType":"classic","gradient":""},"_price":"","_stock":"","_tribe_ticket_header":"","_tribe_default_ticket_provider":"","_tribe_ticket_capacity":"0","_ticket_start_date":"","_ticket_end_date":"","_tribe_ticket_show_description":"","_tribe_ticket_show_not_going":false,"_tribe_ticket_use_global_stock":"","_tribe_ticket_global_stock_level":"","_global_stock_mode":"","_global_stock_cap":"","_tribe_rsvp_for_event":"","_tribe_ticket_going_count":"","_tribe_ticket_not_going_count":"","_tribe_tickets_list":"[]","_tribe_ticket_has_attendee_info_fields":false,"footnotes":""},"categories":[46],"tags":[7104,11074,11079,11075,7726,8116,11077,11080,7580,7727,7730,1816,7729,11078,1066,11081,347,348,11076,7579],"class_list":["post-11882","post","type-post","status-publish","format-standard","hentry","category-noticias","tag-acao-penal","tag-ap-2668","tag-cid","tag-colaboracao-premiada","tag-governo-legitimamente-eleito","tag-integra","tag-interrogatorio-do-tenente-coronel-mauro-cid","tag-mauro-cid","tag-nucleo-1","tag-nucleo-crucial","tag-organizacao-criminosa","tag-pgr","tag-poderes-da-republica","tag-primeiro-interrogado","tag-procuradoria-geral-da-republica","tag-reu","tag-stf","tag-supremo-tribunal-federal","tag-tenente-coronel","tag-tentativa-de-golpe-de-estado"],"acf":[],"_links":{"self":[{"href":"https:\/\/sgpsolucoes.com.br\/site\/wp-json\/wp\/v2\/posts\/11882"}],"collection":[{"href":"https:\/\/sgpsolucoes.com.br\/site\/wp-json\/wp\/v2\/posts"}],"about":[{"href":"https:\/\/sgpsolucoes.com.br\/site\/wp-json\/wp\/v2\/types\/post"}],"author":[{"embeddable":true,"href":"https:\/\/sgpsolucoes.com.br\/site\/wp-json\/wp\/v2\/users\/5"}],"replies":[{"embeddable":true,"href":"https:\/\/sgpsolucoes.com.br\/site\/wp-json\/wp\/v2\/comments?post=11882"}],"version-history":[{"count":0,"href":"https:\/\/sgpsolucoes.com.br\/site\/wp-json\/wp\/v2\/posts\/11882\/revisions"}],"wp:attachment":[{"href":"https:\/\/sgpsolucoes.com.br\/site\/wp-json\/wp\/v2\/media?parent=11882"}],"wp:term":[{"taxonomy":"category","embeddable":true,"href":"https:\/\/sgpsolucoes.com.br\/site\/wp-json\/wp\/v2\/categories?post=11882"},{"taxonomy":"post_tag","embeddable":true,"href":"https:\/\/sgpsolucoes.com.br\/site\/wp-json\/wp\/v2\/tags?post=11882"}],"curies":[{"name":"wp","href":"https:\/\/api.w.org\/{rel}","templated":true}]}}