{"id":11887,"date":"2025-06-10T14:43:34","date_gmt":"2025-06-10T17:43:34","guid":{"rendered":"https:\/\/sgpsolucoes.com.br\/site\/?p=11887"},"modified":"2025-06-10T14:43:35","modified_gmt":"2025-06-10T17:43:35","slug":"veja-a-integra-do-interrogatorio-do-deputado-alexandre-ramagem-na-ap-2668","status":"publish","type":"post","link":"https:\/\/sgpsolucoes.com.br\/site\/veja-a-integra-do-interrogatorio-do-deputado-alexandre-ramagem-na-ap-2668\/","title":{"rendered":"Veja a \u00edntegra do interrogat\u00f3rio do deputado Alexandre Ramagem na AP 2668"},"content":{"rendered":"<p><em>Ex-diretor da Abin foi o segundo r\u00e9u interrogado no STF nesta segunda-feira (9)<\/em><\/p><p>O segundo r\u00e9u na A\u00e7\u00e3o Penal (AP) 2668 a ser interrogado nesta segunda-feira (9) no Supremo Tribunal Federal (STF) foi o deputado federal Alexandre Ramagem (PL-RJ) e ex-diretor da Ag\u00eancia Brasileira de Intelig\u00eancia (Abin). Assim como o tenente-coronel Mauro Cid, primeiro interrogado, Ramagem integra o N\u00facleo 1, ou \u201cn\u00facleo crucial\u201d da den\u00fancia da Procuradoria-Geral da Rep\u00fablica (PGR) sobre a tentativa de golpe de Estado. Ele estava acompanhado de seu advogado, Paulo Renato Garcia Cintra Pinto.<\/p><p><strong>Assista \u00e0 \u00edntegra do depoimento:<\/strong><\/p><figure class=\"wp-block-embed is-type-video is-provider-youtube wp-block-embed-youtube wp-embed-aspect-16-9 wp-has-aspect-ratio\"><div class=\"wp-block-embed__wrapper\">\n<iframe title=\"Interrogat\u00f3rio de Alexandre Ramagem no tr\u00e2mite da A\u00e7\u00e3o Penal 2668 - 9\/6\/2025\" width=\"800\" height=\"450\" src=\"https:\/\/www.youtube.com\/embed\/dvCCocO_kJY?feature=oembed\" frameborder=\"0\" allow=\"accelerometer; autoplay; clipboard-write; encrypted-media; gyroscope; picture-in-picture; web-share\" referrerpolicy=\"strict-origin-when-cross-origin\" allowfullscreen><\/iframe>\n<\/div><\/figure><p><strong>Fonte: STF<\/strong><\/p>\n    <div class=\"xs_social_share_widget xs_share_url after_content \t\tmain_content  wslu-style-1 wslu-share-box-shaped wslu-fill-colored wslu-none wslu-share-horizontal wslu-theme-font-no wslu-main_content\">\n\n\t\t\n        <ul>\n\t\t\t        <\/ul>\n    <\/div> \n","protected":false},"excerpt":{"rendered":"<p>O segundo r\u00e9u na A\u00e7\u00e3o Penal (AP) 2668 a ser interrogado nesta segunda-feira (9) no Supremo Tribunal Federal (STF) foi o deputado federal Alexandre Ramagem (PL-RJ) e ex-diretor da Ag\u00eancia Brasileira de Intelig\u00eancia (Abin). Assim como o tenente-coronel Mauro Cid, primeiro interrogado, Ramagem integra o N\u00facleo 1, ou \u201cn\u00facleo crucial\u201d da den\u00fancia da Procuradoria-Geral da Rep\u00fablica (PGR) sobre a tentativa de golpe de Estado. Ele estava acompanhado de seu advogado, Paulo Renato Garcia Cintra Pinto.<\/p>\n","protected":false},"author":5,"featured_media":0,"comment_status":"open","ping_status":"open","sticky":false,"template":"","format":"standard","meta":{"postBodyCss":"","postBodyMargin":[],"postBodyPadding":[],"postBodyBackground":{"backgroundType":"classic","gradient":""},"_price":"","_stock":"","_tribe_ticket_header":"","_tribe_default_ticket_provider":"","_tribe_ticket_capacity":"0","_ticket_start_date":"","_ticket_end_date":"","_tribe_ticket_show_description":"","_tribe_ticket_show_not_going":false,"_tribe_ticket_use_global_stock":"","_tribe_ticket_global_stock_level":"","_global_stock_mode":"","_global_stock_cap":"","_tribe_rsvp_for_event":"","_tribe_ticket_going_count":"","_tribe_ticket_not_going_count":"","_tribe_tickets_list":"[]","_tribe_ticket_has_attendee_info_fields":false,"footnotes":""},"categories":[46],"tags":[9310,11083,9309,11088,11074,11087,11085,11086,8116,11082,7580,7727,11089,1816,11078,1066,11091,11084,347,348,11090,7579],"class_list":["post-11887","post","type-post","status-publish","format-standard","hentry","category-noticias","tag-abin","tag-acao-penal-2668","tag-agencia-brasileira-de-inteligencia","tag-alexandre-ramagem","tag-ap-2668","tag-deputado-federal-alexandre-ramagem","tag-ex-diretor","tag-ex-diretor-da-abin","tag-integra","tag-interrogatorio-do-deputado-alexandre-ramagem","tag-nucleo-1","tag-nucleo-crucial","tag-paulo-renato-garcia-cintra-pinto","tag-pgr","tag-primeiro-interrogado","tag-procuradoria-geral-da-republica","tag-ramagem","tag-segundo-reu","tag-stf","tag-supremo-tribunal-federal","tag-tenente-coronel-mauro-cid","tag-tentativa-de-golpe-de-estado"],"acf":[],"_links":{"self":[{"href":"https:\/\/sgpsolucoes.com.br\/site\/wp-json\/wp\/v2\/posts\/11887"}],"collection":[{"href":"https:\/\/sgpsolucoes.com.br\/site\/wp-json\/wp\/v2\/posts"}],"about":[{"href":"https:\/\/sgpsolucoes.com.br\/site\/wp-json\/wp\/v2\/types\/post"}],"author":[{"embeddable":true,"href":"https:\/\/sgpsolucoes.com.br\/site\/wp-json\/wp\/v2\/users\/5"}],"replies":[{"embeddable":true,"href":"https:\/\/sgpsolucoes.com.br\/site\/wp-json\/wp\/v2\/comments?post=11887"}],"version-history":[{"count":0,"href":"https:\/\/sgpsolucoes.com.br\/site\/wp-json\/wp\/v2\/posts\/11887\/revisions"}],"wp:attachment":[{"href":"https:\/\/sgpsolucoes.com.br\/site\/wp-json\/wp\/v2\/media?parent=11887"}],"wp:term":[{"taxonomy":"category","embeddable":true,"href":"https:\/\/sgpsolucoes.com.br\/site\/wp-json\/wp\/v2\/categories?post=11887"},{"taxonomy":"post_tag","embeddable":true,"href":"https:\/\/sgpsolucoes.com.br\/site\/wp-json\/wp\/v2\/tags?post=11887"}],"curies":[{"name":"wp","href":"https:\/\/api.w.org\/{rel}","templated":true}]}}