{"id":11890,"date":"2025-06-10T14:51:01","date_gmt":"2025-06-10T17:51:01","guid":{"rendered":"https:\/\/sgpsolucoes.com.br\/site\/?p=11890"},"modified":"2025-06-10T14:51:02","modified_gmt":"2025-06-10T17:51:02","slug":"veja-a-integra-do-interrogatorio-do-ex-comandante-da-marinha-almir-garnier-na-ap-2668","status":"publish","type":"post","link":"https:\/\/sgpsolucoes.com.br\/site\/veja-a-integra-do-interrogatorio-do-ex-comandante-da-marinha-almir-garnier-na-ap-2668\/","title":{"rendered":"Veja a \u00edntegra do interrogat\u00f3rio do ex-comandante da Marinha Almir Garnier na AP 2668"},"content":{"rendered":"<p><em>Interrogat\u00f3rio do almirante abriu o segundo dia de depoimentos dos acusados<\/em><\/p><p>Terceiro r\u00e9u na A\u00e7\u00e3o Penal (AP) 2668 a ser interrogado pelo Supremo Tribunal Federal (STF), o ex-comandante da Marinha e almirante Almir Garnier foi ouvido na manh\u00e3 desta ter\u00e7a-feira (10) em audi\u00eancia na Primeira Turma. O depoimento de Garnier abriu o segundo dia de interrogat\u00f3rios. Ele estava acompanhado de seu advogado, Dem\u00f3stenes Torres.<\/p><figure class=\"wp-block-embed is-type-video is-provider-youtube wp-block-embed-youtube wp-embed-aspect-16-9 wp-has-aspect-ratio\"><div class=\"wp-block-embed__wrapper\">\n<iframe title=\"Interrogat\u00f3rio de Almir Garnier no tr\u00e2mite da A\u00e7\u00e3o Penal 2668 - 10\/6\/2025\" width=\"800\" height=\"450\" src=\"https:\/\/www.youtube.com\/embed\/VNdN4ss4Vxc?feature=oembed\" frameborder=\"0\" allow=\"accelerometer; autoplay; clipboard-write; encrypted-media; gyroscope; picture-in-picture; web-share\" referrerpolicy=\"strict-origin-when-cross-origin\" allowfullscreen><\/iframe>\n<\/div><\/figure><p><strong>Fonte: STF<\/strong><\/p>\n    <div class=\"xs_social_share_widget xs_share_url after_content \t\tmain_content  wslu-style-1 wslu-share-box-shaped wslu-fill-colored wslu-none wslu-share-horizontal wslu-theme-font-no wslu-main_content\">\n\n\t\t\n        <ul>\n\t\t\t        <\/ul>\n    <\/div> \n","protected":false},"excerpt":{"rendered":"<p>Terceiro r\u00e9u na A\u00e7\u00e3o Penal (AP) 2668 a ser interrogado pelo Supremo Tribunal Federal (STF), o ex-comandante da Marinha e almirante Almir Garnier foi ouvido na manh\u00e3 desta ter\u00e7a-feira (10) em audi\u00eancia na Primeira Turma. O depoimento de Garnier abriu o segundo dia de interrogat\u00f3rios. Ele estava acompanhado de seu advogado, Dem\u00f3stenes Torres.<\/p>\n","protected":false},"author":5,"featured_media":0,"comment_status":"open","ping_status":"open","sticky":false,"template":"","format":"standard","meta":{"postBodyCss":"","postBodyMargin":[],"postBodyPadding":[],"postBodyBackground":{"backgroundType":"classic","gradient":""},"_price":"","_stock":"","_tribe_ticket_header":"","_tribe_default_ticket_provider":"","_tribe_ticket_capacity":"0","_ticket_start_date":"","_ticket_end_date":"","_tribe_ticket_show_description":"","_tribe_ticket_show_not_going":false,"_tribe_ticket_use_global_stock":"","_tribe_ticket_global_stock_level":"","_global_stock_mode":"","_global_stock_cap":"","_tribe_rsvp_for_event":"","_tribe_ticket_going_count":"","_tribe_ticket_not_going_count":"","_tribe_tickets_list":"[]","_tribe_ticket_has_attendee_info_fields":false,"footnotes":""},"categories":[46],"tags":[11083,5295,11094,11098,11074,6106,11100,11096,11097,11099,8116,10834,11093,4004,2178,11092,347,348,11095],"class_list":["post-11890","post","type-post","status-publish","format-standard","hentry","category-noticias","tag-acao-penal-2668","tag-advogado","tag-almirante","tag-almirante-almir-garnier","tag-ap-2668","tag-audiencia","tag-demostenes-torres","tag-depoimentos-dos-acusados","tag-ex-comandante","tag-garnier","tag-integra","tag-interrogatorio","tag-interrogatorio-do-ex-comandante-da-marinha-almir-garnier","tag-marinha","tag-primeira-turma","tag-segundo-dia","tag-stf","tag-supremo-tribunal-federal","tag-terceiro-reu"],"acf":[],"_links":{"self":[{"href":"https:\/\/sgpsolucoes.com.br\/site\/wp-json\/wp\/v2\/posts\/11890"}],"collection":[{"href":"https:\/\/sgpsolucoes.com.br\/site\/wp-json\/wp\/v2\/posts"}],"about":[{"href":"https:\/\/sgpsolucoes.com.br\/site\/wp-json\/wp\/v2\/types\/post"}],"author":[{"embeddable":true,"href":"https:\/\/sgpsolucoes.com.br\/site\/wp-json\/wp\/v2\/users\/5"}],"replies":[{"embeddable":true,"href":"https:\/\/sgpsolucoes.com.br\/site\/wp-json\/wp\/v2\/comments?post=11890"}],"version-history":[{"count":0,"href":"https:\/\/sgpsolucoes.com.br\/site\/wp-json\/wp\/v2\/posts\/11890\/revisions"}],"wp:attachment":[{"href":"https:\/\/sgpsolucoes.com.br\/site\/wp-json\/wp\/v2\/media?parent=11890"}],"wp:term":[{"taxonomy":"category","embeddable":true,"href":"https:\/\/sgpsolucoes.com.br\/site\/wp-json\/wp\/v2\/categories?post=11890"},{"taxonomy":"post_tag","embeddable":true,"href":"https:\/\/sgpsolucoes.com.br\/site\/wp-json\/wp\/v2\/tags?post=11890"}],"curies":[{"name":"wp","href":"https:\/\/api.w.org\/{rel}","templated":true}]}}