{"id":11899,"date":"2025-06-10T15:03:43","date_gmt":"2025-06-10T18:03:43","guid":{"rendered":"https:\/\/sgpsolucoes.com.br\/site\/?p=11899"},"modified":"2025-06-10T15:03:43","modified_gmt":"2025-06-10T18:03:43","slug":"stf-rejeita-pedido-de-ex-presidente-jair-bolsonaro-para-exibir-videos-em-interrogatorio","status":"publish","type":"post","link":"https:\/\/sgpsolucoes.com.br\/site\/stf-rejeita-pedido-de-ex-presidente-jair-bolsonaro-para-exibir-videos-em-interrogatorio\/","title":{"rendered":"STF rejeita pedido de ex-presidente Jair Bolsonaro para exibir v\u00eddeos em interrogat\u00f3rio"},"content":{"rendered":"<p><em><strong>Defesa dever\u00e1 juntar os v\u00eddeos aos autos, caso entenda conveniente, para que as partes se manifestem<\/strong><\/em><\/p><p>O ministro Alexandre de Moraes, do Supremo Tribunal Federal (STF), rejeitou pedido da defesa do ex-presidente da Rep\u00fablica Jair Bolsonaro para exibir v\u00eddeos durante seu interrogat\u00f3rio, nesta ter\u00e7a-feira (11), no \u00e2mbito da A\u00e7\u00e3o Penal&nbsp;<strong><a href=\"https:\/\/portal.stf.jus.br\/processos\/detalhe.asp?incidente=7223339\" target=\"_blank\" rel=\"noreferrer noopener\">(AP) 2668<\/a><\/strong>, que apura a tentativa de golpe de Estado entre 2022 e 2023.<\/p><p>Na decis\u00e3o, o ministro enfatizou que, caso a defesa entenda conveniente, dever\u00e1 juntar os v\u00eddeos no processo para que as partes se manifestem e para que, eventualmente, possam ter a autenticidade comprovada.<\/p><p>O ministro Alexandre explicou que, no interrogat\u00f3rio, o r\u00e9u e sua defesa podem utilizar, apontar e fazer refer\u00eancia a qualquer prova presente nos autos. Ressaltou, contudo, que este n\u00e3o \u00e9 o momento adequado para apresenta\u00e7\u00e3o de novas provas, ainda n\u00e3o juntadas ao processo e desconhecidas pelas partes.<\/p><p><a href=\"https:\/\/noticias-stf-wp-prd.s3.sa-east-1.amazonaws.com\/wp-content\/uploads\/wpallimport\/uploads\/2025\/06\/10140721\/Decisao-JB-Videos.pdf\" target=\"_blank\" rel=\"noreferrer noopener\">Leia a \u00edntegra da decis\u00e3o<\/a>.<\/p><p><strong>Fonte: STF<\/strong><\/p>\n    <div class=\"xs_social_share_widget xs_share_url after_content \t\tmain_content  wslu-style-1 wslu-share-box-shaped wslu-fill-colored wslu-none wslu-share-horizontal wslu-theme-font-no wslu-main_content\">\n\n\t\t\n        <ul>\n\t\t\t        <\/ul>\n    <\/div> \n","protected":false},"excerpt":{"rendered":"<p>O ministro Alexandre de Moraes, do Supremo Tribunal Federal (STF), rejeitou pedido da defesa do ex-presidente da Rep\u00fablica Jair Bolsonaro para exibir v\u00eddeos durante seu interrogat\u00f3rio, nesta ter\u00e7a-feira (11), no \u00e2mbito da A\u00e7\u00e3o Penal\u00a0(AP) 2668, que apura a tentativa de golpe de Estado entre 2022 e 2023.<\/p>\n","protected":false},"author":5,"featured_media":0,"comment_status":"open","ping_status":"open","sticky":false,"template":"","format":"standard","meta":{"postBodyCss":"","postBodyMargin":[],"postBodyPadding":[],"postBodyBackground":{"backgroundType":"classic","gradient":""},"_price":"","_stock":"","_tribe_ticket_header":"","_tribe_default_ticket_provider":"","_tribe_ticket_capacity":"0","_ticket_start_date":"","_ticket_end_date":"","_tribe_ticket_show_description":"","_tribe_ticket_show_not_going":false,"_tribe_ticket_use_global_stock":"","_tribe_ticket_global_stock_level":"","_global_stock_mode":"","_global_stock_cap":"","_tribe_rsvp_for_event":"","_tribe_ticket_going_count":"","_tribe_ticket_not_going_count":"","_tribe_tickets_list":"[]","_tribe_ticket_has_attendee_info_fields":false,"footnotes":""},"categories":[46],"tags":[7104,11074,11118,5267,9403,7578,10834,7725,9439,729,11117,347,348,7579,11116],"class_list":["post-11899","post","type-post","status-publish","format-standard","hentry","category-noticias","tag-acao-penal","tag-ap-2668","tag-autos","tag-defesa","tag-ex-presidente-da-republica","tag-ex-presidente-jair-bolsonaro","tag-interrogatorio","tag-jair-bolsonaro","tag-ministro-alexandre-de-moraes","tag-pedido","tag-rejeita-pedido","tag-stf","tag-supremo-tribunal-federal","tag-tentativa-de-golpe-de-estado","tag-videos"],"acf":[],"_links":{"self":[{"href":"https:\/\/sgpsolucoes.com.br\/site\/wp-json\/wp\/v2\/posts\/11899"}],"collection":[{"href":"https:\/\/sgpsolucoes.com.br\/site\/wp-json\/wp\/v2\/posts"}],"about":[{"href":"https:\/\/sgpsolucoes.com.br\/site\/wp-json\/wp\/v2\/types\/post"}],"author":[{"embeddable":true,"href":"https:\/\/sgpsolucoes.com.br\/site\/wp-json\/wp\/v2\/users\/5"}],"replies":[{"embeddable":true,"href":"https:\/\/sgpsolucoes.com.br\/site\/wp-json\/wp\/v2\/comments?post=11899"}],"version-history":[{"count":0,"href":"https:\/\/sgpsolucoes.com.br\/site\/wp-json\/wp\/v2\/posts\/11899\/revisions"}],"wp:attachment":[{"href":"https:\/\/sgpsolucoes.com.br\/site\/wp-json\/wp\/v2\/media?parent=11899"}],"wp:term":[{"taxonomy":"category","embeddable":true,"href":"https:\/\/sgpsolucoes.com.br\/site\/wp-json\/wp\/v2\/categories?post=11899"},{"taxonomy":"post_tag","embeddable":true,"href":"https:\/\/sgpsolucoes.com.br\/site\/wp-json\/wp\/v2\/tags?post=11899"}],"curies":[{"name":"wp","href":"https:\/\/api.w.org\/{rel}","templated":true}]}}