{"id":11902,"date":"2025-06-10T15:20:43","date_gmt":"2025-06-10T18:20:43","guid":{"rendered":"https:\/\/sgpsolucoes.com.br\/site\/?p=11902"},"modified":"2025-06-10T15:20:57","modified_gmt":"2025-06-10T18:20:57","slug":"informativo-stf-n-1180-2025","status":"publish","type":"post","link":"https:\/\/sgpsolucoes.com.br\/site\/informativo-stf-n-1180-2025\/","title":{"rendered":"Informativo STF\u00a0n\u00b0 1180\/2025"},"content":{"rendered":"<p>J\u00e1 est\u00e1 dispon\u00edvel a edi\u00e7\u00e3o&nbsp;n\u00b0 1180\/2025&nbsp;do&nbsp;Informativo STF.<\/p><p>Confira abaixo nossos destaques:<\/p><p><strong><mark style=\"background-color:#fcb900\" class=\"has-inline-color\">Direito Administrativo<\/mark><\/strong><\/p><p>Servidor P\u00fablico; Sistema Remunerat\u00f3rio e Benef\u00edcios; F\u00e9rias<\/p><p><a href=\"#Servidores\"><strong><em>Servidores p\u00fablicos municipais: restri\u00e7\u00f5es ao direito de f\u00e9rias<\/em><\/strong><\/a><strong><em> <\/em><\/strong>&#8211; <a href=\"https:\/\/portal.stf.jus.br\/processos\/detalhe.asp?incidente=6863422\">ADPF 1.132\/SP<\/a><\/p><p><strong><mark style=\"background-color:#fcb900\" class=\"has-inline-color\">Direito Constitucional<\/mark><\/strong><\/p><p>Estados Federados; Poder Legislativo; Sess\u00e3o Extraordin\u00e1ria; Parcela Indenizat\u00f3ria; Princ\u00edpio da Simetria<\/p><p><a href=\"#parlamentares\"><strong><em>Parlamentares estaduais: pagamento de vantagem pecuni\u00e1ria por convoca\u00e7\u00e3o extraordin\u00e1ria<\/em><\/strong><\/a>&#8211; <a href=\"https:\/\/portal.stf.jus.br\/processos\/detalhe.asp?incidente=6187945\">ADI 6.857\/SP<\/a><\/p><p>Reparti\u00e7\u00e3o de Compet\u00eancias; Servi\u00e7os de Fornecimento de Energia El\u00e9trica e \u00c1gua; Suspens\u00e3o por Falta de Pagamento<\/p><p><a href=\"#Suspens\u00e3o\"><strong><em>Suspens\u00e3o do fornecimento de&nbsp;energia el\u00e9trica e \u00e1gua&nbsp;por falta de pagamento no \u00e2mbito estadual<\/em><\/strong><\/a><strong><em> &#8211; <\/em><\/strong><a href=\"https:\/\/portal.stf.jus.br\/processos\/detalhe.asp?incidente=7052809\">ADI 7.725\/TO<\/a><\/p><p><strong><mark style=\"background-color:#fcb900\" class=\"has-inline-color\">Direito Eleitoral<\/mark><\/strong><\/p><p>Sistema Eleitoral;&nbsp;Partidos Pol\u00edticos; Organiza\u00e7\u00e3o e Funcionamento; Autonomia Partid\u00e1ria; \u00d3rg\u00e3os Provis\u00f3rios<\/p><p><a href=\"#Partido\"><strong><em>Partidos pol\u00edticos: autonomia organizacional e prazo de dura\u00e7\u00e3o de seus \u00f3rg\u00e3os provis\u00f3rios<\/em><\/strong><\/a><strong><em> &#8211; <\/em><\/strong><a href=\"https:\/\/portal.stf.jus.br\/processos\/detalhe.asp?incidente=5336273\">ADI 5.875\/DF<\/a><\/p><p><strong><mark style=\"background-color:#fcb900\" class=\"has-inline-color\">Direito Penal<\/mark><\/strong><\/p><p>Extin\u00e7\u00e3o da Punibilidade; Indulto; Tr\u00e1fico Privilegiado<\/p><p><a href=\"#Tr\u00e1fico\"><strong><em>Tr\u00e1fico privilegiado e concess\u00e3o de indulto<\/em><\/strong><\/a><strong><em> &#8211; <\/em><\/strong><a href=\"https:\/\/portal.stf.jus.br\/processos\/detalhe.asp?incidente=7199221\">RE 1.542.482\/SP<\/a> (<a href=\"https:\/\/portal.stf.jus.br\/jurisprudenciaRepercussao\/verAndamentoProcesso.asp?incidente=7199221&amp;numeroProcesso=1542482&amp;classeProcesso=RE&amp;numeroTema=1400\">Tema 1.400 RG<\/a>)<\/p><p><strong><mark style=\"background-color:#fcb900\" class=\"has-inline-color\">Direito Tribut\u00e1rio<\/mark><\/strong><\/p><p>Benef\u00edcios Fiscais; Incentivos Fiscais; Ren\u00fancia de Receitas; Contribui\u00e7\u00f5es Previdenci\u00e1rias<\/p><p><a href=\"#Concess\u00e3o\"><strong><em>Concess\u00e3o de vantagens fiscais no \u00faltimo ano da legislatura no \u00e2mbito distrital<\/em><\/strong><\/a> &#8211; <a href=\"https:\/\/portal.stf.jus.br\/processos\/detalhe.asp?incidente=2607135\">ADI 4.065\/DF<\/a><\/p><p>Benef\u00edcios Fiscais; Prerrogativas para Concess\u00e3o; Princ\u00edpio da Reserva Legal<\/p><p><a href=\"#C\u00f3digo\"><strong><em>C\u00f3digo Tribut\u00e1rio estadual: mat\u00e9rias disciplinadas por decreto aut\u00f4nomo do chefe do Poder Executivo<\/em><\/strong><\/a><strong><em> <\/em><\/strong>&#8211; <a href=\"https:\/\/portal.stf.jus.br\/processos\/detalhe.asp?incidente=5180606\">ADI 5.699\/AP<\/a><\/p><p>Contribui\u00e7\u00f5es; PIS; COFINS; Base de C\u00e1lculo; Contribui\u00e7\u00e3o Previdenci\u00e1ria Sobre a Receita Bruta<\/p><p><a href=\"#CPRB\"><strong><em>Contribui\u00e7\u00e3o Previdenci\u00e1ria sobre a Receita Bruta (CPRB): inclus\u00e3o do PIS e da COFINS na base de c\u00e1lculo<\/em><\/strong><\/a><strong><em> &#8211; <\/em><\/strong><a href=\"https:\/\/portal.stf.jus.br\/processos\/detalhe.asp?incidente=6238563\">RE 1.341.646\/CE<\/a> (<a href=\"https:\/\/portal.stf.jus.br\/jurisprudenciaRepercussao\/verAndamentoProcesso.asp?incidente=6238563&amp;numeroProcesso=1341464&amp;classeProcesso=RE&amp;numeroTema=1186\">Tema 1.186 RG<\/a>)<\/p><p><strong>Acesse a \u00edntegra deste Informativo no link abaixo:<\/strong><\/p><p><a href=\"http:\/\/portal.stf.jus.br\/textos\/verTexto.asp?servico=informativoSTF\" target=\"_blank\" rel=\"noreferrer noopener\">Clique aqui para acessar<\/a>.<\/p><p><strong>Fonte: STF<\/strong><\/p>\n    <div class=\"xs_social_share_widget xs_share_url after_content \t\tmain_content  wslu-style-1 wslu-share-box-shaped wslu-fill-colored wslu-none wslu-share-horizontal wslu-theme-font-no wslu-main_content\">\n\n\t\t\n        <ul>\n\t\t\t        <\/ul>\n    <\/div> \n","protected":false},"excerpt":{"rendered":"<p>J\u00e1 est\u00e1 dispon\u00edvel a edi\u00e7\u00e3o\u00a0n\u00b0 1180\/2025\u00a0do\u00a0Informativo STF.<\/p>\n","protected":false},"author":5,"featured_media":0,"comment_status":"open","ping_status":"open","sticky":false,"template":"","format":"standard","meta":{"postBodyCss":"","postBodyMargin":[],"postBodyPadding":[],"postBodyBackground":{"backgroundType":"classic","gradient":""},"_price":"","_stock":"","_tribe_ticket_header":"","_tribe_default_ticket_provider":"","_tribe_ticket_capacity":"0","_ticket_start_date":"","_ticket_end_date":"","_tribe_ticket_show_description":"","_tribe_ticket_show_not_going":false,"_tribe_ticket_use_global_stock":"","_tribe_ticket_global_stock_level":"","_global_stock_mode":"","_global_stock_cap":"","_tribe_rsvp_for_event":"","_tribe_ticket_going_count":"","_tribe_ticket_not_going_count":"","_tribe_tickets_list":"[]","_tribe_ticket_has_attendee_info_fields":false,"footnotes":""},"categories":[46],"tags":[11142,11159,11141,11128,11129,11123,11125,11154,11131,11151,11132,233,2822,1112,11160,11156,1730,1088,2352,11163,594,10517,11137,11164,11161,176,1767,11121,289,3644,3642,11120,2538,11124,11147,6290,2335,10818,2644,9589,11145,1374,11119,11153,535,11144,1846,11126,11136,2728,1735,5089,11149,11146,11150,11135,11158,11165,11152,2860,11157,11127,500,1176,9009,11130,11143,11138,11122,3117,11133,11162,11148,11155,11140,11134,11139],"class_list":["post-11902","post","type-post","status-publish","format-standard","hentry","category-noticias","tag-adi-4-065-df","tag-adi-5-699-ap","tag-adi-5-875-df","tag-adi-6-857-sp","tag-adi-7-725-to","tag-adpf-1-132-sp","tag-agua-2","tag-ambito-distrital","tag-ambito-estadual-2","tag-autonomia-organizacional","tag-autonomia-partidaria","tag-base-de-calculo","tag-beneficios","tag-beneficios-fiscais","tag-chefe-do-poder-executivo","tag-codigo-tributario-estadual","tag-cofins","tag-concessao","tag-contribuicao-previdenciaria","tag-contribuicao-previdenciaria-sobre-a-receita-bruta","tag-contribuicoes","tag-contribuicoes-previdenciarias","tag-convocacao-extraordinaria","tag-cprb","tag-decreto-autonomo","tag-direito-administrativo","tag-direito-constitucional","tag-direito-de-ferias","tag-direito-eleitoral","tag-direito-penal","tag-direito-tributario-2","tag-edicao-n-1180-2025","tag-energia-eletrica","tag-estados-federados","tag-extincao-da-punibilidade","tag-falta-de-pagamento","tag-ferias","tag-fornecimento-de-energia-eletrica","tag-funcionamento","tag-incentivos-fiscais","tag-indulto","tag-informativo-stf","tag-informativo-stf-n-1180-2025","tag-no-ultimo-ano-da-legislatura","tag-organizacao","tag-orgaos-provisorios","tag-pagamento","tag-parcela-indenizatoria","tag-parlamentares-estaduais","tag-partidos-politicos","tag-pis","tag-poder-legislativo","tag-prazo-de-duracao","tag-prerrogativas","tag-principio-da-reserva-legal","tag-principio-da-simetria","tag-privilegiado","tag-re-1-341-646-ce","tag-re-1-542-482-sp","tag-receita-bruta","tag-renuncia-de-receitas","tag-reparticao-de-competencias","tag-servicos-2","tag-servidor-publico","tag-servidores-publicos-municipais","tag-sessao-extraordinaria","tag-seus-orgaos-provisorios","tag-sistema-eleitoral","tag-sistema-remuneratorio","tag-suspensao","tag-suspensao-do-fornecimento","tag-tema-1-186-rg","tag-tema-1-400-rg","tag-trafico","tag-trafico-privilegiado","tag-vantagem-pecuniaria","tag-vantagens-fiscais"],"acf":[],"_links":{"self":[{"href":"https:\/\/sgpsolucoes.com.br\/site\/wp-json\/wp\/v2\/posts\/11902"}],"collection":[{"href":"https:\/\/sgpsolucoes.com.br\/site\/wp-json\/wp\/v2\/posts"}],"about":[{"href":"https:\/\/sgpsolucoes.com.br\/site\/wp-json\/wp\/v2\/types\/post"}],"author":[{"embeddable":true,"href":"https:\/\/sgpsolucoes.com.br\/site\/wp-json\/wp\/v2\/users\/5"}],"replies":[{"embeddable":true,"href":"https:\/\/sgpsolucoes.com.br\/site\/wp-json\/wp\/v2\/comments?post=11902"}],"version-history":[{"count":0,"href":"https:\/\/sgpsolucoes.com.br\/site\/wp-json\/wp\/v2\/posts\/11902\/revisions"}],"wp:attachment":[{"href":"https:\/\/sgpsolucoes.com.br\/site\/wp-json\/wp\/v2\/media?parent=11902"}],"wp:term":[{"taxonomy":"category","embeddable":true,"href":"https:\/\/sgpsolucoes.com.br\/site\/wp-json\/wp\/v2\/categories?post=11902"},{"taxonomy":"post_tag","embeddable":true,"href":"https:\/\/sgpsolucoes.com.br\/site\/wp-json\/wp\/v2\/tags?post=11902"}],"curies":[{"name":"wp","href":"https:\/\/api.w.org\/{rel}","templated":true}]}}