{"id":11909,"date":"2025-06-10T15:50:33","date_gmt":"2025-06-10T18:50:33","guid":{"rendered":"https:\/\/sgpsolucoes.com.br\/site\/?p=11909"},"modified":"2025-06-10T15:50:34","modified_gmt":"2025-06-10T18:50:34","slug":"stj-ambiental-hotsite-reune-iniciativas-do-tribunal-voltadas-a-sustentabilidade-e-a-descarbonizacao","status":"publish","type":"post","link":"https:\/\/sgpsolucoes.com.br\/site\/stj-ambiental-hotsite-reune-iniciativas-do-tribunal-voltadas-a-sustentabilidade-e-a-descarbonizacao\/","title":{"rendered":"STJ Ambiental: hotsite re\u00fane iniciativas do tribunal voltadas \u00e0 sustentabilidade e \u00e0 descarboniza\u00e7\u00e3o"},"content":{"rendered":"<p>Ainda no contexto das comemora\u00e7\u00f5es do Dia Mundial do Meio Ambiente (5 de junho), o Superior Tribunal de Justi\u00e7a lan\u00e7ou o&nbsp;<a href=\"https:\/\/ambiental.stj.jus.br\/\"><em>hotsite<\/em>&nbsp;STJ Ambiental<\/a>, espa\u00e7o digital que re\u00fane as principais iniciativas do tribunal voltadas \u00e0 sustentabilidade. A p\u00e1gina traz informa\u00e7\u00f5es sobre o compromisso do STJ com a redu\u00e7\u00e3o das emiss\u00f5es de gases de efeito estufa (GEE) e com a Agenda 2030 da Organiza\u00e7\u00e3o das Na\u00e7\u00f5es Unidas (ONU).<\/p><p>A nova p\u00e1gina \u00e9 uma evolu\u00e7\u00e3o do&nbsp;<em>hotsite<\/em>&nbsp;da Agenda 2030, lan\u00e7ado em 2021, e foi reformulada para dar maior visibilidade ao&nbsp;<a href=\"https:\/\/transparencia.stj.jus.br\/wp-content\/uploads\/Plano_de_Descarbonizacao_STJ-.pdf\">Plano de Descarboniza\u00e7\u00e3o do STJ<\/a>, editado em conson\u00e2ncia com o&nbsp;<a href=\"https:\/\/atos.cnj.jus.br\/atos\/detalhar\/5845\">Programa Justi\u00e7a Carbono Zero<\/a>, do Conselho Nacional de Justi\u00e7a (CNJ). O objetivo \u00e9 tornar ainda mais transparente o compromisso do tribunal com a neutralidade de carbono at\u00e9 2030, conforme previsto na&nbsp;<a href=\"https:\/\/nam10.safelinks.protection.outlook.com\/?url=https:\/\/atos.cnj.jus.br\/atos\/detalhar\/3986&amp;data=05%7c02%7calpereir%40stj.jus.br%7c5576aa5c3d114008c10f08dda3b1e054%7cde23d5f0ccac4c8481d62892a8c055aa%7c0%7c0%7c638846706554110620%7cUnknown%7cTWFpbGZsb3d8eyJFbXB0eU1hcGkiOnRydWUsIlYiOiIwLjAuMDAwMCIsIlAiOiJXaW4zMiIsIkFOIjoiTWFpbCIsIldUIjoyfQ%3D%3D%7c0%7c%7c%7c&amp;sdata=Xse36nI\/74uOosIbxOJFMbUbhbhUopkuw%2Bx9Sq1le3I%3D&amp;reserved=0\">Resolu\u00e7\u00e3o CNJ 400\/2021<\/a>, que disp\u00f5e sobre a pol\u00edtica de sustentabilidade no \u00e2mbito do Poder Judici\u00e1rio.<\/p><p>A proposta \u00e9 que o novo espa\u00e7o na internet funcione como um&nbsp;<em>hub<\/em>&nbsp;de informa\u00e7\u00f5es ambientais, permitindo que a sociedade acompanhe as iniciativas em andamento e o alinhamento institucional com os&nbsp;<a href=\"https:\/\/brasil.un.org\/pt-br\/sdgs\">Objetivos de Desenvolvimento Sustent\u00e1vel (ODS)<\/a>&nbsp;da ONU, em especial o&nbsp;<a href=\"https:\/\/brasil.un.org\/pt-br\/sdgs\/13\">ODS 13<\/a>, dedicado \u00e0s a\u00e7\u00f5es contra a mudan\u00e7a do clima. A p\u00e1gina tamb\u00e9m contribui para a divulga\u00e7\u00e3o anual do Invent\u00e1rio de Emiss\u00f5es de Gases de Efeito Estufa, estabelecido pela Resolu\u00e7\u00e3o CNJ 594\/2024.<\/p><h2 class=\"wp-block-heading\">Transpar\u00eancia na sustentabilidade<\/h2><p>O projeto do STJ Ambiental foi desenvolvido pela Coordenadoria de Multimeios (COMM) da Secretaria de Comunica\u00e7\u00e3o Social (SCO), em parceria com a Assessoria de Gest\u00e3o Sustent\u00e1vel (AGS), e teve in\u00edcio em mar\u00e7o deste ano.<\/p><p>De acordo com a coordenadora da COMM, Monica Andrade, a reformula\u00e7\u00e3o do espa\u00e7o surgiu da necessidade de reunir, em um s\u00f3 local, as a\u00e7\u00f5es institucionais voltadas ao meio ambiente. &#8220;O&nbsp;<em>hotsite<\/em>&nbsp;eleva o tema ambiental ao&nbsp;<em>status<\/em>&nbsp;que merece, dando destaque \u00e0s iniciativas do tribunal e dando transpar\u00eancia ao que est\u00e1 sendo feito pelo STJ para reduzir, permanentemente, a emiss\u00e3o de gases&nbsp;resultante de seu funcionamento&#8221;, refor\u00e7ou.<\/p><p>Com isso, o STJ reafirma seu compromisso com a constru\u00e7\u00e3o de uma Justi\u00e7a mais eficiente, sustent\u00e1vel e transparente. As a\u00e7\u00f5es concentradas no novo espa\u00e7o digital contribuem para um mundo mais pr\u00f3spero e sustent\u00e1vel, promovendo uma atua\u00e7\u00e3o jurisdicional cada vez mais integrada aos desafios globais.<\/p><p>O novo&nbsp;<em>hotsite<\/em>&nbsp;pode ser acessado no menu superior do portal do STJ, em Institucional &gt; STJ Ambiental.<\/p><p><strong>Fonte: STJ<\/strong><\/p>\n    <div class=\"xs_social_share_widget xs_share_url after_content \t\tmain_content  wslu-style-1 wslu-share-box-shaped wslu-fill-colored wslu-none wslu-share-horizontal wslu-theme-font-no wslu-main_content\">\n\n\t\t\n        <ul>\n\t\t\t        <\/ul>\n    <\/div> \n","protected":false},"excerpt":{"rendered":"<p>Ainda no contexto das comemora\u00e7\u00f5es do Dia Mundial do Meio Ambiente (5 de junho), o Superior Tribunal de Justi\u00e7a lan\u00e7ou o\u00a0hotsite\u00a0STJ Ambiental, espa\u00e7o digital que re\u00fane as principais iniciativas do tribunal voltadas \u00e0 sustentabilidade. A p\u00e1gina traz informa\u00e7\u00f5es sobre o compromisso do STJ com a redu\u00e7\u00e3o das emiss\u00f5es de gases de efeito estufa (GEE) e com a Agenda 2030 da Organiza\u00e7\u00e3o das Na\u00e7\u00f5es Unidas (ONU).<\/p>\n","protected":false},"author":5,"featured_media":0,"comment_status":"open","ping_status":"open","sticky":false,"template":"","format":"standard","meta":{"postBodyCss":"","postBodyMargin":[],"postBodyPadding":[],"postBodyBackground":{"backgroundType":"classic","gradient":""},"_price":"","_stock":"","_tribe_ticket_header":"","_tribe_default_ticket_provider":"","_tribe_ticket_capacity":"0","_ticket_start_date":"","_ticket_end_date":"","_tribe_ticket_show_description":"","_tribe_ticket_show_not_going":false,"_tribe_ticket_use_global_stock":"","_tribe_ticket_global_stock_level":"","_global_stock_mode":"","_global_stock_cap":"","_tribe_rsvp_for_event":"","_tribe_ticket_going_count":"","_tribe_ticket_not_going_count":"","_tribe_tickets_list":"[]","_tribe_ticket_has_attendee_info_fields":false,"footnotes":""},"categories":[46],"tags":[11184,7942,11177,10904,11179,11180,11176,11182,11181,11178,1309,1310,11183,11175,230,205,597],"class_list":["post-11909","post","type-post","status-publish","format-standard","hentry","category-noticias","tag-5-de-junho","tag-agenda-2030","tag-descarbonizacao","tag-dia-mundial-do-meio-ambiente","tag-efeito-estufa-gee","tag-espaco-digital","tag-gases-de-efeito-estufa","tag-hotsite","tag-hotsite-stj-ambiental","tag-iniciativas","tag-onu","tag-organizacao-das-nacoes-unidas","tag-reducao-das-emissoes-de-gases-de-efeito-estufa","tag-stj-ambiental","tag-superior-tribunal-de-justica","tag-sustentabilidade","tag-tribunal"],"acf":[],"_links":{"self":[{"href":"https:\/\/sgpsolucoes.com.br\/site\/wp-json\/wp\/v2\/posts\/11909"}],"collection":[{"href":"https:\/\/sgpsolucoes.com.br\/site\/wp-json\/wp\/v2\/posts"}],"about":[{"href":"https:\/\/sgpsolucoes.com.br\/site\/wp-json\/wp\/v2\/types\/post"}],"author":[{"embeddable":true,"href":"https:\/\/sgpsolucoes.com.br\/site\/wp-json\/wp\/v2\/users\/5"}],"replies":[{"embeddable":true,"href":"https:\/\/sgpsolucoes.com.br\/site\/wp-json\/wp\/v2\/comments?post=11909"}],"version-history":[{"count":0,"href":"https:\/\/sgpsolucoes.com.br\/site\/wp-json\/wp\/v2\/posts\/11909\/revisions"}],"wp:attachment":[{"href":"https:\/\/sgpsolucoes.com.br\/site\/wp-json\/wp\/v2\/media?parent=11909"}],"wp:term":[{"taxonomy":"category","embeddable":true,"href":"https:\/\/sgpsolucoes.com.br\/site\/wp-json\/wp\/v2\/categories?post=11909"},{"taxonomy":"post_tag","embeddable":true,"href":"https:\/\/sgpsolucoes.com.br\/site\/wp-json\/wp\/v2\/tags?post=11909"}],"curies":[{"name":"wp","href":"https:\/\/api.w.org\/{rel}","templated":true}]}}