{"id":11918,"date":"2025-06-10T17:37:27","date_gmt":"2025-06-10T20:37:27","guid":{"rendered":"https:\/\/sgpsolucoes.com.br\/site\/?p=11918"},"modified":"2025-06-10T17:37:28","modified_gmt":"2025-06-10T20:37:28","slug":"consulta-esclarece-questoes-sobre-a-apuracao-do-equilibrio-financeiro-dos-regimes-proprios-de-previdencia","status":"publish","type":"post","link":"https:\/\/sgpsolucoes.com.br\/site\/consulta-esclarece-questoes-sobre-a-apuracao-do-equilibrio-financeiro-dos-regimes-proprios-de-previdencia\/","title":{"rendered":"Consulta esclarece quest\u00f5es sobre a apura\u00e7\u00e3o do equil\u00edbrio financeiro dos Regimes Pr\u00f3prios de Previd\u00eancia"},"content":{"rendered":"<p>Em processo de&nbsp;<mark>consulta<\/mark>&nbsp;votado pelo Plen\u00e1rio no \u00faltimo dia 22, o Tribunal de Contas do Estado (TCE-ES) esclareceu quest\u00f5es sobre a&nbsp;<mark>apura\u00e7\u00e3o do equil\u00edbrio financeiro<\/mark>&nbsp;dos&nbsp;<mark>Regimes Pr\u00f3prios de Previd\u00eancia.<\/mark>&nbsp;A consulta foi formulada pelo Instituto de Previd\u00eancia dos Servidores do Munic\u00edpio da Serra (IPS), e por ter relev\u00e2ncia jur\u00eddica, econ\u00f4mica, social e repercuss\u00e3o no \u00e2mbito da Administra\u00e7\u00e3o P\u00fablica, foi apreciada pelos conselheiros do Tribunal.&nbsp;&nbsp;<\/p><p>Um dos questionamentos apresentados foi se as&nbsp;<mark>contribui\u00e7\u00f5es previdenci\u00e1rias de al\u00edquota suplementar<\/mark>&nbsp;integram o conceito de receitas auferidas (arrecada\u00e7\u00e3o) para fins de mensurar insufici\u00eancia ou d\u00e9ficit financeiro, durante a apura\u00e7\u00e3o do equil\u00edbrio financeiro, no conceito de \u201creceitas auferidas\u201d que s\u00e3o confrontadas com \u201cdespesas\u201d.&nbsp;<\/p><p>Em resposta \u00e0 consulta, a relatora do processo, conselheira substituta M\u00e1rcia Jaccoud, pontuou que a preserva\u00e7\u00e3o do equil\u00edbrio financeiro e atuarial do RPPS, operado em regime de capitaliza\u00e7\u00e3o, requer a forma\u00e7\u00e3o de reservas. E esta se d\u00e1 pelo ac\u00famulo de recursos do plano de amortiza\u00e7\u00e3o do d\u00e9ficit atuarial e de rendimentos de aplica\u00e7\u00f5es financeiras.&nbsp;<\/p><p>\u201cOs recursos do plano de amortiza\u00e7\u00e3o e os rendimentos das aplica\u00e7\u00f5es financeiras vinculam-se ao equacionamento do d\u00e9ficit atuarial at\u00e9 a cobertura das provis\u00f5es matem\u00e1ticas de benef\u00edcios concedidos. Enquanto inexistirem ativos garantidores suficientes para cobertura m\u00ednima de provis\u00f5es matem\u00e1ticas previdenci\u00e1rias de benef\u00edcios concedidos (PMBC), \u00e9 vedada a utiliza\u00e7\u00e3o dos rendimentos das aplica\u00e7\u00f5es financeiras dos recursos do RPPS em regime de capitaliza\u00e7\u00e3o para outros fins, pois possuem destina\u00e7\u00e3o espec\u00edfica: a forma\u00e7\u00e3o das reservas capitalizadas\u201d, detalhou a relatora, no voto.&nbsp;<\/p><p>Ela acrescentou que, similarmente, n\u00e3o se admite a&nbsp;<mark>utiliza\u00e7\u00e3o dos recursos do plano de amortiza\u00e7\u00e3o do d\u00e9ficit atuarial<\/mark>&nbsp;para outros fins, pois possuem destina\u00e7\u00e3o espec\u00edfica: a forma\u00e7\u00e3o das reservas capitalizadas. Tal veda\u00e7\u00e3o aplica-se enquanto inexistirem ativos garantidores suficientes para cobertura m\u00ednima de provis\u00f5es matem\u00e1ticas previdenci\u00e1rias de benef\u00edcios concedidos (PMBC).&nbsp;<\/p><p>No processo, o tribunal tamb\u00e9m esclareceu que o entendimento em rela\u00e7\u00e3o a este ponto passa a valer somente a partir de 2026, ap\u00f3s a elabora\u00e7\u00e3o do pr\u00f3ximo plano plurianual, conforme o ac\u00f3rd\u00e3o do&nbsp;<strong><a href=\"https:\/\/www.tcees.tc.br\/consultas\/processo\/detalhar-processo?numero=916&amp;ano=2023&amp;key=68e59d614d52ec7b2d85a6767a10c51cfc14be986a728c41e4d6b8020c5ed3021197293f7912a982c1c7b3f493ec94153bb68f453a9351f0267d52323381f89f\" target=\"_blank\" rel=\"noreferrer noopener\">Processo TC 916\/2023<\/a><\/strong>.&nbsp;&nbsp;<\/p><h5 class=\"wp-block-heading\">Apura\u00e7\u00e3o e cobran\u00e7a&nbsp;<\/h5><p>O Instituto de Previd\u00eancia tamb\u00e9m questionou qual a periodicidade de&nbsp;<mark>apura\u00e7\u00e3o e de cobran\u00e7a da insufici\u00eancia financeira,<\/mark>&nbsp;que venha a ser calculada at\u00e9 que o plano de custeio n\u00e3o seja alterado, se \u00e9 mensal, bimestral, trimestral, semestral, anual ou por exerc\u00edcio.&nbsp;&nbsp;<\/p><p>Em resposta, o TCE-ES entende que a insufici\u00eancia financeira do regime pr\u00f3prio de previd\u00eancia, calculada pela diferen\u00e7a entre receitas e despesas previdenci\u00e1rias, apura-se mensalmente. A base para tal apura\u00e7\u00e3o \u00e9 a folha de pagamento de aposentados e pensionistas. Contudo, admite-se a apura\u00e7\u00e3o em prazo inferior, se executadas folhas complementares para o pagamento de benef\u00edcios previdenci\u00e1rios.&nbsp;<\/p><p><strong><a href=\"https:\/\/www.tcees.tc.br\/biblioteca\/ato-normativo\/detalhes-ato-nomativo\/?id=5861\" target=\"_blank\" rel=\"noreferrer noopener\">Acesse aqui o Parecer em Consulta 07\/2025&nbsp;<\/a><\/strong><\/p><p><strong><a href=\"https:\/\/www.tcees.tc.br\/consultas\/processo\/detalhar-processo?numero=1325&amp;ano=2022&amp;key=e10a63ea2e18dbe50d6c3e1711507f6b2889c3dcc1c384747c02cff1d15b8733f70efe35dd26a09f65be0475c49133d61f2ba3c311091aa77509de6f966d294e\" target=\"_blank\" rel=\"noreferrer noopener\">Processo TC 1325\/2022<\/a><\/strong>&nbsp;<\/p><p><strong>Fonte: TCE-ES<\/strong><\/p>\n    <div class=\"xs_social_share_widget xs_share_url after_content \t\tmain_content  wslu-style-1 wslu-share-box-shaped wslu-fill-colored wslu-none wslu-share-horizontal wslu-theme-font-no wslu-main_content\">\n\n\t\t\n        <ul>\n\t\t\t        <\/ul>\n    <\/div> \n","protected":false},"excerpt":{"rendered":"<p>Em processo de\u00a0consulta\u00a0votado pelo Plen\u00e1rio no \u00faltimo dia 22, o Tribunal de Contas do Estado (TCE-ES) esclareceu quest\u00f5es sobre a\u00a0apura\u00e7\u00e3o do equil\u00edbrio financeiro\u00a0dos\u00a0Regimes Pr\u00f3prios de Previd\u00eancia.\u00a0A consulta foi formulada pelo Instituto de Previd\u00eancia dos Servidores do Munic\u00edpio da Serra (IPS), e por ter relev\u00e2ncia jur\u00eddica, econ\u00f4mica, social e repercuss\u00e3o no \u00e2mbito da Administra\u00e7\u00e3o P\u00fablica, foi apreciada pelos conselheiros do Tribunal.\u00a0\u00a0<\/p>\n","protected":false},"author":5,"featured_media":0,"comment_status":"open","ping_status":"open","sticky":false,"template":"","format":"standard","meta":{"postBodyCss":"","postBodyMargin":[],"postBodyPadding":[],"postBodyBackground":{"backgroundType":"classic","gradient":""},"_price":"","_stock":"","_tribe_ticket_header":"","_tribe_default_ticket_provider":"","_tribe_ticket_capacity":"0","_ticket_start_date":"","_ticket_end_date":"","_tribe_ticket_show_description":"","_tribe_ticket_show_not_going":false,"_tribe_ticket_use_global_stock":"","_tribe_ticket_global_stock_level":"","_global_stock_mode":"","_global_stock_cap":"","_tribe_rsvp_for_event":"","_tribe_ticket_going_count":"","_tribe_ticket_not_going_count":"","_tribe_tickets_list":"[]","_tribe_ticket_has_attendee_info_fields":false,"footnotes":""},"categories":[46],"tags":[129,1239,1349,3504,11206,11207,11209,11214,351,11210,4601,11208,11211,11213,11212,9311,4702,597,4707],"class_list":["post-11918","post","type-post","status-publish","format-standard","hentry","category-noticias","tag-administracao-publica","tag-apuracao","tag-consulta","tag-equilibrio","tag-equilibrio-financeiro","tag-financeiro","tag-instituto-de-previdencia-dos-servidores-do-municipio-da-serra","tag-ips","tag-plenario","tag-questoes","tag-regime-proprio-de-previdencia","tag-regimes-proprios-de-previdencia","tag-relevancia-economica","tag-relevancia-juridica","tag-relevancia-social","tag-repercussao","tag-tce-es","tag-tribunal","tag-tribunal-de-contas-do-estado-do-espirito-santo"],"acf":[],"_links":{"self":[{"href":"https:\/\/sgpsolucoes.com.br\/site\/wp-json\/wp\/v2\/posts\/11918"}],"collection":[{"href":"https:\/\/sgpsolucoes.com.br\/site\/wp-json\/wp\/v2\/posts"}],"about":[{"href":"https:\/\/sgpsolucoes.com.br\/site\/wp-json\/wp\/v2\/types\/post"}],"author":[{"embeddable":true,"href":"https:\/\/sgpsolucoes.com.br\/site\/wp-json\/wp\/v2\/users\/5"}],"replies":[{"embeddable":true,"href":"https:\/\/sgpsolucoes.com.br\/site\/wp-json\/wp\/v2\/comments?post=11918"}],"version-history":[{"count":0,"href":"https:\/\/sgpsolucoes.com.br\/site\/wp-json\/wp\/v2\/posts\/11918\/revisions"}],"wp:attachment":[{"href":"https:\/\/sgpsolucoes.com.br\/site\/wp-json\/wp\/v2\/media?parent=11918"}],"wp:term":[{"taxonomy":"category","embeddable":true,"href":"https:\/\/sgpsolucoes.com.br\/site\/wp-json\/wp\/v2\/categories?post=11918"},{"taxonomy":"post_tag","embeddable":true,"href":"https:\/\/sgpsolucoes.com.br\/site\/wp-json\/wp\/v2\/tags?post=11918"}],"curies":[{"name":"wp","href":"https:\/\/api.w.org\/{rel}","templated":true}]}}