{"id":11939,"date":"2025-06-11T16:01:34","date_gmt":"2025-06-11T19:01:34","guid":{"rendered":"https:\/\/sgpsolucoes.com.br\/site\/?p=11939"},"modified":"2025-06-11T16:01:35","modified_gmt":"2025-06-11T19:01:35","slug":"alianca-lgbti-questiona-falta-de-lei-que-garanta-gratuidade-de-retificacao-de-nome-e-genero-a-pessoas-trans","status":"publish","type":"post","link":"https:\/\/sgpsolucoes.com.br\/site\/alianca-lgbti-questiona-falta-de-lei-que-garanta-gratuidade-de-retificacao-de-nome-e-genero-a-pessoas-trans\/","title":{"rendered":"Alian\u00e7a LGBTI+ questiona falta de lei que garanta gratuidade de retifica\u00e7\u00e3o de nome e g\u00eanero a pessoas trans"},"content":{"rendered":"<p><em><strong>A\u00e7\u00e3o foi distribu\u00edda ao ministro Edson Fachin<\/strong><\/em><\/p><p>A Alian\u00e7a Nacional LGBTI+ apresentou ao Supremo Tribunal Federal (STF) a\u00e7\u00e3o em que aponta a aus\u00eancia de lei para garantir a gratuidade para o procedimento de retifica\u00e7\u00e3o de prenome e g\u00eanero a pessoas trans que n\u00e3o t\u00eam condi\u00e7\u00f5es financeiras para arcar com esses custos.<\/p><p>De acordo com a entidade, at\u00e9 2018, o procedimento era exclusivamente judicial. Naquele ano, o Conselho Nacional de Justi\u00e7a (CNJ) estabeleceu a possibilidade de realiz\u00e1-lo diretamente nos cart\u00f3rios de registro civil, sem a necessidade de judicializa\u00e7\u00e3o.<\/p><p>A Alian\u00e7a Nacional argumenta que, apesar deste avan\u00e7o, a falta de uma lei que assegure a gratuidade do procedimento perpetua barreiras econ\u00f4micas intranspon\u00edveis para uma popula\u00e7\u00e3o historicamente marginalizada e vulner\u00e1vel. Para a autora da a\u00e7\u00e3o, a omiss\u00e3o legislativa \u00e9 uma grave viola\u00e7\u00e3o dos princ\u00edpios fundamentais da dignidade da pessoa humana e da isonomia, al\u00e9m de impedir que a popula\u00e7\u00e3o trans, travesti e n\u00e3o bin\u00e1ria exer\u00e7a o direito b\u00e1sico de ter sua identidade reconhecida pelo Estado sem \u00f4nus financeiros.<\/p><p>A A\u00e7\u00e3o Direta de Inconstitucionalidade por Omiss\u00e3o<strong><a href=\"https:\/\/portal.stf.jus.br\/processos\/detalhe.asp?incidente=7280298\" target=\"_blank\" rel=\"noreferrer noopener\">&nbsp;(ADO) 94<\/a><\/strong>&nbsp;foi distribu\u00edda ao ministro Edson Fachin.<\/p><p><strong>Fonte: STF<\/strong><\/p>\n    <div class=\"xs_social_share_widget xs_share_url after_content \t\tmain_content  wslu-style-1 wslu-share-box-shaped wslu-fill-colored wslu-none wslu-share-horizontal wslu-theme-font-no wslu-main_content\">\n\n\t\t\n        <ul>\n\t\t\t        <\/ul>\n    <\/div> \n","protected":false},"excerpt":{"rendered":"<p>A Alian\u00e7a Nacional LGBTI+ apresentou ao Supremo Tribunal Federal (STF) a\u00e7\u00e3o em que aponta a aus\u00eancia de lei para garantir a gratuidade para o procedimento de retifica\u00e7\u00e3o de prenome e g\u00eanero a pessoas trans que n\u00e3o t\u00eam condi\u00e7\u00f5es financeiras para arcar com esses custos.<\/p>\n","protected":false},"author":5,"featured_media":0,"comment_status":"open","ping_status":"open","sticky":false,"template":"","format":"standard","meta":{"postBodyCss":"","postBodyMargin":[],"postBodyPadding":[],"postBodyBackground":{"backgroundType":"classic","gradient":""},"_price":"","_stock":"","_tribe_ticket_header":"","_tribe_default_ticket_provider":"","_tribe_ticket_capacity":"0","_ticket_start_date":"","_ticket_end_date":"","_tribe_ticket_show_description":"","_tribe_ticket_show_not_going":false,"_tribe_ticket_use_global_stock":"","_tribe_ticket_global_stock_level":"","_global_stock_mode":"","_global_stock_cap":"","_tribe_rsvp_for_event":"","_tribe_ticket_going_count":"","_tribe_ticket_not_going_count":"","_tribe_tickets_list":"[]","_tribe_ticket_has_attendee_info_fields":false,"footnotes":""},"categories":[46],"tags":[11251,5617,11254,1480,11248,6939,4330,11252,11250,11249,11253,347,348],"class_list":["post-11939","post","type-post","status-publish","format-standard","hentry","category-noticias","tag-alianca-lgbti","tag-alianca-nacional-lgbti","tag-condicoes-financeiras","tag-custos","tag-falta-de-lei","tag-genero","tag-gratuidade","tag-ministro-edson-fachin","tag-pessoas-trans","tag-retificacao-de-nome","tag-retificacao-de-prenome-e-genero","tag-stf","tag-supremo-tribunal-federal"],"acf":[],"_links":{"self":[{"href":"https:\/\/sgpsolucoes.com.br\/site\/wp-json\/wp\/v2\/posts\/11939"}],"collection":[{"href":"https:\/\/sgpsolucoes.com.br\/site\/wp-json\/wp\/v2\/posts"}],"about":[{"href":"https:\/\/sgpsolucoes.com.br\/site\/wp-json\/wp\/v2\/types\/post"}],"author":[{"embeddable":true,"href":"https:\/\/sgpsolucoes.com.br\/site\/wp-json\/wp\/v2\/users\/5"}],"replies":[{"embeddable":true,"href":"https:\/\/sgpsolucoes.com.br\/site\/wp-json\/wp\/v2\/comments?post=11939"}],"version-history":[{"count":0,"href":"https:\/\/sgpsolucoes.com.br\/site\/wp-json\/wp\/v2\/posts\/11939\/revisions"}],"wp:attachment":[{"href":"https:\/\/sgpsolucoes.com.br\/site\/wp-json\/wp\/v2\/media?parent=11939"}],"wp:term":[{"taxonomy":"category","embeddable":true,"href":"https:\/\/sgpsolucoes.com.br\/site\/wp-json\/wp\/v2\/categories?post=11939"},{"taxonomy":"post_tag","embeddable":true,"href":"https:\/\/sgpsolucoes.com.br\/site\/wp-json\/wp\/v2\/tags?post=11939"}],"curies":[{"name":"wp","href":"https:\/\/api.w.org\/{rel}","templated":true}]}}