{"id":11946,"date":"2025-06-11T16:11:46","date_gmt":"2025-06-11T19:11:46","guid":{"rendered":"https:\/\/sgpsolucoes.com.br\/site\/?p=11946"},"modified":"2025-06-11T16:11:47","modified_gmt":"2025-06-11T19:11:47","slug":"veja-a-integra-do-interrogatorio-do-ex-presidente-da-republica-jair-bolsonaro-na-ap-2668","status":"publish","type":"post","link":"https:\/\/sgpsolucoes.com.br\/site\/veja-a-integra-do-interrogatorio-do-ex-presidente-da-republica-jair-bolsonaro-na-ap-2668\/","title":{"rendered":"Veja a \u00edntegra do interrogat\u00f3rio do ex-presidente da Rep\u00fablica Jair Bolsonaro na AP 2668"},"content":{"rendered":"<p><em><strong>Ele respondeu \u00e0s perguntas do relator do processo, ministro Alexandre de Moraes, do ministro Luiz Fux e do procurador-geral da Rep\u00fablica, Paulo Gonet<\/strong><\/em><\/p><p>O ex-presidente da Rep\u00fablica Jair Bolsonaro foi interrogado na tarde desta ter\u00e7a-feira (10), no Supremo Tribunal Federal (STF). R\u00e9u na A\u00e7\u00e3o Penal (AP) 2668, que apura a tentativa de golpe de Estado entre 2022 e 2023, Bolsonaro foi o sexto dos oito integrantes do chamado N\u00facleo 1 a ser ouvido.&nbsp;<\/p><p>Ele respondeu \u00e0s perguntas do relator do processo, ministro Alexandre de Moraes, do ministro Luiz Fux e do procurador-geral da Rep\u00fablica, Paulo Gonet, respons\u00e1vel pela acusa\u00e7\u00e3o. Durante o interrogat\u00f3rio, o ex-presidente estava acompanhado dos advogados Celso Vilardi e Paulo Cunha Bueno.<\/p><p>Assista \u00e0 \u00edntegra do interrogat\u00f3rio:<\/p><figure class=\"wp-block-embed is-type-video is-provider-youtube wp-block-embed-youtube wp-embed-aspect-16-9 wp-has-aspect-ratio\"><div class=\"wp-block-embed__wrapper\">\n<iframe title=\"Interrogat\u00f3rio de Jair Bolsonaro no tr\u00e2mite da A\u00e7\u00e3o Penal 2668 - 10\/6\/2025\" width=\"800\" height=\"450\" src=\"https:\/\/www.youtube.com\/embed\/DcKG8mVDA5Y?feature=oembed\" frameborder=\"0\" allow=\"accelerometer; autoplay; clipboard-write; encrypted-media; gyroscope; picture-in-picture; web-share\" referrerpolicy=\"strict-origin-when-cross-origin\" allowfullscreen><\/iframe>\n<\/div><\/figure><p><strong>Fonte: STF<\/strong><\/p>\n    <div class=\"xs_social_share_widget xs_share_url after_content \t\tmain_content  wslu-style-1 wslu-share-box-shaped wslu-fill-colored wslu-none wslu-share-horizontal wslu-theme-font-no wslu-main_content\">\n\n\t\t\n        <ul>\n\t\t\t        <\/ul>\n    <\/div> \n","protected":false},"excerpt":{"rendered":"<p>O ex-presidente da Rep\u00fablica Jair Bolsonaro foi interrogado na tarde desta ter\u00e7a-feira (10), no Supremo Tribunal Federal (STF). R\u00e9u na A\u00e7\u00e3o Penal (AP) 2668, que apura a tentativa de golpe de Estado entre 2022 e 2023, Bolsonaro foi o sexto dos oito integrantes do chamado N\u00facleo 1 a ser ouvido.\u00a0<\/p>\n","protected":false},"author":5,"featured_media":0,"comment_status":"open","ping_status":"open","sticky":false,"template":"","format":"standard","meta":{"postBodyCss":"","postBodyMargin":[],"postBodyPadding":[],"postBodyBackground":{"backgroundType":"classic","gradient":""},"_price":"","_stock":"","_tribe_ticket_header":"","_tribe_default_ticket_provider":"","_tribe_ticket_capacity":"0","_ticket_start_date":"","_ticket_end_date":"","_tribe_ticket_show_description":"","_tribe_ticket_show_not_going":false,"_tribe_ticket_use_global_stock":"","_tribe_ticket_global_stock_level":"","_global_stock_mode":"","_global_stock_cap":"","_tribe_rsvp_for_event":"","_tribe_ticket_going_count":"","_tribe_ticket_not_going_count":"","_tribe_tickets_list":"[]","_tribe_ticket_has_attendee_info_fields":false,"footnotes":""},"categories":[46],"tags":[11074,9403,8116,10834,7725,9439,11264,11265,10705],"class_list":["post-11946","post","type-post","status-publish","format-standard","hentry","category-noticias","tag-ap-2668","tag-ex-presidente-da-republica","tag-integra","tag-interrogatorio","tag-jair-bolsonaro","tag-ministro-alexandre-de-moraes","tag-ministro-luiz-fux","tag-paulo-gonet","tag-procurador-geral-da-republica"],"acf":[],"_links":{"self":[{"href":"https:\/\/sgpsolucoes.com.br\/site\/wp-json\/wp\/v2\/posts\/11946"}],"collection":[{"href":"https:\/\/sgpsolucoes.com.br\/site\/wp-json\/wp\/v2\/posts"}],"about":[{"href":"https:\/\/sgpsolucoes.com.br\/site\/wp-json\/wp\/v2\/types\/post"}],"author":[{"embeddable":true,"href":"https:\/\/sgpsolucoes.com.br\/site\/wp-json\/wp\/v2\/users\/5"}],"replies":[{"embeddable":true,"href":"https:\/\/sgpsolucoes.com.br\/site\/wp-json\/wp\/v2\/comments?post=11946"}],"version-history":[{"count":0,"href":"https:\/\/sgpsolucoes.com.br\/site\/wp-json\/wp\/v2\/posts\/11946\/revisions"}],"wp:attachment":[{"href":"https:\/\/sgpsolucoes.com.br\/site\/wp-json\/wp\/v2\/media?parent=11946"}],"wp:term":[{"taxonomy":"category","embeddable":true,"href":"https:\/\/sgpsolucoes.com.br\/site\/wp-json\/wp\/v2\/categories?post=11946"},{"taxonomy":"post_tag","embeddable":true,"href":"https:\/\/sgpsolucoes.com.br\/site\/wp-json\/wp\/v2\/tags?post=11946"}],"curies":[{"name":"wp","href":"https:\/\/api.w.org\/{rel}","templated":true}]}}