{"id":11949,"date":"2025-06-11T16:14:36","date_gmt":"2025-06-11T19:14:36","guid":{"rendered":"https:\/\/sgpsolucoes.com.br\/site\/?p=11949"},"modified":"2025-06-11T16:14:37","modified_gmt":"2025-06-11T19:14:37","slug":"veja-a-integra-do-interrogatorio-do-ex-ministro-da-defesa-paulo-sergio-nogueira-na-ap-2668","status":"publish","type":"post","link":"https:\/\/sgpsolucoes.com.br\/site\/veja-a-integra-do-interrogatorio-do-ex-ministro-da-defesa-paulo-sergio-nogueira-na-ap-2668\/","title":{"rendered":"Veja a \u00edntegra do interrogat\u00f3rio do ex-ministro da Defesa Paulo S\u00e9rgio Nogueira na AP 2668"},"content":{"rendered":"<p><em><strong>General integra o N\u00facleo 1 da den\u00fancia da Procuradoria-Geral da Rep\u00fablica<\/strong><\/em><\/p><p>O Supremo Tribunal Federal (STF) interrogou na tarde desta ter\u00e7a-feira (10) o general Paulo S\u00e9rgio Nogueira, ex-ministro da Defesa e r\u00e9u na A\u00e7\u00e3o Penal (AP) 2668, que apura a tentativa de golpe de Estado. S\u00e9timo r\u00e9u do N\u00facleo 1 na tentativa de ruptura institucional a ser ouvido, ele respondeu \u00e0s perguntas do relator do processo, ministro Alexandre de Moraes, do ministro Luiz Fux e do procurador-geral da Rep\u00fablica, Paulo Gonet, respons\u00e1vel pela acusa\u00e7\u00e3o. O general estava acompanhado do advogado Andrew Fernandes Farias.<\/p><p>Assista \u00e0 \u00edntegra do interrogat\u00f3rio:<\/p><figure class=\"wp-block-embed is-type-video is-provider-youtube wp-block-embed-youtube wp-embed-aspect-16-9 wp-has-aspect-ratio\"><div class=\"wp-block-embed__wrapper\">\n<iframe title=\"Interrogat\u00f3rio de Paulo S\u00e9rgio Nogueira no tr\u00e2mite da A\u00e7\u00e3o Penal 2668 - 10\/6\/2025\" width=\"800\" height=\"450\" src=\"https:\/\/www.youtube.com\/embed\/eIoUyb0MDtE?feature=oembed\" frameborder=\"0\" allow=\"accelerometer; autoplay; clipboard-write; encrypted-media; gyroscope; picture-in-picture; web-share\" referrerpolicy=\"strict-origin-when-cross-origin\" allowfullscreen><\/iframe>\n<\/div><\/figure><p><strong>Fonte: STF<\/strong><\/p>\n    <div class=\"xs_social_share_widget xs_share_url after_content \t\tmain_content  wslu-style-1 wslu-share-box-shaped wslu-fill-colored wslu-none wslu-share-horizontal wslu-theme-font-no wslu-main_content\">\n\n\t\t\n        <ul>\n\t\t\t        <\/ul>\n    <\/div> \n","protected":false},"excerpt":{"rendered":"<p>O Supremo Tribunal Federal (STF) interrogou na tarde desta ter\u00e7a-feira (10) o general Paulo S\u00e9rgio Nogueira, ex-ministro da Defesa e r\u00e9u na A\u00e7\u00e3o Penal (AP) 2668, que apura a tentativa de golpe de Estado. S\u00e9timo r\u00e9u do N\u00facleo 1 na tentativa de ruptura institucional a ser ouvido, ele respondeu \u00e0s perguntas do relator do processo, ministro Alexandre de Moraes, do ministro Luiz Fux e do procurador-geral da Rep\u00fablica, Paulo Gonet, respons\u00e1vel pela acusa\u00e7\u00e3o. O general estava acompanhado do advogado Andrew Fernandes Farias.<\/p>\n","protected":false},"author":5,"featured_media":0,"comment_status":"open","ping_status":"open","sticky":false,"template":"","format":"standard","meta":{"postBodyCss":"","postBodyMargin":[],"postBodyPadding":[],"postBodyBackground":{"backgroundType":"classic","gradient":""},"_price":"","_stock":"","_tribe_ticket_header":"","_tribe_default_ticket_provider":"","_tribe_ticket_capacity":"0","_ticket_start_date":"","_ticket_end_date":"","_tribe_ticket_show_description":"","_tribe_ticket_show_not_going":false,"_tribe_ticket_use_global_stock":"","_tribe_ticket_global_stock_level":"","_global_stock_mode":"","_global_stock_cap":"","_tribe_rsvp_for_event":"","_tribe_ticket_going_count":"","_tribe_ticket_not_going_count":"","_tribe_tickets_list":"[]","_tribe_ticket_has_attendee_info_fields":false,"footnotes":""},"categories":[46],"tags":[11083,11074,726,11267,11268,8116,10834,7580,11266,1066,11081,347,348,7579],"class_list":["post-11949","post","type-post","status-publish","format-standard","hentry","category-noticias","tag-acao-penal-2668","tag-ap-2668","tag-denuncia","tag-ex-ministro-da-defesa","tag-general","tag-integra","tag-interrogatorio","tag-nucleo-1","tag-paulo-sergio-nogueira","tag-procuradoria-geral-da-republica","tag-reu","tag-stf","tag-supremo-tribunal-federal","tag-tentativa-de-golpe-de-estado"],"acf":[],"_links":{"self":[{"href":"https:\/\/sgpsolucoes.com.br\/site\/wp-json\/wp\/v2\/posts\/11949"}],"collection":[{"href":"https:\/\/sgpsolucoes.com.br\/site\/wp-json\/wp\/v2\/posts"}],"about":[{"href":"https:\/\/sgpsolucoes.com.br\/site\/wp-json\/wp\/v2\/types\/post"}],"author":[{"embeddable":true,"href":"https:\/\/sgpsolucoes.com.br\/site\/wp-json\/wp\/v2\/users\/5"}],"replies":[{"embeddable":true,"href":"https:\/\/sgpsolucoes.com.br\/site\/wp-json\/wp\/v2\/comments?post=11949"}],"version-history":[{"count":0,"href":"https:\/\/sgpsolucoes.com.br\/site\/wp-json\/wp\/v2\/posts\/11949\/revisions"}],"wp:attachment":[{"href":"https:\/\/sgpsolucoes.com.br\/site\/wp-json\/wp\/v2\/media?parent=11949"}],"wp:term":[{"taxonomy":"category","embeddable":true,"href":"https:\/\/sgpsolucoes.com.br\/site\/wp-json\/wp\/v2\/categories?post=11949"},{"taxonomy":"post_tag","embeddable":true,"href":"https:\/\/sgpsolucoes.com.br\/site\/wp-json\/wp\/v2\/tags?post=11949"}],"curies":[{"name":"wp","href":"https:\/\/api.w.org\/{rel}","templated":true}]}}