{"id":11958,"date":"2025-06-11T16:50:55","date_gmt":"2025-06-11T19:50:55","guid":{"rendered":"https:\/\/sgpsolucoes.com.br\/site\/?p=11958"},"modified":"2025-06-11T16:50:56","modified_gmt":"2025-06-11T19:50:56","slug":"mantida-autorizacao-para-obras-de-tirolesa-no-pao-de-acucar","status":"publish","type":"post","link":"https:\/\/sgpsolucoes.com.br\/site\/mantida-autorizacao-para-obras-de-tirolesa-no-pao-de-acucar\/","title":{"rendered":"Mantida autoriza\u00e7\u00e3o para obras de tirolesa no P\u00e3o de A\u00e7\u00facar"},"content":{"rendered":"<p>A Segunda Turma do Superior Tribunal de Justi\u00e7a (STJ), por maioria de votos, manteve a decis\u00e3o do Tribunal Regional Federal da 2\u00aa Regi\u00e3o (TRF2) que autorizou o prosseguimento das obras de uma tirolesa entre os morros do P\u00e3o de A\u00e7\u00facar e da Urca, na cidade do Rio de Janeiro.<\/p><p>O colegiado&nbsp;n\u00e3o conheceu&nbsp;do&nbsp;recurso especial&nbsp;interposto pelo Minist\u00e9rio P\u00fablico Federal (MPF), por entender que \u00e9 incab\u00edvel o reexame dos argumentos utilizados nas inst\u00e2ncias ordin\u00e1rias em decis\u00f5es prec\u00e1rias para deferir ou indeferir liminares ou antecipa\u00e7\u00f5es de tutela.<\/p><p>Segundo o ministro Francisco Falc\u00e3o, relator do caso, os elementos trazidos aos autos apontam que a descontinuidade das obras causaria mais preju\u00edzos do que a finaliza\u00e7\u00e3o do empreendimento.<\/p><p>&#8220;Entender de forma diversa do&nbsp;ac\u00f3rd\u00e3o&nbsp;ora combatido, impedindo que fossem conclu\u00eddas as interven\u00e7\u00f5es que estavam na imin\u00eancia de se encerrar, representaria um verdadeiro contrassenso, diante dos evidentes danos \u00e0 paisagem causados pela manuten\u00e7\u00e3o de tapumes e lonas que envolvem os morros, instalados por motivos de seguran\u00e7a&#8221;, destacou o ministro.<\/p><p><strong>TRF2 liberou a obra porque ela j\u00e1 estava quase finalizada<\/strong><\/p><p>Na origem, o MPF ajuizou a\u00e7\u00e3o civil p\u00fablica contra a empresa Companhia Caminho A\u00e9reo P\u00e3o de A\u00e7\u00facar (CCAPA) e o Instituto do Patrim\u00f4nio Hist\u00f3rico e Art\u00edstico Nacional (Iphan) para suspender as obras, sob o argumento de que a empresa teria mutilado os morros para instalar a tirolesa. O MPF tamb\u00e9m questionou, no pedido de tutela de urg\u00eancia, a legalidade da autoriza\u00e7\u00e3o concedida pelo Iphan para a execu\u00e7\u00e3o do projeto, que prev\u00ea a instala\u00e7\u00e3o de novos cabos de a\u00e7o paralelos ao trajeto do bondinho do P\u00e3o de A\u00e7\u00facar.<\/p><p>O pedido foi acolhido em&nbsp;liminar&nbsp;de primeiro grau, mas o TRF2 reverteu&nbsp;a decis\u00e3o, sob o fundamento de que a obra estava conclu\u00edda em 95%, e sua paralisa\u00e7\u00e3o traria mais preju\u00edzos do que a sua finaliza\u00e7\u00e3o.<\/p><p>Ao STJ, o MPF alegou, entre outros pontos, que a obra altera gravemente a estrutura dos morros, causando danos irrevers\u00edveis ao meio ambiente, e que a decis\u00e3o impugnada privilegiou interesses privados em detrimento do interesse p\u00fablico.<\/p><p><strong>S\u00famula do STF seria afastada apenas em caso de ofensa direta&nbsp;a lei federal<\/strong><\/p><p>Francisco Falc\u00e3o explicou que a admiss\u00e3o do&nbsp;recurso especial&nbsp;exigiria a an\u00e1lise de fatos e provas, o que \u00e9 vedado pela&nbsp;S\u00famula 7&nbsp;do STJ. Al\u00e9m disso, o ministro citou a aplica\u00e7\u00e3o, por analogia, em rela\u00e7\u00e3o ao&nbsp;recurso especial, da S\u00famula 735 do Supremo Tribunal Federal (STF), segundo a qual n\u00e3o cabe&nbsp;recurso extraordin\u00e1rio&nbsp;contra&nbsp;ac\u00f3rd\u00e3o&nbsp;que defere medida&nbsp;liminar.<\/p><p>De acordo com o magistrado, a mitiga\u00e7\u00e3o da S\u00famula 735 do STF seria poss\u00edvel apenas na hip\u00f3tese de ofensa direta a lei federal, o que n\u00e3o foi comprovado no&nbsp;recurso especial&nbsp;do MPF.<\/p><p>&#8220;No caso de decis\u00f5es relacionadas \u00e0 tutela meramente&nbsp;liminar, n\u00e3o se pode trat\u00e1-las como julgados referentes ao&nbsp;m\u00e9rito&nbsp;do processo. Isso porque, por defini\u00e7\u00e3o, o ju\u00edzo realizado quando de sua&nbsp;prola\u00e7\u00e3o&nbsp;tem car\u00e1ter estritamente preliminar e prec\u00e1rio, restando a an\u00e1lise adstrita \u00e0 constata\u00e7\u00e3o do preenchimento dos requisitos do&nbsp;<em>periculum in mora<\/em>&nbsp;e do&nbsp;<em>fumus boni iuris<\/em>&#8220;, detalhou o ministro.<\/p><p><strong>Desconsiderar licen\u00e7as regulares criaria inseguran\u00e7a jur\u00eddica<\/strong><\/p><p>Com base no&nbsp;ac\u00f3rd\u00e3o&nbsp;do TRF2, o relator apontou que a constru\u00e7\u00e3o da tirolesa est\u00e1 praticamente finalizada em ambos os morros, de modo que o dano paisag\u00edstico decorrente da manuten\u00e7\u00e3o da&nbsp;liminar&nbsp;seria maior do que o dano supostamente causado pela continua\u00e7\u00e3o das obras. Al\u00e9m disso \u2013 prosseguiu \u2013, o corte e a perfura\u00e7\u00e3o de rocha j\u00e1 eram conhecidos pelo MPF desde 1\u00ba de mar\u00e7o de 2023, quando teve in\u00edcio o&nbsp;inqu\u00e9rito&nbsp;civil, ou seja, cerca de tr\u00eas meses antes do ajuizamento da a\u00e7\u00e3o, o que afasta a alega\u00e7\u00e3o de perigo na demora.<\/p><p>Falc\u00e3o lembrou ainda que os \u00f3rg\u00e3os municipais respons\u00e1veis pela prote\u00e7\u00e3o do patrim\u00f4nio cultural, paisag\u00edstico e geol\u00f3gico conclu\u00edram que a tirolesa n\u00e3o causaria nenhum dano aos morros protegidos, uma vez que a interven\u00e7\u00e3o necess\u00e1ria seria m\u00ednima.<\/p><p>Conforme o ministro, o&nbsp;provimento&nbsp;do recurso do MPF &#8220;criaria um clima de inseguran\u00e7a jur\u00eddica, passando por cima de diversas licen\u00e7as regulares, o que invariavelmente traria reflexos negativos ao pr\u00f3prio setor de turismo, t\u00e3o caro \u00e0 cidade do Rio de Janeiro&#8221;.<\/p><p><strong>Esta not\u00edcia refere-se ao(s)&nbsp;processo(s):<\/strong><\/p><p><strong><a href=\"https:\/\/ww2.stj.jus.br\/processo\/pesquisa\/?aplicacao=processos.ea&amp;tipoPesquisa=tipoPesquisaGenerica&amp;termo=REsp%202158371\">REsp 2158371<\/a><\/strong><\/p><p><strong><a href=\"https:\/\/ww2.stj.jus.br\/processo\/pesquisa\/?aplicacao=processos.ea&amp;tipoPesquisa=tipoPesquisaGenerica&amp;termo=REsp%202161852\">REsp 2161852<\/a><\/strong><\/p><p><strong>Fonte: STJ<\/strong><\/p>\n    <div class=\"xs_social_share_widget xs_share_url after_content \t\tmain_content  wslu-style-1 wslu-share-box-shaped wslu-fill-colored wslu-none wslu-share-horizontal wslu-theme-font-no wslu-main_content\">\n\n\t\t\n        <ul>\n\t\t\t        <\/ul>\n    <\/div> \n","protected":false},"excerpt":{"rendered":"<p>A Segunda Turma do Superior Tribunal de Justi\u00e7a (STJ), por maioria de votos, manteve a decis\u00e3o do Tribunal Regional Federal da 2\u00aa Regi\u00e3o (TRF2) que autorizou o prosseguimento das obras de uma tirolesa entre os morros do P\u00e3o de A\u00e7\u00facar e da Urca, na cidade do Rio de Janeiro.<\/p>\n","protected":false},"author":5,"featured_media":0,"comment_status":"open","ping_status":"open","sticky":false,"template":"","format":"standard","meta":{"postBodyCss":"","postBodyMargin":[],"postBodyPadding":[],"postBodyBackground":{"backgroundType":"classic","gradient":""},"_price":"","_stock":"","_tribe_ticket_header":"","_tribe_default_ticket_provider":"","_tribe_ticket_capacity":"0","_ticket_start_date":"","_ticket_end_date":"","_tribe_ticket_show_description":"","_tribe_ticket_show_not_going":false,"_tribe_ticket_use_global_stock":"","_tribe_ticket_global_stock_level":"","_global_stock_mode":"","_global_stock_cap":"","_tribe_rsvp_for_event":"","_tribe_ticket_going_count":"","_tribe_ticket_not_going_count":"","_tribe_tickets_list":"[]","_tribe_ticket_has_attendee_info_fields":false,"footnotes":""},"categories":[46],"tags":[3074,1120,11279,172,11278,2905,1567,229,230,11277,6888,6889,11280],"class_list":["post-11958","post","type-post","status-publish","format-standard","hentry","category-noticias","tag-autorizacao","tag-maioria-de-votos","tag-morros","tag-obras","tag-pao-de-acucar","tag-rio-de-janeiro","tag-segunda-turma","tag-stj","tag-superior-tribunal-de-justica","tag-tirolesa","tag-trf2","tag-tribunal-regional-federal-da-2a-regiao","tag-urca"],"acf":[],"_links":{"self":[{"href":"https:\/\/sgpsolucoes.com.br\/site\/wp-json\/wp\/v2\/posts\/11958"}],"collection":[{"href":"https:\/\/sgpsolucoes.com.br\/site\/wp-json\/wp\/v2\/posts"}],"about":[{"href":"https:\/\/sgpsolucoes.com.br\/site\/wp-json\/wp\/v2\/types\/post"}],"author":[{"embeddable":true,"href":"https:\/\/sgpsolucoes.com.br\/site\/wp-json\/wp\/v2\/users\/5"}],"replies":[{"embeddable":true,"href":"https:\/\/sgpsolucoes.com.br\/site\/wp-json\/wp\/v2\/comments?post=11958"}],"version-history":[{"count":0,"href":"https:\/\/sgpsolucoes.com.br\/site\/wp-json\/wp\/v2\/posts\/11958\/revisions"}],"wp:attachment":[{"href":"https:\/\/sgpsolucoes.com.br\/site\/wp-json\/wp\/v2\/media?parent=11958"}],"wp:term":[{"taxonomy":"category","embeddable":true,"href":"https:\/\/sgpsolucoes.com.br\/site\/wp-json\/wp\/v2\/categories?post=11958"},{"taxonomy":"post_tag","embeddable":true,"href":"https:\/\/sgpsolucoes.com.br\/site\/wp-json\/wp\/v2\/tags?post=11958"}],"curies":[{"name":"wp","href":"https:\/\/api.w.org\/{rel}","templated":true}]}}