{"id":11970,"date":"2025-06-11T17:54:40","date_gmt":"2025-06-11T20:54:40","guid":{"rendered":"https:\/\/sgpsolucoes.com.br\/site\/?p=11970"},"modified":"2025-06-11T17:54:41","modified_gmt":"2025-06-11T20:54:41","slug":"tce-es-determina-suspensao-de-adesao-a-ata-de-registro-de-precos-por-consorcio-de-municipios-em-face-de-duas-irregularidades-ausencia-de-previsao-legal-quanto-a-forma-da-adesao-adotada-carona-d","status":"publish","type":"post","link":"https:\/\/sgpsolucoes.com.br\/site\/tce-es-determina-suspensao-de-adesao-a-ata-de-registro-de-precos-por-consorcio-de-municipios-em-face-de-duas-irregularidades-ausencia-de-previsao-legal-quanto-a-forma-da-adesao-adotada-carona-d\/","title":{"rendered":"TCE-ES determina suspens\u00e3o de ades\u00e3o \u00e0 Ata de Registro de Pre\u00e7os por Cons\u00f3rcio de munic\u00edpios, em face de duas irregularidades: aus\u00eancia de previs\u00e3o legal quanto \u00e0 forma da ades\u00e3o adotada (&#8220;carona&#8221; da &#8220;carona&#8221;) e eleva\u00e7\u00e3o burocr\u00e1tica e onerosa\u00a0"},"content":{"rendered":"<p>O Tribunal de Contas do Estado do Esp\u00edrito Santo determinou que o Cons\u00f3rcio P\u00fablico da Regi\u00e3o Norte do Esp\u00edrito Santo, o&nbsp;<mark>CIM Norte,<\/mark>&nbsp;<mark>suspenda a Ades\u00e3o \u00e0 Ata de Registro de Pre\u00e7os<\/mark>&nbsp;n\u00ba 290\/2023 e eventuais contrata\u00e7\u00f5es dela decorrentes.&nbsp;&nbsp;<\/p><p>Esta Ata, \u00e0 qual o CIM Norte aderiu, \u00e9 proveniente do processo licitat\u00f3rio homologado pelo Cons\u00f3rcio P\u00fablico da Regi\u00e3o Polinorte, o&nbsp;<mark>CIM Polinorte,<\/mark>&nbsp;para&nbsp;<mark>contrata\u00e7\u00e3o de empresa especializada no preparo e distribui\u00e7\u00e3o de alimenta\u00e7\u00e3o balanceada e em condi\u00e7\u00f5es higi\u00eanico-sanit\u00e1rias adequadas aos alunos matriculados em unidades escolares da rede municipal de ensino<\/mark>&nbsp;dos munic\u00edpios participantes do Cons\u00f3rcio.&nbsp;&nbsp;<\/p><p>A decis\u00e3o foi do conselheiro substituto Marco Ant\u00f4nio da Silva, relator do processo em que se questiona a contrata\u00e7\u00e3o,&nbsp;<strong><a href=\"https:\/\/diario.tcees.tc.br\/edicao\/2025\/05\/22\/atos-plenario\/outras-decisoes-plenario\/noticia\/65224\">e foi ratificada pelo Plen\u00e1rio na sess\u00e3o do \u00faltimo dia 20.<\/a><\/strong>&nbsp;O relator determinou a suspens\u00e3o por entender que houve o cometimento de duas irregularidades. Uma pela \u201caus\u00eancia de previs\u00e3o legal quanto \u00e0 forma da ades\u00e3o adotada\u201d e outra \u201cpela eleva\u00e7\u00e3o burocr\u00e1tica e onerosa.\u201d&nbsp;<\/p><p>Conforme apresentado no processo, o CIM NORTE realizou a ades\u00e3o da citada ata em 20\/09\/2024 e contratualiza\u00e7\u00e3o em 18\/10\/2024, para atender os Munic\u00edpios consorciados \u00e0 C\u00e2mara Setorial de Compras Compartilhadas do Cons\u00f3rcio.&nbsp;&nbsp;<\/p><p>Contudo, o CIM Norte se colocou como aderente (caroneiro) e posteriormente contratante, n\u00e3o concedendo o servi\u00e7o aos consorciados mediante contrato de programa, e sim mera autoriza\u00e7\u00e3o de fornecimento, como se fossem estes participantes do procedimento licitat\u00f3rio. Tal conduta fere a legisla\u00e7\u00e3o de reg\u00eancia, tornando o procedimento e sua execu\u00e7\u00e3o ilegal, apontou-se na representa\u00e7\u00e3o.&nbsp;&nbsp;<\/p><p>Al\u00e9m disso, o CIM NORTE aderiu \u00e0 referida ata de registro de pre\u00e7os e contratualizou como se fosse interessado na execu\u00e7\u00e3o do servi\u00e7o. Tal ades\u00e3o e contratualiza\u00e7\u00e3o se deu para conceder a utiliza\u00e7\u00e3o aos consorciados, em desacordo com a regra do instituto do registro de pre\u00e7os.&nbsp;&nbsp;<\/p><p>Como o CIM Norte n\u00e3o \u00e9 \u00f3rg\u00e3o participante da licita\u00e7\u00e3o, mas mero \u201ccaroneiro\u201d, isso n\u00e3o lhe permite conceder \u201ccarona\u201d da \u201ccarona\u201d aos seus consorciados, e somente poderia conceder a utiliza\u00e7\u00e3o do servi\u00e7o aos consorciados se estes fossem \u00f3rg\u00e3os participantes do certame.&nbsp;&nbsp;<\/p><p>Em sua an\u00e1lise, a \u00e1rea t\u00e9cnica pontuou que a Lei de Licita\u00e7\u00f5es n\u00e3o traz dispositivo que autorize um cons\u00f3rcio municipal aderir a ata de registro de pre\u00e7os de outro cons\u00f3rcio e conceder aos seus consorciados a utiliza\u00e7\u00e3o do servi\u00e7o por meio de&nbsp;<mark>\u201ccarona\u201d da \u201ccarona\u201d,<\/mark>&nbsp;atuando como intermedi\u00e1rio na ades\u00e3o \u00e0 ata de registro de pre\u00e7os.&nbsp;&nbsp;<\/p><p>\u201cO procedimento adequado seria o CIM Norte, diante da demanda apresentada por seus consorciados, realizar seu pr\u00f3prio certame licitat\u00f3rio para aquisi\u00e7\u00e3o do servi\u00e7o demandado, ou, ao identificar que a ata do CIM Polinorte atenderia \u00e0 demanda dos consorciados, orientar para que cada ente consorciado realizasse a ades\u00e3o de forma direta, sem nenhuma forma de intermedia\u00e7\u00e3o. Contudo, os gestores do CIM Norte n\u00e3o apresentaram a manifesta\u00e7\u00e3o de inten\u00e7\u00e3o dos consorciados em participar do processo licitat\u00f3rio, e nem suas estimativas de quantidade\u201d, frisou a equipe t\u00e9cnica.&nbsp;<\/p><p>A equipe cita ainda que a<mark>&nbsp;irregularidade do procedimento<\/mark>&nbsp;adotado pelo CIM Norte no processo de contrata\u00e7\u00e3o fica mais clara quando se verifica o contrato de programa firmado com a Prefeitura de S\u00e3o Mateus, onde o Cons\u00f3rcio assume a responsabilidade de repassar para o munic\u00edpio, como contratante, servi\u00e7os de uma Ata de Registro de Pre\u00e7os da qual n\u00e3o \u00e9 gerente e nem participante e cobra por isso uma taxa operacional de 1%, burocratizando o processo e onerando o munic\u00edpio desnecessariamente.&nbsp;<\/p><p>\u201cO caminho adequado seria a Prefeitura de S\u00e3o Mateus aderir diretamente \u00e0 Ata de Registro de Pre\u00e7os do CIM Noroeste como carona, sem necessidade de intermedia\u00e7\u00e3o do CIM Norte\u201d, afirmou o relat\u00f3rio.&nbsp;<\/p><p>Outro problema foi a utiliza\u00e7\u00e3o do&nbsp;<mark>contrato de programa<\/mark>&nbsp;como&nbsp;<mark>instrumento contratual<\/mark>&nbsp;entre o CIM Norte e seus consorciados no processo de contrata\u00e7\u00e3o. Segundo a legisla\u00e7\u00e3o, a confec\u00e7\u00e3o do contrato de programa est\u00e1 limitada \u00e0s hip\u00f3teses em que o Cons\u00f3rcio P\u00fablico \u00e9 contratado para prestar servi\u00e7o p\u00fablico de forma associada.&nbsp;<\/p><p>Mas no caso da contrata\u00e7\u00e3o analisada, o CIM Norte, ao aderir \u00e0 Ata de Registro de Pre\u00e7os n\u00ba 290\/2023 e utilizar o Contrato de Programa como instrumento para ades\u00e3o de seus consorciados, confundiu compras compartilhadas com contrato de programa, em desacordo com a legisla\u00e7\u00e3o.&nbsp;&nbsp;<\/p><p>No processo, o representante alegou que a conduta realizada pelo CIM Norte, juntamente com a anu\u00eancia do CIM Polinorte, violou os referidos princ\u00edpios legais da legalidade, publicidade, transpar\u00eancia, competitividade e a busca pelo menor disp\u00eandio pela Administra\u00e7\u00e3o P\u00fablica.&nbsp;<\/p><p>Em seu voto, o relator justificou a necessidade de uma medida cautelar para suspender esta ades\u00e3o \u00e0 Ata, visto que o Contrato 12\/2024 CIM Norte \u2013 proveniente da Ades\u00e3o \u00e0 Ata de Registro de Pre\u00e7os 290\/2023 \u2013 est\u00e1 em vigor, e seria poss\u00edvel novas ades\u00f5es at\u00e9 a decis\u00e3o do TCE-ES.&nbsp;&nbsp;<\/p><p>\u201cV\u00ea-se que a metodologia adotada pelo Cons\u00f3rcio CIM Norte, ao menos neste momento, n\u00e3o demonstra dispor de previs\u00e3o legal e tornou mais oneroso o disp\u00eandio arcado por parte de seus consorciados, a exemplo do ocorrido com o Poder Executivo do Munic\u00edpio de S\u00e3o Mateus. H\u00e1 aparente aus\u00eancia de previs\u00e3o legal, o que aponta na plausabilidade de se suspender a contrata\u00e7\u00e3o por conta da imputa\u00e7\u00e3o das irregularidades aduzidas. E se n\u00e3o concedida a medida de urg\u00eancia, o ato continuar\u00e1 a produzir efeitos, o que pode ensejar preju\u00edzo iminente e continuado, acaso confirmadas as irregularidades, ap\u00f3s a devida instru\u00e7\u00e3o do feito\u201d, opinou Marco Ant\u00f4nio.&nbsp;<\/p><p>Ele tamb\u00e9m determinou aos atuais e ex-presidentes das entidades para que prestem esclarecimentos no prazo de 10 dias.&nbsp;<\/p><h5 class=\"wp-block-heading\">Entenda: medida cautelar\u202f&nbsp;&nbsp;<\/h5><p>Tem a finalidade de, emergencialmente, prevenir, conservar, proteger ou assegurar direitos, por haver fundado receio de grave ofensa ao interesse p\u00fablico ou de inefic\u00e1cia das decis\u00f5es do tribunal. \u202f&nbsp;&nbsp;<\/p><p>A medida cautelar poder\u00e1 ser concedida no in\u00edcio ou no decorrer do processo, podendo a decis\u00e3o ser revista a qualquer tempo por essa Corte de Contas. \u202f&nbsp;&nbsp;<\/p><p>A cautelar n\u00e3o indica julgamento terminativo do m\u00e9rito, ou seja, n\u00e3o \u00e9 poss\u00edvel atribuir valor \u00e9tico e formal \u00e0 conduta do agente a partir desta decis\u00e3o. \u202f&nbsp;<\/p><p><strong><a href=\"https:\/\/www.tcees.tc.br\/consultas\/processo\/detalhar-processo?numero=1869&amp;ano=2025&amp;key=76c2a8ee667c9ef4b5bd4877c71e7ce1b2a76914d2e1b05ce5dfa7590c69998b08e153bb8434eb3062e9ba1ae1e29e64899c8ce78f0b42176487a4e7f2bde510\" target=\"_blank\" rel=\"noreferrer noopener\">Processo TC 1869\/2025<\/a><\/strong>&nbsp;<\/p><figure class=\"wp-block-table\"><table class=\"has-fixed-layout\"><tbody><tr><td><strong>Resumo em t\u00f3picos <br><\/strong><br><strong>Suspens\u00e3o Determinada<\/strong>: TCE-ES suspendeu a ades\u00e3o do CIM Norte \u00e0 Ata de Registro de Pre\u00e7os n\u00ba 290\/2023 por irregularidades.<br><br><strong>Irregularidade Legal<\/strong>: O cons\u00f3rcio atuou como &#8220;carona da carona&#8221;, pr\u00e1tica sem respaldo legal e que elevou os custos.<br><br><strong>Mau Uso do Contrato de Programa<\/strong>: CIM Norte utilizou contrato de programa indevidamente para repassar servi\u00e7os aos consorciados.<br><br><strong>Onerosidade Exemplar<\/strong>: A Prefeitura de S\u00e3o Mateus foi onerada com taxa extra por intermedia\u00e7\u00e3o indevida do cons\u00f3rcio.<br><br><strong>Medida Urgente e Esclarecimentos<\/strong>: TCE aplicou medida cautelar e pediu explica\u00e7\u00f5es aos presidentes do cons\u00f3rcio.<\/td><\/tr><\/tbody><\/table><\/figure><p><strong>Fonte: TCE-ES<\/strong><\/p>\n    <div class=\"xs_social_share_widget xs_share_url after_content \t\tmain_content  wslu-style-1 wslu-share-box-shaped wslu-fill-colored wslu-none wslu-share-horizontal wslu-theme-font-no wslu-main_content\">\n\n\t\t\n        <ul>\n\t\t\t        <\/ul>\n    <\/div> \n","protected":false},"excerpt":{"rendered":"<p>O Tribunal de Contas do Estado do Esp\u00edrito Santo determinou que o Cons\u00f3rcio P\u00fablico da Regi\u00e3o Norte do Esp\u00edrito Santo, o\u00a0CIM Norte,\u00a0suspenda a Ades\u00e3o \u00e0 Ata de Registro de Pre\u00e7os\u00a0n\u00ba 290\/2023 e eventuais contrata\u00e7\u00f5es dela decorrentes.\u00a0\u00a0<\/p>\n","protected":false},"author":5,"featured_media":0,"comment_status":"open","ping_status":"open","sticky":false,"template":"","format":"standard","meta":{"postBodyCss":"","postBodyMargin":[],"postBodyPadding":[],"postBodyBackground":{"backgroundType":"classic","gradient":""},"_price":"","_stock":"","_tribe_ticket_header":"","_tribe_default_ticket_provider":"","_tribe_ticket_capacity":"0","_ticket_start_date":"","_ticket_end_date":"","_tribe_ticket_show_description":"","_tribe_ticket_show_not_going":false,"_tribe_ticket_use_global_stock":"","_tribe_ticket_global_stock_level":"","_global_stock_mode":"","_global_stock_cap":"","_tribe_rsvp_for_event":"","_tribe_ticket_going_count":"","_tribe_ticket_not_going_count":"","_tribe_tickets_list":"[]","_tribe_ticket_has_attendee_info_fields":false,"footnotes":""},"categories":[46],"tags":[3416,11304,11309,6689,124,7956,11312,11313,11303,11306,11310,1983,11302,1404,2159,11311,11307,489,399,771,4264,11305,545,5814,3117,4702,4707,11308],"class_list":["post-11970","post","type-post","status-publish","format-standard","hentry","category-noticias","tag-adesao-2","tag-adesao-a-ata-de-registro-de-precos","tag-alimentacao-balanceada","tag-alunos","tag-ata","tag-ata-de-registro-de-precos-2","tag-carona-da-carona","tag-caroneiro","tag-cim-norte","tag-condicoes-higienico-sanitarias","tag-consorciados","tag-consorcio","tag-consorcio-publico-da-regiao-norte-do-espirito-santo","tag-contratacoes","tag-distribuicao-2","tag-elevacao-burocratica","tag-forma-da-adesao","tag-irregularidades","tag-municipios","tag-onerosa","tag-preparo","tag-previsao-legal","tag-processo-licitatorio","tag-rede-municipal-de-ensino","tag-suspensao","tag-tce-es","tag-tribunal-de-contas-do-estado-do-espirito-santo","tag-unidades-escolares"],"acf":[],"_links":{"self":[{"href":"https:\/\/sgpsolucoes.com.br\/site\/wp-json\/wp\/v2\/posts\/11970"}],"collection":[{"href":"https:\/\/sgpsolucoes.com.br\/site\/wp-json\/wp\/v2\/posts"}],"about":[{"href":"https:\/\/sgpsolucoes.com.br\/site\/wp-json\/wp\/v2\/types\/post"}],"author":[{"embeddable":true,"href":"https:\/\/sgpsolucoes.com.br\/site\/wp-json\/wp\/v2\/users\/5"}],"replies":[{"embeddable":true,"href":"https:\/\/sgpsolucoes.com.br\/site\/wp-json\/wp\/v2\/comments?post=11970"}],"version-history":[{"count":0,"href":"https:\/\/sgpsolucoes.com.br\/site\/wp-json\/wp\/v2\/posts\/11970\/revisions"}],"wp:attachment":[{"href":"https:\/\/sgpsolucoes.com.br\/site\/wp-json\/wp\/v2\/media?parent=11970"}],"wp:term":[{"taxonomy":"category","embeddable":true,"href":"https:\/\/sgpsolucoes.com.br\/site\/wp-json\/wp\/v2\/categories?post=11970"},{"taxonomy":"post_tag","embeddable":true,"href":"https:\/\/sgpsolucoes.com.br\/site\/wp-json\/wp\/v2\/tags?post=11970"}],"curies":[{"name":"wp","href":"https:\/\/api.w.org\/{rel}","templated":true}]}}