{"id":11973,"date":"2025-06-11T18:30:47","date_gmt":"2025-06-11T21:30:47","guid":{"rendered":"https:\/\/sgpsolucoes.com.br\/site\/?p=11973"},"modified":"2025-06-11T18:30:48","modified_gmt":"2025-06-11T21:30:48","slug":"tce-determina-que-estado-nao-assine-contrato-de-r-237-milhoes-para-programa-de-inclusao-produtiva-de-jovens","status":"publish","type":"post","link":"https:\/\/sgpsolucoes.com.br\/site\/tce-determina-que-estado-nao-assine-contrato-de-r-237-milhoes-para-programa-de-inclusao-produtiva-de-jovens\/","title":{"rendered":"TCE determina que Estado n\u00e3o assine contrato de R$ 237 milh\u00f5es para programa de inclus\u00e3o produtiva de jovens"},"content":{"rendered":"<p>O Tribunal de Contas determinou, liminarmente, que a Secretaria de Estado de Desenvolvimento Social (Sedese), n\u00e3o assine eventual contrato com a entidade selecionada para executar o Programa Evolu\u00e7\u00e3o Jovem, dentro do Edital Sedese\/Subipter n. 01\/2025. O programa visa atender 10 mil estudantes da Rede P\u00fablica Estadual, em 70 cidades mineiras, com realiza\u00e7\u00e3o de pol\u00edticas p\u00fablicas de socioaprendizagem e inclus\u00e3o produtiva. Pelo edital, o Estado repassar\u00e1 mais de R$ 237 milh\u00f5es \u00e0 entidade vencedora do certame. A decis\u00e3o do relator da Den\u00fancia n. 1188122, conselheiro Licurgo Mour\u00e3o, foi referendada por unanimidade pelo Tribunal Pleno nesta quarta-feira (11\/06).<\/p><figure class=\"wp-block-image size-large\"><img decoding=\"async\" src=\"https:\/\/sgpsolucoes.com.br\/site\/wp-content\/uploads\/2025\/06\/image-24-1024x593.png\" alt=\"\" class=\"wp-image-11974\"\/><figcaption class=\"wp-element-caption\"><em>Sess\u00e3o do Tribunal Pleno desta quarta-feira (11\/06) &#8211; Imagem TV TCE<\/em><\/figcaption><\/figure><p>A den\u00fancia, apresentada pela Associa\u00e7\u00e3o Profissionalizante do Menor de Belo Horizonte (Assprom) e pela Rede Cidad\u00e3, questiona a exig\u00eancia de qualifica\u00e7\u00e3o, pela entidade vencedora, como Organiza\u00e7\u00e3o da Sociedade Civil de Interesse P\u00fablico (Oscip) no momento da assinatura do termo de parceria. Segundo as denunciantes, a exig\u00eancia afasta entidades tradicionalmente habilitadas para execu\u00e7\u00e3o destas pol\u00edticas p\u00fablicas, como aquelas detentoras do Certificado de Entidade Beneficente de Assist\u00eancia Social (Cebas).&nbsp;<\/p><p>Em sua decis\u00e3o, o relator refor\u00e7a que \u201cembora n\u00e3o tenha sido imposto \u00e0s entidades a qualifica\u00e7\u00e3o como OSCIP para participa\u00e7\u00e3o no certame, a exig\u00eancia de tal requisito, ainda que em momento posterior, caracteriza indevida restri\u00e7\u00e3o indireta de competividade no processo de sele\u00e7\u00e3o p\u00fablica em quest\u00e3o\u201d, destacando que devido \u00e0 relev\u00e2ncia da pol\u00edtica p\u00fablica proposta e os valores vultuosos \u201cmostra-se inadequada a restri\u00e7\u00e3o, sem justificativa h\u00e1bil, de entidades aptas ao cumprimento regular do objeto\u201d, concluiu.<\/p><p>O presidente do TCEMG, conselheiro Durval \u00c2ngelo, referendou a decis\u00e3o, destacando que \u201cesse \u00e9 o papel do Tribunal de Contas, estar vigilante e ser a voz da sociedade. Admitir que uma entidade seja punida por ter o mais (Cebas), \u00e9 um equ\u00edvoco, por isso disse que o relator nos trouxe uma jabuticaba mineira\u201d, citou, em alus\u00e3o a ser algo \u201cpeculiar\u201d restringir a participa\u00e7\u00e3o de entidades na licita\u00e7\u00e3o.<\/p><p><strong>Evolu\u00e7\u00e3o Jovem<\/strong><\/p><p>O &#8220;Programa Evolu\u00e7\u00e3o Jovem&#8221; visa promover a inclus\u00e3o produtiva e a socioaprendizagem de jovens em situa\u00e7\u00e3o de vulnerabilidade social, entre 16 e 24 anos, em 70 munic\u00edpios mineiros, a fim de promover a empregabilidade, a supera\u00e7\u00e3o das desigualdades educacionais e a eleva\u00e7\u00e3o da escolaridade m\u00e9dia de jovens que enfrentam altas taxas de insucesso escolar, tais como abandono e reprova\u00e7\u00e3o. O programa integra forma\u00e7\u00e3o socioemocional, profissional e escolar complementar, mentoria, acompanhamento socioassistencial, trabalho formal remunerado e certifica\u00e7\u00e3o no programa.<\/p><p>Em sua decis\u00e3o, o TCEMG determinou, ainda, que a Sedese comprove o cumprimento da medida cautelar, sob risco de multa di\u00e1ria de R$ 2 mil, at\u00e9 o limite de R$ 18 mil.&nbsp;<\/p><p><strong>Fonte: TCE-MG<\/strong><\/p>\n    <div class=\"xs_social_share_widget xs_share_url after_content \t\tmain_content  wslu-style-1 wslu-share-box-shaped wslu-fill-colored wslu-none wslu-share-horizontal wslu-theme-font-no wslu-main_content\">\n\n\t\t\n        <ul>\n\t\t\t        <\/ul>\n    <\/div> \n","protected":false},"excerpt":{"rendered":"<p>O Tribunal de Contas determinou, liminarmente, que a Secretaria de Estado de Desenvolvimento Social (Sedese), n\u00e3o assine eventual contrato com a entidade selecionada para executar o Programa Evolu\u00e7\u00e3o Jovem, dentro do Edital Sedese\/Subipter n. 01\/2025. O programa visa atender 10 mil estudantes da Rede P\u00fablica Estadual, em 70 cidades mineiras, com realiza\u00e7\u00e3o de pol\u00edticas p\u00fablicas de socioaprendizagem e inclus\u00e3o produtiva. Pelo edital, o Estado repassar\u00e1 mais de R$ 237 milh\u00f5es \u00e0 entidade vencedora do certame. A decis\u00e3o do relator da Den\u00fancia n. 1188122, conselheiro Licurgo Mour\u00e3o, foi referendada por unanimidade pelo Tribunal Pleno nesta quarta-feira (11\/06).<\/p>\n","protected":false},"author":5,"featured_media":0,"comment_status":"open","ping_status":"open","sticky":false,"template":"","format":"standard","meta":{"postBodyCss":"","postBodyMargin":[],"postBodyPadding":[],"postBodyBackground":{"backgroundType":"classic","gradient":""},"_price":"","_stock":"","_tribe_ticket_header":"","_tribe_default_ticket_provider":"","_tribe_ticket_capacity":"0","_ticket_start_date":"","_ticket_end_date":"","_tribe_ticket_show_description":"","_tribe_ticket_show_not_going":false,"_tribe_ticket_use_global_stock":"","_tribe_ticket_global_stock_level":"","_global_stock_mode":"","_global_stock_cap":"","_tribe_rsvp_for_event":"","_tribe_ticket_going_count":"","_tribe_ticket_not_going_count":"","_tribe_tickets_list":"[]","_tribe_ticket_has_attendee_info_fields":false,"footnotes":""},"categories":[46],"tags":[491,856,2062,5933,11319,9066,2897,11317,11318,11314,9382,11315,11316,11320,486,451],"class_list":["post-11973","post","type-post","status-publish","format-standard","hentry","category-noticias","tag-contrato","tag-edital","tag-estado","tag-estudantes","tag-inclusao-produtiva","tag-jovens","tag-politicas-publicas","tag-programa-de-inclusao-produtiva","tag-programa-evolucao-jovem","tag-r-237-milhoes","tag-rede-publica-estadual","tag-secretaria-de-estado-de-desenvolvimento-social","tag-sedese","tag-socioaprendizagem","tag-tce","tag-tribunal-de-contas"],"acf":[],"_links":{"self":[{"href":"https:\/\/sgpsolucoes.com.br\/site\/wp-json\/wp\/v2\/posts\/11973"}],"collection":[{"href":"https:\/\/sgpsolucoes.com.br\/site\/wp-json\/wp\/v2\/posts"}],"about":[{"href":"https:\/\/sgpsolucoes.com.br\/site\/wp-json\/wp\/v2\/types\/post"}],"author":[{"embeddable":true,"href":"https:\/\/sgpsolucoes.com.br\/site\/wp-json\/wp\/v2\/users\/5"}],"replies":[{"embeddable":true,"href":"https:\/\/sgpsolucoes.com.br\/site\/wp-json\/wp\/v2\/comments?post=11973"}],"version-history":[{"count":0,"href":"https:\/\/sgpsolucoes.com.br\/site\/wp-json\/wp\/v2\/posts\/11973\/revisions"}],"wp:attachment":[{"href":"https:\/\/sgpsolucoes.com.br\/site\/wp-json\/wp\/v2\/media?parent=11973"}],"wp:term":[{"taxonomy":"category","embeddable":true,"href":"https:\/\/sgpsolucoes.com.br\/site\/wp-json\/wp\/v2\/categories?post=11973"},{"taxonomy":"post_tag","embeddable":true,"href":"https:\/\/sgpsolucoes.com.br\/site\/wp-json\/wp\/v2\/tags?post=11973"}],"curies":[{"name":"wp","href":"https:\/\/api.w.org\/{rel}","templated":true}]}}