{"id":11977,"date":"2025-06-11T18:35:57","date_gmt":"2025-06-11T21:35:57","guid":{"rendered":"https:\/\/sgpsolucoes.com.br\/site\/?p=11977"},"modified":"2025-06-11T18:35:58","modified_gmt":"2025-06-11T21:35:58","slug":"tce-pr-orienta-policia-penal-a-corrigir-falhas-na-gestao-e-controle-de-sua-frota","status":"publish","type":"post","link":"https:\/\/sgpsolucoes.com.br\/site\/tce-pr-orienta-policia-penal-a-corrigir-falhas-na-gestao-e-controle-de-sua-frota\/","title":{"rendered":"TCE-PR orienta Pol\u00edcia Penal a corrigir falhas na gest\u00e3o e controle de sua frota"},"content":{"rendered":"<p>O Tribunal de Contas emitiu 48 recomenda\u00e7\u00f5es para a melhoria da gest\u00e3o e do controle da frota da Pol\u00edcia Penal do Paran\u00e1. As recomenda\u00e7\u00f5es s\u00e3o direcionadas a essa for\u00e7a policial e tamb\u00e9m \u00e0 Secretaria de Estado da Seguran\u00e7a P\u00fablica (Sesp-PR), \u00e0 qual a Pol\u00edcia Penal \u00e9 vinculada.<\/p><p>As medidas foram sugeridas pela Sexta Inspetoria de Controle Externo (6\u00aa ICE) do TCE-PR, que detectou oportunidades de melhoria na aplica\u00e7\u00e3o dos recursos p\u00fablicos relativos \u00e0 gest\u00e3o da frota no \u00e2mbito da Sesp-PR e suas for\u00e7as policiais. Sob a superintend\u00eancia do conselheiro Fabio Camargo, a 6\u00aa ICE \u00e9 a unidade t\u00e9cnica do Tribunal respons\u00e1vel pela fiscaliza\u00e7\u00e3o da \u00e1rea tem\u00e1tica Cidadania e Seguran\u00e7a P\u00fablica na esfera estadual durante o quadri\u00eanio 2023-2026.<\/p><p>A 6\u00aa ICE identificou 41 achados de auditoria em rela\u00e7\u00e3o \u00e0 Pol\u00edcia Penal, que resultaram na proposi\u00e7\u00e3o de 48 recomenda\u00e7\u00f5es expedidas pelo TCE-PR para o aperfei\u00e7oamento da pol\u00edtica de seguran\u00e7a p\u00fablica. &#8220;Achado de auditoria&#8221; \u00e9 a designa\u00e7\u00e3o t\u00e9cnica para oportunidades de melhoria verificadas pelos auditores na execu\u00e7\u00e3o de um trabalho de fiscaliza\u00e7\u00e3o.<\/p><p><strong>A auditoria<\/strong><\/p><p>A fiscaliza\u00e7\u00e3o presencial foi executada, com base nas Normas Brasileiras de Auditoria do Setor P\u00fablico (NBASPs), entre julho e outubro de 2023, e envolveu todas as for\u00e7as de seguran\u00e7a vinculadas \u00e0 Sesp-PR: Pol\u00edcia Militar, Pol\u00edcia Civil, Pol\u00edcia Penal, Pol\u00edcia Cient\u00edfica e Corpo de Bombeiros. A equipe percorreu 5.270 quil\u00f4metros para visitar 27 p\u00e1tios de unidades de seguran\u00e7a, em sete munic\u00edpios: Curitiba, Londrina, Maring\u00e1, Ponta Grossa, Foz do Igua\u00e7u, Guarapuava e Umuarama.<\/p><p>Nesse trabalho, a equipe t\u00e9cnica constatou problemas estruturais e operacionais que comprometem a pol\u00edtica de seguran\u00e7a p\u00fablica no estado. Em rela\u00e7\u00e3o \u00e0 Pol\u00edcia Penal, destacaram-se falhas no gerenciamento, no monitoramento, no controle interno, na gest\u00e3o de ve\u00edculos inserv\u00edveis e na regulamenta\u00e7\u00e3o vigente.<\/p><p>Entre os principais apontamentos est\u00e3o falhas no planejamento financeiro da manuten\u00e7\u00e3o preventiva e aus\u00eancia de a\u00e7\u00f5es concretas do Controle Interno para prevenir ou detectar erros e irregularidades na gest\u00e3o da frota, al\u00e9m de insufici\u00eancia na fiscaliza\u00e7\u00e3o dos servi\u00e7os prestados pela empresa respons\u00e1vel pela manuten\u00e7\u00e3o.<\/p><p><strong>Ve\u00edculos inserv\u00edveis<\/strong><\/p><p>A fiscaliza\u00e7\u00e3o realizada evidenciou a inoper\u00e2ncia para destina\u00e7\u00e3o de ve\u00edculos inserv\u00edveis e ve\u00edculos colocados \u00e0 disposi\u00e7\u00e3o para leil\u00e3o; a exist\u00eancia de invent\u00e1rio desatualizado referente a frota por departamento da Sesp-PR; a falta de a\u00e7\u00f5es, por parte do Controle Interno, relacionadas \u00e0s quest\u00f5es que envolvem a gest\u00e3o de frota, com a finalidade de preven\u00e7\u00e3o ou detec\u00e7\u00e3o, tempestivamente, de erros ou irregularidades relevantes; e a aus\u00eancia de par\u00e2metros objetivos para definir se um ve\u00edculo inserv\u00edvel deve ser classificado como de circula\u00e7\u00e3o ou sucata.<\/p><p><strong>Normas e processos<\/strong><\/p><p>Al\u00e9m disso, foram verificadas oportunidades de melhoria em rela\u00e7\u00e3o \u00e0 inexist\u00eancia de atos normativos que disciplinem as atividades de registro e utiliza\u00e7\u00e3o de equipamentos de transporte da frota p\u00fablica; \u00e0 falta de especifica\u00e7\u00f5es t\u00e9cnicas m\u00ednimas para aquisi\u00e7\u00e3o e loca\u00e7\u00e3o de ve\u00edculos de remo\u00e7\u00e3o &#8211; transporte de presos; e \u00e0 aus\u00eancia de plano de conting\u00eancia, elaborado pela Sesp-PR, com defini\u00e7\u00e3o de planos de a\u00e7\u00e3o para os principais eventos e ocorr\u00eancias urgentes que comprometam a organiza\u00e7\u00e3o em lidar com situa\u00e7\u00f5es de alto risco e necessidades de atendimento imediato.<\/p><p><strong>Estrutura f\u00edsica<\/strong><\/p><p>A equipe de trabalho identificou, tamb\u00e9m, a falta de p\u00e1tio adequado para estacionamento dos ve\u00edculos de investiga\u00e7\u00e3o e as condi\u00e7\u00f5es inadequadas para armazenamento de ve\u00edculos; a exist\u00eancia de viaturas com&nbsp;<em>plotagens<\/em>&nbsp;em condi\u00e7\u00f5es prec\u00e1rias; e a inexist\u00eancia de compartilhamento de informa\u00e7\u00f5es quanto a ve\u00edculos dispon\u00edveis para transfer\u00eancia.<\/p><p>A auditoria tamb\u00e9m verificou a falta de identifica\u00e7\u00e3o &#8211; visual e f\u00edsica &#8211; dos ve\u00edculos utilizados para atividades administrativas, relevando as especificidades de trabalho de campo de cada for\u00e7a policial; e a car\u00eancia de equipamentos destinados \u00e0 execu\u00e7\u00e3o das atribui\u00e7\u00f5es da Pol\u00edcia Penal.<\/p><p><strong>Procedimentos e controle<\/strong><\/p><p>Outras constata\u00e7\u00f5es da 6\u00aa ICE foram a exist\u00eancia de procedimento demorado para solicita\u00e7\u00e3o de servi\u00e7o de lavagem de ve\u00edculos, especialmente ve\u00edculos pesados; a defici\u00eancia de regulamenta\u00e7\u00e3o (par\u00e2metros e normas) na disponibiliza\u00e7\u00e3o de ve\u00edculos para as for\u00e7as policiais e para as localidades;&nbsp; as falhas no controle de utiliza\u00e7\u00e3o de ve\u00edculos (di\u00e1rio de bordo ou semelhantes); a aus\u00eancia de estudos e comparativos sobre a economicidade na aquisi\u00e7\u00e3o e manuten\u00e7\u00e3o de frota pr\u00f3pria em detrimento de outros modelos de contrata\u00e7\u00f5es, como loca\u00e7\u00e3o; e a falta de estudos sobre a loca\u00e7\u00e3o de ambul\u00e2ncias.<\/p><p>A fiscaliza\u00e7\u00e3o apontou a falta de designa\u00e7\u00e3o de fiscais locais (setoriais e auxiliares) do contrato de manuten\u00e7\u00e3o firmado com a empresa Prime; a inexist\u00eancia de controle sobre o plano de manuten\u00e7\u00e3o preventiva a ser elaborado pela contratada; a defici\u00eancia no planejamento financeiro da manuten\u00e7\u00e3o preventiva; as falhas no controle de qualidade, por parte da administra\u00e7\u00e3o, sobre o servi\u00e7o de manuten\u00e7\u00e3o prestado; e a aus\u00eancia de a\u00e7\u00f5es, por parte do Controle Interno, relacionadas \u00e0s quest\u00f5es que envolvem a gest\u00e3o de frota, com a finalidade de preven\u00e7\u00e3o ou detec\u00e7\u00e3o r\u00e1pida de erros ou irregularidades relevantes.<\/p><p><strong>Decis\u00e3o<\/strong><\/p><p>Em seu voto, o relator do processo, conselheiro Fabio Camargo, acolheu integralmente as medidas propostas pela unidade t\u00e9cnica; e prop\u00f4s a homologa\u00e7\u00e3o das recomenda\u00e7\u00f5es pelo Tribunal Pleno do TCE-PR.<\/p><p>Camargo tamb\u00e9m votou pelo encaminhamento do Relat\u00f3rio n\u00ba 8\/24 da 6\u00aa ICE, para ci\u00eancia e provid\u00eancias que julgarem pertinentes, \u00e0 Sesp-PR, ao governador do Estado, \u00e0 Assembleia Legislativa, ao Minist\u00e9rio P\u00fablico Estadual, ao Grupo de Atua\u00e7\u00e3o Especializada em Seguran\u00e7a P\u00fablica do MP-PR, \u00e0 Controladoria-Geral do Estado, \u00e0 Secretaria de Estado da Administra\u00e7\u00e3o e da Previd\u00eancia (Seap-PR) e \u00e0 Companhia de Tecnologia da Informa\u00e7\u00e3o e Comunica\u00e7\u00e3o do Paran\u00e1 (Celepar).<\/p><p>Por meio da Sess\u00e3o de Plen\u00e1rio Virtual n\u00ba 6\/25 do Tribunal Pleno do TCE-PR, conclu\u00edda em 10 de abril, os demais membros do \u00f3rg\u00e3o colegiado acompanharam o voto do relator por unanimidade. O Ac\u00f3rd\u00e3o n\u00ba 831\/25 &#8211; Tribunal Pleno foi disponibilizado em 28 de abril, na&nbsp;<a href=\"https:\/\/www1.tce.pr.gov.br\/conteudo\/diario-eletronico-3431-2025-de-28-de-abril-de-2025\/362251\/area\/10\">edi\u00e7\u00e3o n\u00ba 3.431 do Di\u00e1rio Eletr\u00f4nico do TCE-PR (DETC)<\/a>. O tr\u00e2nsito em julgado da decis\u00e3o ocorreu em 30 de maio.<\/p><p><strong>Homologa\u00e7\u00e3o de Recomenda\u00e7\u00f5es<\/strong><\/p><p>A partir da vig\u00eancia da&nbsp;<a href=\"https:\/\/www1.tce.pr.gov.br\/conteudo\/resolucao-n-73-de-22-de-agosto-de-2019\/323836\/area\/249\">Resolu\u00e7\u00e3o n\u00ba 73\/2019 do TCE-PR<\/a>, todos os procedimentos resultantes de trabalhos fiscalizat\u00f3rios realizados pelo Tribunal t\u00eam como ponto de partida a elabora\u00e7\u00e3o, pela unidade t\u00e9cnica respons\u00e1vel, de um Relat\u00f3rio de Fiscaliza\u00e7\u00e3o. Caso este apresente apenas sugest\u00f5es de medidas para sanar impropriedades encontradas na gest\u00e3o da entidade p\u00fablica em quest\u00e3o, \u00e9 instaurado processo de Homologa\u00e7\u00e3o de Recomenda\u00e7\u00f5es.<\/p><p>A medida tem como objetivo dar maior rapidez \u00e0 implementa\u00e7\u00e3o dessas iniciativas, indicadas apenas nos casos em que n\u00e3o s\u00e3o encontradas irregularidades de maior gravidade, que demandem a emiss\u00e3o de determina\u00e7\u00f5es ou a aplica\u00e7\u00e3o de san\u00e7\u00f5es &#8211; situa\u00e7\u00f5es ainda contempladas pelos processos de Representa\u00e7\u00e3o e Tomada de Contas Extraordin\u00e1ria.<\/p><p><strong><u>Servi\u00e7o<\/u><\/strong><\/p><figure class=\"wp-block-table\"><table class=\"has-fixed-layout\"><tbody><tr><td><strong>Processo n\u00ba<\/strong>:<\/td><td>15415\/25<\/td><\/tr><tr><td><strong>Ac\u00f3rd\u00e3o n\u00ba:<\/strong><\/td><td>831\/25 &#8211; Tribunal Pleno<\/td><\/tr><tr><td><strong>Assunto<\/strong>:<\/td><td>Homologa\u00e7\u00e3o de Recomenda\u00e7\u00f5es<\/td><\/tr><tr><td><strong>Entidade:<\/strong><\/td><td>Secretaria de Estado da Seguran\u00e7a P\u00fablica<\/td><\/tr><tr><td><strong>Interessados<\/strong>:<\/td><td>Departamento de Pol\u00edcia Penal do Paran\u00e1 e Secretaria de Estado da Seguran\u00e7a P\u00fablica<\/td><\/tr><tr><td><strong>Relator<\/strong>:<\/td><td>Conselheiro Fabio de Souza Camargo<\/td><\/tr><\/tbody><\/table><\/figure><p><strong>Fonte:&nbsp;TCE\/PR<\/strong><\/p>\n    <div class=\"xs_social_share_widget xs_share_url after_content \t\tmain_content  wslu-style-1 wslu-share-box-shaped wslu-fill-colored wslu-none wslu-share-horizontal wslu-theme-font-no wslu-main_content\">\n\n\t\t\n        <ul>\n\t\t\t        <\/ul>\n    <\/div> \n","protected":false},"excerpt":{"rendered":"<p>O Tribunal de Contas emitiu 48 recomenda\u00e7\u00f5es para a melhoria da gest\u00e3o e do controle da frota da Pol\u00edcia Penal do Paran\u00e1. As recomenda\u00e7\u00f5es s\u00e3o direcionadas a essa for\u00e7a policial e tamb\u00e9m \u00e0 Secretaria de Estado da Seguran\u00e7a P\u00fablica (Sesp-PR), \u00e0 qual a Pol\u00edcia Penal \u00e9 vinculada.<\/p>\n","protected":false},"author":5,"featured_media":0,"comment_status":"open","ping_status":"open","sticky":false,"template":"","format":"standard","meta":{"postBodyCss":"","postBodyMargin":[],"postBodyPadding":[],"postBodyBackground":{"backgroundType":"classic","gradient":""},"_price":"","_stock":"","_tribe_ticket_header":"","_tribe_default_ticket_provider":"","_tribe_ticket_capacity":"0","_ticket_start_date":"","_ticket_end_date":"","_tribe_ticket_show_description":"","_tribe_ticket_show_not_going":false,"_tribe_ticket_use_global_stock":"","_tribe_ticket_global_stock_level":"","_global_stock_mode":"","_global_stock_cap":"","_tribe_rsvp_for_event":"","_tribe_ticket_going_count":"","_tribe_ticket_not_going_count":"","_tribe_tickets_list":"[]","_tribe_ticket_has_attendee_info_fields":false,"footnotes":""},"categories":[46],"tags":[174,11321,512,10653,2666,253,11323,2533,11322,3318,7372,6960,354,451],"class_list":["post-11977","post","type-post","status-publish","format-standard","hentry","category-noticias","tag-controle","tag-controle-da-frota","tag-falhas","tag-forca-policial","tag-frota","tag-gestao","tag-melhoria-da-gestao","tag-policia-penal","tag-policia-penal-do-parana","tag-recomendacoes","tag-secretaria-de-estado-da-seguranca-publica","tag-sesp-pr","tag-tce-pr","tag-tribunal-de-contas"],"acf":[],"_links":{"self":[{"href":"https:\/\/sgpsolucoes.com.br\/site\/wp-json\/wp\/v2\/posts\/11977"}],"collection":[{"href":"https:\/\/sgpsolucoes.com.br\/site\/wp-json\/wp\/v2\/posts"}],"about":[{"href":"https:\/\/sgpsolucoes.com.br\/site\/wp-json\/wp\/v2\/types\/post"}],"author":[{"embeddable":true,"href":"https:\/\/sgpsolucoes.com.br\/site\/wp-json\/wp\/v2\/users\/5"}],"replies":[{"embeddable":true,"href":"https:\/\/sgpsolucoes.com.br\/site\/wp-json\/wp\/v2\/comments?post=11977"}],"version-history":[{"count":0,"href":"https:\/\/sgpsolucoes.com.br\/site\/wp-json\/wp\/v2\/posts\/11977\/revisions"}],"wp:attachment":[{"href":"https:\/\/sgpsolucoes.com.br\/site\/wp-json\/wp\/v2\/media?parent=11977"}],"wp:term":[{"taxonomy":"category","embeddable":true,"href":"https:\/\/sgpsolucoes.com.br\/site\/wp-json\/wp\/v2\/categories?post=11977"},{"taxonomy":"post_tag","embeddable":true,"href":"https:\/\/sgpsolucoes.com.br\/site\/wp-json\/wp\/v2\/tags?post=11977"}],"curies":[{"name":"wp","href":"https:\/\/api.w.org\/{rel}","templated":true}]}}