{"id":11992,"date":"2025-06-11T19:22:23","date_gmt":"2025-06-11T22:22:23","guid":{"rendered":"https:\/\/sgpsolucoes.com.br\/site\/?p=11992"},"modified":"2025-06-11T19:22:24","modified_gmt":"2025-06-11T22:22:24","slug":"justica-valida-fiscalizacao-e-sancoes-do-ibama-a-madeireiras","status":"publish","type":"post","link":"https:\/\/sgpsolucoes.com.br\/site\/justica-valida-fiscalizacao-e-sancoes-do-ibama-a-madeireiras\/","title":{"rendered":"Justi\u00e7a valida fiscaliza\u00e7\u00e3o e san\u00e7\u00f5es do Ibama a madeireiras"},"content":{"rendered":"<p><em><strong>Advocacia-Geral da Uni\u00e3o demonstrou que autarquia federal tem compet\u00eancia para fiscalizar e que infratores tentaram ocultar madeira de origem il\u00edcita<\/strong><\/em><\/p><p>A Advocacia-Geral da Uni\u00e3o (AGU) assegurou, na Justi\u00e7a, o direito do Instituto Nacional do Meio Ambiente e dos Recursos Naturais Renov\u00e1veis (Ibama) de apreender e doar produtos florestais extra\u00eddos ilegalmente da Reserva Extrativista Verde para Sempre (ReseX Verde), em Santar\u00e9m, Par\u00e1.<\/p><p class=\"has-text-align-center\"><img fetchpriority=\"high\" decoding=\"async\" src=\"https:\/\/www.gov.br\/agu\/pt-br\/comunicacao\/noticias\/justica-valida-fiscalizacao-e-sancoes-do-ibama-a-madeireiras\/resex-verde-icmbio.jpeg\/@@images\/71a57cfb-ac92-482e-b0ad-f724e97be33c.jpeg\" alt=\"Resex Verde-ICMBio.jpeg\" height=\"359\" width=\"639\"><\/p><p class=\"has-text-align-center\"><em>&#8211; Foto: Divulga\u00e7\u00e3o\/ICMBio<\/em><\/p><p>A decis\u00e3o se deu no \u00e2mbito de mandado de seguran\u00e7a impetrado por madeireiras, na Justi\u00e7a Federal do Par\u00e1, contra o superintendente do Ibama naquele estado. Elas alegaram ilegalidade na apreens\u00e3o e doa\u00e7\u00e3o de produtos florestais pela autarquia ambiental, sustentando incompet\u00eancia do \u00f3rg\u00e3o para tanto.<\/p><p>Em defesa do Ibama, os procuradores federais que atuam na Divis\u00e3o de Cobran\u00e7a Judicial da Procuradoria-Regional Federal da 1\u00aa Regi\u00e3o esclareceram que os fiscais flagraram madeira extra\u00edda de unidade de conserva\u00e7\u00e3o federal, transportada por embarca\u00e7\u00f5es, mediante a emiss\u00e3o das Guias Florestais em paralelo e ap\u00f3s o flagrante, com o objetivo de controlar a madeira il\u00edcita origin\u00e1ria da reserva.<\/p><p><strong>Manobras<\/strong><\/p><p>A AGU argumentou que os respons\u00e1veis pelo empreendimento se utilizaram de manobras para prejudicar a fiscaliza\u00e7\u00e3o e o meio ambiente. Caso as manobras se concretizassem, n\u00e3o seria poss\u00edvel executar as san\u00e7\u00f5es &#8211; e a madeira de origem ilegal e sem cobertura documental seria lastreada e comercializada ilicitamente.<\/p><p>De acordo com o Ibama, houve tentativa de oculta\u00e7\u00e3o de madeira em galp\u00e3o disfar\u00e7ado. Al\u00e9m disso, a an\u00e1lise dos dados constantes no Sisflora 2.0 comprovou a inexist\u00eancia e incompatibilidade entre os registros de cadeia de cust\u00f3dia e o volume cubado.<\/p><p>Rebatendo alega\u00e7\u00f5es dos impetrantes, os procuradores defenderam que cabe \u00e0 autarquia ambiental o poder de pol\u00edcia ambiental, podendo o Ibama emitir autos de infra\u00e7\u00e3o e termos de embargo sempre que constar a pr\u00e1tica de infra\u00e7\u00e3o administrativa ambiental.<\/p><p>A Advocacia-Geral da Uni\u00e3o assinalou que a compet\u00eancia para fiscalizar n\u00e3o se confunde com a existente para licenciar. \u201cA compet\u00eancia para o exerc\u00edcio do poder de pol\u00edcia ambiental, em sua faceta fiscalizat\u00f3ria, \u00e9 comum e deve ser executada por Munic\u00edpios, Estados, Distrito Federal e Uni\u00e3o, por interm\u00e9dio de seus \u00f3rg\u00e3os e autarquias institu\u00eddas para esse fim, representando o direito ao meio ambiente equilibrado um direito fundamental\u201d, argumentaram os procuradores federais.<\/p><p>\u201cDesse modo\u201d, refor\u00e7aram, \u201cnenhum \u00f3rg\u00e3o ou ente legalmente institu\u00eddo para proteger o meio ambiente pode ficar \u00e0 merc\u00ea da atua\u00e7\u00e3o dos demais, ao se deparar com a degrada\u00e7\u00e3o ao meio ambiente\u201d.<\/p><p><strong>Dentro da lei<\/strong><\/p><p>A atua\u00e7\u00e3o da AGU em defesa do Ibama demonstra que a autarquia agiu estritamente de acordo com a lei. Uma vez configurado o il\u00edcito ambiental, foram emitidos os autos de infra\u00e7\u00e3o e termos de apreens\u00e3o, diante da movimenta\u00e7\u00e3o, do recebimento e da remessa de cr\u00e9dito florestal fraudado, que s\u00e3o indicativos do esquentamento de madeira.<\/p><p>A 12\u00aa Turma do TRF 1\u00aa Regi\u00e3o acolheu integralmente os argumentos da AGU e negou provimento ao mandado de seguran\u00e7a das madeireiras, considerando que a fiscaliza\u00e7\u00e3o do Ibama foi realizada com base em informa\u00e7\u00f5es t\u00e9cnicas e evid\u00eancias de irregularidades na comercializa\u00e7\u00e3o de produtos florestais.<\/p><p><strong>Processo de refer\u00eancia:&nbsp;<\/strong>Apela\u00e7\u00e3o C\u00edvel n\u00ba 1002688-23.2019.4.01.3900 \u2013 TRF-1\u00aa Regi\u00e3o<\/p><p><strong>Fonte: Assessoria Especial de Comunica\u00e7\u00e3o Social da AGU<\/strong><\/p>\n    <div class=\"xs_social_share_widget xs_share_url after_content \t\tmain_content  wslu-style-1 wslu-share-box-shaped wslu-fill-colored wslu-none wslu-share-horizontal wslu-theme-font-no wslu-main_content\">\n\n\t\t\n        <ul>\n\t\t\t        <\/ul>\n    <\/div> \n","protected":false},"excerpt":{"rendered":"<p>A Advocacia-Geral da Uni\u00e3o (AGU) assegurou, na Justi\u00e7a, o direito do Instituto Nacional do Meio Ambiente e dos Recursos Naturais Renov\u00e1veis (Ibama) de apreender e doar produtos florestais extra\u00eddos ilegalmente da Reserva Extrativista Verde para Sempre (ReseX Verde), em Santar\u00e9m, Par\u00e1.<\/p>\n","protected":false},"author":5,"featured_media":0,"comment_status":"open","ping_status":"open","sticky":false,"template":"","format":"standard","meta":{"postBodyCss":"","postBodyMargin":[],"postBodyPadding":[],"postBodyBackground":{"backgroundType":"classic","gradient":""},"_price":"","_stock":"","_tribe_ticket_header":"","_tribe_default_ticket_provider":"","_tribe_ticket_capacity":"0","_ticket_start_date":"","_ticket_end_date":"","_tribe_ticket_show_description":"","_tribe_ticket_show_not_going":false,"_tribe_ticket_use_global_stock":"","_tribe_ticket_global_stock_level":"","_global_stock_mode":"","_global_stock_cap":"","_tribe_rsvp_for_event":"","_tribe_ticket_going_count":"","_tribe_ticket_not_going_count":"","_tribe_tickets_list":"[]","_tribe_ticket_has_attendee_info_fields":false,"footnotes":""},"categories":[46],"tags":[1408,79,10471,11349,89,3441,11351,11353,394,11348,11352,11350,4806,11357,11356,11355,313,11354],"class_list":["post-11992","post","type-post","status-publish","format-standard","hentry","category-noticias","tag-advocacia-geral-da-uniao","tag-agu","tag-autarquia-federal","tag-competencia-para-fiscalizar","tag-fiscalizacao","tag-ibama","tag-infratores","tag-instituto-nacional-do-meio-ambiente-e-dos-recursos-naturais-renovaveis","tag-justica","tag-madeireiras","tag-ocultar-madeira","tag-origem-ilicita","tag-para","tag-produtos-florestais","tag-reserva-extrativista-verde-para-sempre","tag-resex-verde","tag-sancoes","tag-santarem"],"acf":[],"_links":{"self":[{"href":"https:\/\/sgpsolucoes.com.br\/site\/wp-json\/wp\/v2\/posts\/11992"}],"collection":[{"href":"https:\/\/sgpsolucoes.com.br\/site\/wp-json\/wp\/v2\/posts"}],"about":[{"href":"https:\/\/sgpsolucoes.com.br\/site\/wp-json\/wp\/v2\/types\/post"}],"author":[{"embeddable":true,"href":"https:\/\/sgpsolucoes.com.br\/site\/wp-json\/wp\/v2\/users\/5"}],"replies":[{"embeddable":true,"href":"https:\/\/sgpsolucoes.com.br\/site\/wp-json\/wp\/v2\/comments?post=11992"}],"version-history":[{"count":0,"href":"https:\/\/sgpsolucoes.com.br\/site\/wp-json\/wp\/v2\/posts\/11992\/revisions"}],"wp:attachment":[{"href":"https:\/\/sgpsolucoes.com.br\/site\/wp-json\/wp\/v2\/media?parent=11992"}],"wp:term":[{"taxonomy":"category","embeddable":true,"href":"https:\/\/sgpsolucoes.com.br\/site\/wp-json\/wp\/v2\/categories?post=11992"},{"taxonomy":"post_tag","embeddable":true,"href":"https:\/\/sgpsolucoes.com.br\/site\/wp-json\/wp\/v2\/tags?post=11992"}],"curies":[{"name":"wp","href":"https:\/\/api.w.org\/{rel}","templated":true}]}}