{"id":12018,"date":"2025-06-13T18:27:06","date_gmt":"2025-06-13T21:27:06","guid":{"rendered":"https:\/\/sgpsolucoes.com.br\/site\/?p=12018"},"modified":"2025-06-13T18:27:07","modified_gmt":"2025-06-13T21:27:07","slug":"stf-mantem-lei-de-sp-que-obriga-supermercados-a-oferecer-carrinhos-adaptados-para-criancas-com-deficiencia","status":"publish","type":"post","link":"https:\/\/sgpsolucoes.com.br\/site\/stf-mantem-lei-de-sp-que-obriga-supermercados-a-oferecer-carrinhos-adaptados-para-criancas-com-deficiencia\/","title":{"rendered":"STF mant\u00e9m lei de SP que obriga supermercados a oferecer carrinhos adaptados para crian\u00e7as com defici\u00eancia"},"content":{"rendered":"<p><em><strong>Para o Plen\u00e1rio, estados podem editar normas voltadas \u00e0 prote\u00e7\u00e3o e ao bem-estar de pessoas com defici\u00eancia<\/strong><\/em><\/p><p>\u00a0O Plen\u00e1rio do Supremo Tribunal Federal (STF) confirmou a validade de uma lei do Estado de S\u00e3o Paulo que exige que supermercados, hipermercados e estabelecimentos semelhantes tenham 5% dos carrinhos de compras adaptados para crian\u00e7as com defici\u00eancia ou mobilidade reduzida. A decis\u00e3o foi tomada por unanimidade no julgamento do Recurso Extraordin\u00e1rio\u00a0<strong><a href=\"https:\/\/portal.stf.jus.br\/processos\/detalhe.asp?incidente=5660013\" target=\"_blank\" rel=\"noreferrer noopener\">(RE) 1198269<\/a><\/strong>, com repercuss\u00e3o geral (Tema 1.286), na sess\u00e3o virtual conclu\u00edda em 6\/6.<\/p><p><img decoding=\"async\" src=\"https:\/\/noticias-stf-wp-prd.s3.sa-east-1.amazonaws.com\/wp-content\/uploads\/wpallimport\/uploads\/2024\/11\/21093506\/Bruno-Carneiro-4-scaled.jpg\" alt=\"Edif\u00edcio-sede do STF\"><em>Foto: Bruno Carneiro\/STF<\/em><\/p><p>O recurso foi interposto pela Associa\u00e7\u00e3o Paulista de Supermercados (APAS) contra decis\u00e3o do Tribunal de Justi\u00e7a do Estado de S\u00e3o Paulo (TJ-SP) que havia validado a Lei estadual 16.674\/2018.<\/p><h5 class=\"wp-block-heading\"><strong>Mobilidade facilitada<\/strong><\/h5><p>Para o relator, ministro Gilmar Mendes, a medida \u00e9 proporcional \u00e0 necessidade apontada na lei. Ele lembrou medidas semelhantes editadas em outras unidades da federa\u00e7\u00e3o, como o Estado de Goi\u00e1s, o Distrito Federal e os munic\u00edpios de Manaus (AM), Lorena (SP) e Rio Grande (RS). Segundo ele, a iniciativa est\u00e1 alinhada aos compromissos constitucionais de facilitar a mobilidade dessa por\u00e7\u00e3o da popula\u00e7\u00e3o, e os estados t\u00eam o dever de adotar medidas efetivas para garantir a m\u00e1xima independ\u00eancia poss\u00edvel a essas pessoas. Nesse sentido, o relator afastou a alega\u00e7\u00e3o da associa\u00e7\u00e3o de supermercados de que os carrinhos seriam para transportar produtos, e n\u00e3o pessoas.<\/p><p>Por fim, o ministro citou outros exemplos de medidas afirmativas reconhecidas pelo STF em outras leis estaduais que preveem adapta\u00e7\u00f5es em cinemas, espa\u00e7os culturais e transportes coletivos.<\/p><h5 class=\"wp-block-heading\"><strong>Tese<\/strong><\/h5><p>A tese de repercuss\u00e3o geral fixada foi a seguinte:<\/p><p>\u201c\u00c9 constitucional lei estadual que imp\u00f5e a obrigatoriedade de adapta\u00e7\u00e3o de percentual de carrinhos de compras para transporte de crian\u00e7as com defici\u00eancia ou mobilidade reduzida\u201d.<\/p><p><strong>Fonte: STF<\/strong><\/p>\n    <div class=\"xs_social_share_widget xs_share_url after_content \t\tmain_content  wslu-style-1 wslu-share-box-shaped wslu-fill-colored wslu-none wslu-share-horizontal wslu-theme-font-no wslu-main_content\">\n\n\t\t\n        <ul>\n\t\t\t        <\/ul>\n    <\/div> \n","protected":false},"excerpt":{"rendered":"<p>\u00a0O Plen\u00e1rio do Supremo Tribunal Federal (STF) confirmou a validade de uma lei do Estado de S\u00e3o Paulo que exige que supermercados, hipermercados e estabelecimentos semelhantes tenham 5% dos carrinhos de compras adaptados para crian\u00e7as com defici\u00eancia ou mobilidade reduzida. A decis\u00e3o foi tomada por unanimidade no julgamento do Recurso Extraordin\u00e1rio\u00a0(RE) 1198269, com repercuss\u00e3o geral (Tema 1.286), na sess\u00e3o virtual conclu\u00edda em 6\/6.<\/p>\n","protected":false},"author":5,"featured_media":0,"comment_status":"open","ping_status":"open","sticky":false,"template":"","format":"standard","meta":{"postBodyCss":"","postBodyMargin":[],"postBodyPadding":[],"postBodyBackground":{"backgroundType":"classic","gradient":""},"_price":"","_stock":"","_tribe_ticket_header":"","_tribe_default_ticket_provider":"","_tribe_ticket_capacity":"0","_ticket_start_date":"","_ticket_end_date":"","_tribe_ticket_show_description":"","_tribe_ticket_show_not_going":false,"_tribe_ticket_use_global_stock":"","_tribe_ticket_global_stock_level":"","_global_stock_mode":"","_global_stock_cap":"","_tribe_rsvp_for_event":"","_tribe_ticket_going_count":"","_tribe_ticket_not_going_count":"","_tribe_tickets_list":"[]","_tribe_ticket_has_attendee_info_fields":false,"footnotes":""},"categories":[46],"tags":[11398,11393,11403,11395,11405,1044,11402,11394,11401,11399,3115,11397,3082,351,561,11400,1870,1731,347,11396,348,11404,1043,1364],"class_list":["post-12018","post","type-post","status-publish","format-standard","hentry","category-noticias","tag-bem-estar","tag-carrinhos-adaptados","tag-carrinhos-de-compras","tag-criancas-com-deficiencia","tag-estabelecimentos-semelhantes","tag-estados","tag-hipermercados","tag-lei-de-sp","tag-lei-do-estado-de-sao-paulo","tag-mobilidade-reduzida","tag-normas","tag-obriga","tag-pessoas-com-deficiencia","tag-plenario","tag-protecao","tag-re-1198269","tag-recurso-extraordinario","tag-repercussao-geral","tag-stf","tag-supermercados","tag-supremo-tribunal-federal","tag-tema-1-286","tag-unanimidade","tag-validade"],"acf":[],"_links":{"self":[{"href":"https:\/\/sgpsolucoes.com.br\/site\/wp-json\/wp\/v2\/posts\/12018"}],"collection":[{"href":"https:\/\/sgpsolucoes.com.br\/site\/wp-json\/wp\/v2\/posts"}],"about":[{"href":"https:\/\/sgpsolucoes.com.br\/site\/wp-json\/wp\/v2\/types\/post"}],"author":[{"embeddable":true,"href":"https:\/\/sgpsolucoes.com.br\/site\/wp-json\/wp\/v2\/users\/5"}],"replies":[{"embeddable":true,"href":"https:\/\/sgpsolucoes.com.br\/site\/wp-json\/wp\/v2\/comments?post=12018"}],"version-history":[{"count":0,"href":"https:\/\/sgpsolucoes.com.br\/site\/wp-json\/wp\/v2\/posts\/12018\/revisions"}],"wp:attachment":[{"href":"https:\/\/sgpsolucoes.com.br\/site\/wp-json\/wp\/v2\/media?parent=12018"}],"wp:term":[{"taxonomy":"category","embeddable":true,"href":"https:\/\/sgpsolucoes.com.br\/site\/wp-json\/wp\/v2\/categories?post=12018"},{"taxonomy":"post_tag","embeddable":true,"href":"https:\/\/sgpsolucoes.com.br\/site\/wp-json\/wp\/v2\/tags?post=12018"}],"curies":[{"name":"wp","href":"https:\/\/api.w.org\/{rel}","templated":true}]}}