{"id":12021,"date":"2025-06-13T18:32:40","date_gmt":"2025-06-13T21:32:40","guid":{"rendered":"https:\/\/sgpsolucoes.com.br\/site\/?p=12021"},"modified":"2025-06-13T18:32:41","modified_gmt":"2025-06-13T21:32:41","slug":"governo-federal-aciona-stf-contra-decisoes-que-responsabilizam-estado-por-descontos-indevidos-nas-aposentadorias","status":"publish","type":"post","link":"https:\/\/sgpsolucoes.com.br\/site\/governo-federal-aciona-stf-contra-decisoes-que-responsabilizam-estado-por-descontos-indevidos-nas-aposentadorias\/","title":{"rendered":"Governo federal aciona STF contra decis\u00f5es que responsabilizam Estado por descontos indevidos nas aposentadorias"},"content":{"rendered":"<p><em><strong>A\u00e7\u00e3o inclui pedido de autoriza\u00e7\u00e3o de abertura de cr\u00e9dito extraordin\u00e1rio para custear repara\u00e7\u00f5es<\/strong><\/em><\/p><p>O presidente da Rep\u00fablica, Luiz In\u00e1cio Lula da Silva, representado pela Advocacia-Geral da Uni\u00e3o (AGU), acionou o Supremo Tribunal Federal (STF) para pedir a suspens\u00e3o de processos e decis\u00f5es judiciais que tratem da responsabiliza\u00e7\u00e3o da Uni\u00e3o e do INSS por descontos indevidos nas aposentadorias realizados por associa\u00e7\u00f5es sindicais. O pedido foi feito na Argui\u00e7\u00e3o de Descumprimento de Preceito Fundamental\u00a0<a href=\"https:\/\/portal.stf.jus.br\/processos\/detalhe.asp?incidente=7287062\" target=\"_blank\" rel=\"noreferrer noopener\">(ADPF) 1236<\/a>.<\/p><figure class=\"wp-block-image size-large\"><img decoding=\"async\" src=\"https:\/\/sgpsolucoes.com.br\/site\/wp-content\/uploads\/2025\/06\/image-25-1024x613.png\" alt=\"\" class=\"wp-image-12022\"\/><figcaption class=\"wp-element-caption\"><em>Foto: Rafa Neddermeyer\/Ag\u00eancia Brasil<\/em><\/figcaption><\/figure><p>Na a\u00e7\u00e3o, a AGU sustenta que decis\u00f5es judiciais com interpreta\u00e7\u00f5es conflitantes sobre a extens\u00e3o da responsabilidade do Estado pelos danos aos segurados t\u00eam dificultado a defini\u00e7\u00e3o de uma sistem\u00e1tica r\u00e1pida e segura para restituir os valores indevidamente descontados.<\/p><p>Para o \u00f3rg\u00e3o, \u00e9 importante que o STF d\u00ea uma solu\u00e7\u00e3o definitiva, a fim de proteger os aposentados, permitir a restitui\u00e7\u00e3o administrativa de forma eficaz e segura e evitar que milh\u00f5es de novas a\u00e7\u00f5es cheguem ao Judici\u00e1rio.<\/p><p>Diante da imprevisibilidade do caso e do interesse social em garantir a restitui\u00e7\u00e3o dos valores desviados, a AGU pede que o Supremo afaste o limite do teto de gastos previsto no novo arcabou\u00e7o fiscal e autorize a abertura de cr\u00e9dito extraordin\u00e1rio para custear as repara\u00e7\u00f5es necess\u00e1rias.<\/p><p>A ADPF foi distribu\u00edda, por preven\u00e7\u00e3o, ao ministro Dias Toffoli, relator de outra a\u00e7\u00e3o (ADPF 1234) sobre o mesmo tema.<\/p><p><strong>Fonte: STF<\/strong><\/p>\n    <div class=\"xs_social_share_widget xs_share_url after_content \t\tmain_content  wslu-style-1 wslu-share-box-shaped wslu-fill-colored wslu-none wslu-share-horizontal wslu-theme-font-no wslu-main_content\">\n\n\t\t\n        <ul>\n\t\t\t        <\/ul>\n    <\/div> \n","protected":false},"excerpt":{"rendered":"<p>O presidente da Rep\u00fablica, Luiz In\u00e1cio Lula da Silva, representado pela Advocacia-Geral da Uni\u00e3o (AGU), acionou o Supremo Tribunal Federal (STF) para pedir a suspens\u00e3o de processos e decis\u00f5es judiciais que tratem da responsabiliza\u00e7\u00e3o da Uni\u00e3o e do INSS por descontos indevidos nas aposentadorias realizados por associa\u00e7\u00f5es sindicais. O pedido foi feito na Argui\u00e7\u00e3o de Descumprimento de Preceito Fundamental\u00a0(ADPF) 1236.<\/p>\n","protected":false},"author":5,"featured_media":0,"comment_status":"open","ping_status":"open","sticky":false,"template":"","format":"standard","meta":{"postBodyCss":"","postBodyMargin":[],"postBodyPadding":[],"postBodyBackground":{"backgroundType":"classic","gradient":""},"_price":"","_stock":"","_tribe_ticket_header":"","_tribe_default_ticket_provider":"","_tribe_ticket_capacity":"0","_ticket_start_date":"","_ticket_end_date":"","_tribe_ticket_show_description":"","_tribe_ticket_show_not_going":false,"_tribe_ticket_use_global_stock":"","_tribe_ticket_global_stock_level":"","_global_stock_mode":"","_global_stock_cap":"","_tribe_rsvp_for_event":"","_tribe_ticket_going_count":"","_tribe_ticket_not_going_count":"","_tribe_tickets_list":"[]","_tribe_ticket_has_attendee_info_fields":false,"footnotes":""},"categories":[46],"tags":[11408,1408,79,2980,5618,11409,11407,11406,2720,5083,9905,2062,524,2654,8708,2835,4853,643,347,348,3117,1627],"class_list":["post-12021","post","type-post","status-publish","format-standard","hentry","category-noticias","tag-adpf-1236","tag-advocacia-geral-da-uniao","tag-agu","tag-aposentadorias","tag-arguicao-de-descumprimento-de-preceito-fundamental","tag-associacoes-sindicais","tag-autorizacao-de-abertura-de-credito-extraordinario","tag-custear-reparacoes","tag-decisoes","tag-decisoes-judiciais","tag-descontos-indevidos","tag-estado","tag-governo-federal","tag-inss","tag-luiz-inacio-lula-da-silva","tag-presidente-da-republica","tag-processos","tag-responsabilizacao","tag-stf","tag-supremo-tribunal-federal","tag-suspensao","tag-uniao"],"acf":[],"_links":{"self":[{"href":"https:\/\/sgpsolucoes.com.br\/site\/wp-json\/wp\/v2\/posts\/12021"}],"collection":[{"href":"https:\/\/sgpsolucoes.com.br\/site\/wp-json\/wp\/v2\/posts"}],"about":[{"href":"https:\/\/sgpsolucoes.com.br\/site\/wp-json\/wp\/v2\/types\/post"}],"author":[{"embeddable":true,"href":"https:\/\/sgpsolucoes.com.br\/site\/wp-json\/wp\/v2\/users\/5"}],"replies":[{"embeddable":true,"href":"https:\/\/sgpsolucoes.com.br\/site\/wp-json\/wp\/v2\/comments?post=12021"}],"version-history":[{"count":0,"href":"https:\/\/sgpsolucoes.com.br\/site\/wp-json\/wp\/v2\/posts\/12021\/revisions"}],"wp:attachment":[{"href":"https:\/\/sgpsolucoes.com.br\/site\/wp-json\/wp\/v2\/media?parent=12021"}],"wp:term":[{"taxonomy":"category","embeddable":true,"href":"https:\/\/sgpsolucoes.com.br\/site\/wp-json\/wp\/v2\/categories?post=12021"},{"taxonomy":"post_tag","embeddable":true,"href":"https:\/\/sgpsolucoes.com.br\/site\/wp-json\/wp\/v2\/tags?post=12021"}],"curies":[{"name":"wp","href":"https:\/\/api.w.org\/{rel}","templated":true}]}}