{"id":12025,"date":"2025-06-13T18:35:51","date_gmt":"2025-06-13T21:35:51","guid":{"rendered":"https:\/\/sgpsolucoes.com.br\/site\/?p=12025"},"modified":"2025-06-13T18:35:52","modified_gmt":"2025-06-13T21:35:52","slug":"stf-declara-constitucional-lei-que-criou-o-mei-caminhoneiro","status":"publish","type":"post","link":"https:\/\/sgpsolucoes.com.br\/site\/stf-declara-constitucional-lei-que-criou-o-mei-caminhoneiro\/","title":{"rendered":"STF declara constitucional lei que criou o MEI-Caminhoneiro"},"content":{"rendered":"<p><em><strong>Para o Plen\u00e1rio, novo regime assegura acesso aos benef\u00edcios previdenci\u00e1rios fundamentais<\/strong><\/em><\/p><p>Em decis\u00e3o un\u00e2nime, o Plen\u00e1rio do Supremo Tribunal Federal (STF) validou a lei que ampliou a aplica\u00e7\u00e3o do regime tribut\u00e1rio do Simples Nacional ao transportador rodovi\u00e1rio de carga inscrito como Microempreendedor Individual (MEI). A A\u00e7\u00e3o Direta de Inconstitucionalidade<strong><a href=\"https:\/\/portal.stf.jus.br\/processos\/detalhe.asp?incidente=6361824\" target=\"_blank\" rel=\"noreferrer noopener\">&nbsp;(ADI) 7096<\/a><\/strong>&nbsp;foi julgada na sess\u00e3o virtual encerrada em 6\/6.<\/p><p>Na a\u00e7\u00e3o, a Confedera\u00e7\u00e3o Nacional do Transporte (CNT) alegava que as altera\u00e7\u00f5es introduzidas pela Lei Complementar (LC) 188\/2021 na LC 123\/2006, ao dispensar o transportador aut\u00f4nomo inscrito como MEI de pagar as contribui\u00e7\u00f5es ao Servi\u00e7o Social do Transporte (Sest) e ao Servi\u00e7o Nacional de Aprendizagem do Transporte (Senat), teria invadido a compet\u00eancia privativa do presidente da Rep\u00fablica para editar lei envolvendo tributos. Tamb\u00e9m sustentou que o benef\u00edcio institu\u00eddo provocaria impacto or\u00e7ament\u00e1rio-financeiro com reflexos na estrutura de financiamento da seguridade social e no funcionamento dos servi\u00e7os sociais aut\u00f4nomos.<\/p><p>O relator da mat\u00e9ria, ministro Gilmar Mendes, observou que, de acordo com a jurisprud\u00eancia do STF, n\u00e3o h\u00e1 na Constitui\u00e7\u00e3o nenhuma previs\u00e3o de que somente o chefe do Executivo possa editar mat\u00e9ria tribut\u00e1ria. Destacou, ainda, que a lei n\u00e3o viola a Lei de Responsabilidade Fiscal nem qualquer dispositivo constitucional.<\/p><p>\u201cO novo regime mant\u00e9m contribui\u00e7\u00e3o previdenci\u00e1ria compat\u00edvel com a renda presumida da categoria e assegura acesso aos benef\u00edcios previdenci\u00e1rios fundamentais, ainda que com regras ajustadas \u00e0 realidade contributiva do MEI\u201d, concluiu o ministro.<\/p><p><strong>Fonte: STF<\/strong><\/p>\n    <div class=\"xs_social_share_widget xs_share_url after_content \t\tmain_content  wslu-style-1 wslu-share-box-shaped wslu-fill-colored wslu-none wslu-share-horizontal wslu-theme-font-no wslu-main_content\">\n\n\t\t\n        <ul>\n\t\t\t        <\/ul>\n    <\/div> \n","protected":false},"excerpt":{"rendered":"<p>Em decis\u00e3o un\u00e2nime, o Plen\u00e1rio do Supremo Tribunal Federal (STF) validou a lei que ampliou a aplica\u00e7\u00e3o do regime tribut\u00e1rio do Simples Nacional ao transportador rodovi\u00e1rio de carga inscrito como Microempreendedor Individual (MEI). A A\u00e7\u00e3o Direta de Inconstitucionalidade\u00a0(ADI) 7096\u00a0foi julgada na sess\u00e3o virtual encerrada em 6\/6.<\/p>\n","protected":false},"author":5,"featured_media":0,"comment_status":"open","ping_status":"open","sticky":false,"template":"","format":"standard","meta":{"postBodyCss":"","postBodyMargin":[],"postBodyPadding":[],"postBodyBackground":{"backgroundType":"classic","gradient":""},"_price":"","_stock":"","_tribe_ticket_header":"","_tribe_default_ticket_provider":"","_tribe_ticket_capacity":"0","_ticket_start_date":"","_ticket_end_date":"","_tribe_ticket_show_description":"","_tribe_ticket_show_not_going":false,"_tribe_ticket_use_global_stock":"","_tribe_ticket_global_stock_level":"","_global_stock_mode":"","_global_stock_cap":"","_tribe_rsvp_for_event":"","_tribe_ticket_going_count":"","_tribe_ticket_not_going_count":"","_tribe_tickets_list":"[]","_tribe_ticket_has_attendee_info_fields":false,"footnotes":""},"categories":[46],"tags":[1054,11416,11410,1127,5287,1563,588,11411,11415,11413,351,11412,587,347,348,11414],"class_list":["post-12025","post","type-post","status-publish","format-standard","hentry","category-noticias","tag-acao-direta-de-inconstitucionalidade","tag-adi-7096","tag-beneficios-previdenciarios-fundamentais","tag-constitucional","tag-decisao-unanime","tag-lei","tag-mei","tag-mei-caminhoneiro-2","tag-microempreendedor-individual","tag-novo-regime","tag-plenario","tag-regime-tributario","tag-simples-nacional","tag-stf","tag-supremo-tribunal-federal","tag-transportador-rodoviario-de-carga"],"acf":[],"_links":{"self":[{"href":"https:\/\/sgpsolucoes.com.br\/site\/wp-json\/wp\/v2\/posts\/12025"}],"collection":[{"href":"https:\/\/sgpsolucoes.com.br\/site\/wp-json\/wp\/v2\/posts"}],"about":[{"href":"https:\/\/sgpsolucoes.com.br\/site\/wp-json\/wp\/v2\/types\/post"}],"author":[{"embeddable":true,"href":"https:\/\/sgpsolucoes.com.br\/site\/wp-json\/wp\/v2\/users\/5"}],"replies":[{"embeddable":true,"href":"https:\/\/sgpsolucoes.com.br\/site\/wp-json\/wp\/v2\/comments?post=12025"}],"version-history":[{"count":0,"href":"https:\/\/sgpsolucoes.com.br\/site\/wp-json\/wp\/v2\/posts\/12025\/revisions"}],"wp:attachment":[{"href":"https:\/\/sgpsolucoes.com.br\/site\/wp-json\/wp\/v2\/media?parent=12025"}],"wp:term":[{"taxonomy":"category","embeddable":true,"href":"https:\/\/sgpsolucoes.com.br\/site\/wp-json\/wp\/v2\/categories?post=12025"},{"taxonomy":"post_tag","embeddable":true,"href":"https:\/\/sgpsolucoes.com.br\/site\/wp-json\/wp\/v2\/tags?post=12025"}],"curies":[{"name":"wp","href":"https:\/\/api.w.org\/{rel}","templated":true}]}}