{"id":12031,"date":"2025-06-13T18:44:49","date_gmt":"2025-06-13T21:44:49","guid":{"rendered":"https:\/\/sgpsolucoes.com.br\/site\/?p=12031"},"modified":"2025-06-13T18:44:50","modified_gmt":"2025-06-13T21:44:50","slug":"pdt-recorre-ao-stf-para-criacao-de-protocolo-de-urgencia-na-rede-publica-de-saude-do-df","status":"publish","type":"post","link":"https:\/\/sgpsolucoes.com.br\/site\/pdt-recorre-ao-stf-para-criacao-de-protocolo-de-urgencia-na-rede-publica-de-saude-do-df\/","title":{"rendered":"PDT recorre ao STF para cria\u00e7\u00e3o de protocolo de urg\u00eancia na rede p\u00fablica de sa\u00fade do DF"},"content":{"rendered":"<p><em>Partido alega descaso pol\u00edtico e cobra ado\u00e7\u00e3o de medidas imediatas para evitar risco \u00e0 vida da popula\u00e7\u00e3o<\/em><\/p><p>O Partido Democr\u00e1tico Trabalhista (PDT) solicitou ao Supremo Tribunal Federal (STF) que ordene o governo do Distrito Federal a elaborar e implementar, em at\u00e9 45 dias, protocolo de atendimento para pacientes classificados como urgentes na rede p\u00fablica de sa\u00fade. O pedido \u00e9 feito na Argui\u00e7\u00e3o de Descumprimento de Preceito Fundamental&nbsp;<strong><a href=\"https:\/\/portal.stf.jus.br\/processos\/detalhe.asp?incidente=7284712\" target=\"_blank\" rel=\"noreferrer noopener\">(ADPF) 1235<\/a><\/strong>, distribu\u00edda ao ministro Andr\u00e9 Mendon\u00e7a.<\/p><p>Segundo o PDT, a precariedade dos servi\u00e7os de sa\u00fade revela grave desvio administrativo, diante do aumento expressivo de receitas assegurado pelo Fundo Constitucional do Distrito Federal (FCDF), demonstrando \u201cclaro descompromisso com a boa gest\u00e3o p\u00fablica e com os fins essenciais do Estado\u201d.<\/p><h5 class=\"wp-block-heading\"><strong>Medida liminar<\/strong><\/h5><p>Ao denunciar a condu\u00e7\u00e3o da pol\u00edtica p\u00fablica de sa\u00fade no DF, o partido alerta para o fato de o Executivo frequentemente restringir o atendimento nas unidades e negar acesso aos servi\u00e7os sem dar o devido encaminhamento at\u00e9 mesmo aos pacientes em estado grave.<\/p><p>Em raz\u00e3o dos efeitos di\u00e1rios impostos aos moradores e por violar dispositivos constitucionais, como a garantia \u00e0 vida e o direito social \u00e0 sa\u00fade, o PDT requer a interven\u00e7\u00e3o urgente do Supremo para restaurar a ordem constitucional violada.<\/p><p>A agremia\u00e7\u00e3o tamb\u00e9m pede que seja normalizado o servi\u00e7o a pacientes triados como urgentes, a divulga\u00e7\u00e3o imediata das causas de restri\u00e7\u00e3o de atendimento (bandeiras vermelha e laranja) nas unidades de sa\u00fade, a apresenta\u00e7\u00e3o do plano de recupera\u00e7\u00e3o das unidades, o cumprimento das determina\u00e7\u00f5es dos Tribunais de Contas do Distrito Federal (TCDF) e da Uni\u00e3o (TCU) e a ado\u00e7\u00e3o de um plano de redu\u00e7\u00e3o de filas para cirurgias eletivas e n\u00e3o eletivas.&nbsp;<\/p><p><strong>Fonte: STF<\/strong><\/p>\n    <div class=\"xs_social_share_widget xs_share_url after_content \t\tmain_content  wslu-style-1 wslu-share-box-shaped wslu-fill-colored wslu-none wslu-share-horizontal wslu-theme-font-no wslu-main_content\">\n\n\t\t\n        <ul>\n\t\t\t        <\/ul>\n    <\/div> \n","protected":false},"excerpt":{"rendered":"<p>O Partido Democr\u00e1tico Trabalhista (PDT) solicitou ao Supremo Tribunal Federal (STF) que ordene o governo do Distrito Federal a elaborar e implementar, em at\u00e9 45 dias, protocolo de atendimento para pacientes classificados como urgentes na rede p\u00fablica de sa\u00fade. O pedido \u00e9 feito na Argui\u00e7\u00e3o de Descumprimento de Preceito Fundamental\u00a0(ADPF) 1235, distribu\u00edda ao ministro Andr\u00e9 Mendon\u00e7a.<\/p>\n","protected":false},"author":5,"featured_media":0,"comment_status":"open","ping_status":"open","sticky":false,"template":"","format":"standard","meta":{"postBodyCss":"","postBodyMargin":[],"postBodyPadding":[],"postBodyBackground":{"backgroundType":"classic","gradient":""},"_price":"","_stock":"","_tribe_ticket_header":"","_tribe_default_ticket_provider":"","_tribe_ticket_capacity":"0","_ticket_start_date":"","_ticket_end_date":"","_tribe_ticket_show_description":"","_tribe_ticket_show_not_going":false,"_tribe_ticket_use_global_stock":"","_tribe_ticket_global_stock_level":"","_global_stock_mode":"","_global_stock_cap":"","_tribe_rsvp_for_event":"","_tribe_ticket_going_count":"","_tribe_ticket_not_going_count":"","_tribe_tickets_list":"[]","_tribe_ticket_has_attendee_info_fields":false,"footnotes":""},"categories":[46],"tags":[11432,5618,2529,11427,3277,5478,11429,11435,11434,11431,11425,8003,11433,11426,11430,8910,11428,347,348],"class_list":["post-12031","post","type-post","status-publish","format-standard","hentry","category-noticias","tag-adpf-1235","tag-arguicao-de-descumprimento-de-preceito-fundamental","tag-criacao","tag-descaso-politico","tag-df","tag-governo-do-distrito-federal","tag-medidas-imediatas","tag-ministro-andre-mendonca","tag-pacientes-classificados-como-urgentes","tag-partido-democratico-trabalhista","tag-pdt","tag-populacao","tag-protocolo-de-atendimento","tag-protocolo-de-urgencia","tag-rede-de-saude","tag-rede-publica-de-saude","tag-risco-a-vida","tag-stf","tag-supremo-tribunal-federal"],"acf":[],"_links":{"self":[{"href":"https:\/\/sgpsolucoes.com.br\/site\/wp-json\/wp\/v2\/posts\/12031"}],"collection":[{"href":"https:\/\/sgpsolucoes.com.br\/site\/wp-json\/wp\/v2\/posts"}],"about":[{"href":"https:\/\/sgpsolucoes.com.br\/site\/wp-json\/wp\/v2\/types\/post"}],"author":[{"embeddable":true,"href":"https:\/\/sgpsolucoes.com.br\/site\/wp-json\/wp\/v2\/users\/5"}],"replies":[{"embeddable":true,"href":"https:\/\/sgpsolucoes.com.br\/site\/wp-json\/wp\/v2\/comments?post=12031"}],"version-history":[{"count":0,"href":"https:\/\/sgpsolucoes.com.br\/site\/wp-json\/wp\/v2\/posts\/12031\/revisions"}],"wp:attachment":[{"href":"https:\/\/sgpsolucoes.com.br\/site\/wp-json\/wp\/v2\/media?parent=12031"}],"wp:term":[{"taxonomy":"category","embeddable":true,"href":"https:\/\/sgpsolucoes.com.br\/site\/wp-json\/wp\/v2\/categories?post=12031"},{"taxonomy":"post_tag","embeddable":true,"href":"https:\/\/sgpsolucoes.com.br\/site\/wp-json\/wp\/v2\/tags?post=12031"}],"curies":[{"name":"wp","href":"https:\/\/api.w.org\/{rel}","templated":true}]}}