{"id":12113,"date":"2025-06-16T15:53:15","date_gmt":"2025-06-16T18:53:15","guid":{"rendered":"https:\/\/sgpsolucoes.com.br\/site\/?p=12113"},"modified":"2025-06-16T15:53:16","modified_gmt":"2025-06-16T18:53:16","slug":"intervencao-da-funai-na-adocao-de-crianca-indigena-nao-impoe-competencia-da-justica-federal","status":"publish","type":"post","link":"https:\/\/sgpsolucoes.com.br\/site\/intervencao-da-funai-na-adocao-de-crianca-indigena-nao-impoe-competencia-da-justica-federal\/","title":{"rendered":"Interven\u00e7\u00e3o da Funai na ado\u00e7\u00e3o de crian\u00e7a ind\u00edgena n\u00e3o imp\u00f5e compet\u00eancia da Justi\u00e7a Federal"},"content":{"rendered":"<p>\u200bA Segunda Se\u00e7\u00e3o do Superior Tribunal de Justi\u00e7a (STJ) estabeleceu que a interven\u00e7\u00e3o da Funda\u00e7\u00e3o Nacional dos Povos Ind\u00edgenas (Funai) nas a\u00e7\u00f5es de ado\u00e7\u00e3o de crian\u00e7a ind\u00edgena, ainda que obrigat\u00f3ria, n\u00e3o atrai automaticamente a&nbsp;compet\u00eancia&nbsp;da Justi\u00e7a Federal.<\/p><p>O colegiado entendeu que esse tipo de situa\u00e7\u00e3o n\u00e3o envolve disputa em torno de direitos ind\u00edgenas e que o melhor interesse da crian\u00e7a ou do adolescente recomenda a an\u00e1lise do caso pela Justi\u00e7a estadual, uma vez que as Varas de Inf\u00e2ncia e Juventude contam com equipe t\u00e9cnica especializada e t\u00eam condi\u00e7\u00f5es de acompanhar o processo de forma mais adequada.<\/p><p>O&nbsp;conflito de compet\u00eancia&nbsp;julgado pela turma teve origem em a\u00e7\u00e3o de ado\u00e7\u00e3o movida por um ind\u00edgena que cuida da crian\u00e7a desde o nascimento, pois convive em uni\u00e3o est\u00e1vel com a m\u00e3e dela.<\/p><p>A a\u00e7\u00e3o foi ajuizada na Justi\u00e7a estadual do Par\u00e1, que, devido \u00e0 necessidade de interven\u00e7\u00e3o da Funai, declinou da&nbsp;compet\u00eancia&nbsp;para a Justi\u00e7a Federal. O ju\u00edzo federal, contudo, suscitou o conflito no STJ por entender que a interven\u00e7\u00e3o da autarquia n\u00e3o altera a&nbsp;compet\u00eancia&nbsp;e que a manuten\u00e7\u00e3o do processo na Justi\u00e7a estadual atende ao melhor interesse da crian\u00e7a.<\/p><p><strong>Participa\u00e7\u00e3o da Funai n\u00e3o \u00e9 mero formalismo processual<\/strong><\/p><p>A relatora do conflito, ministra Nancy Andrighi, explicou que o Estatuto da Crian\u00e7a e do Adolescente (ECA), em seu&nbsp;<a href=\"https:\/\/www.planalto.gov.br\/ccivil_03\/leis\/l8069.htm#art28%C2%A76iii\">artigo 28, par\u00e1grafo 6\u00ba, inciso III<\/a>, determina que, na hip\u00f3tese de procedimento de guarda, tutela ou ado\u00e7\u00e3o de crian\u00e7a ou adolescente ind\u00edgena, \u00e9 obrigat\u00f3ria a interven\u00e7\u00e3o e oitiva de representantes do \u00f3rg\u00e3o federal respons\u00e1vel pela pol\u00edtica indigenista perante a equipe multidisciplinar que acompanhar\u00e1 o procedimento.<\/p><p>Segundo a ministra, a presen\u00e7a da Funai em tais casos possibilita a melhor verifica\u00e7\u00e3o das condi\u00e7\u00f5es e particularidades da fam\u00edlia biol\u00f3gica, a fim de propiciar o adequado acolhimento do menor na fam\u00edlia substituta.<\/p><p><strong>Leia tamb\u00e9m:&nbsp;<\/strong>&nbsp;<a href=\"https:\/\/www.stj.jus.br\/sites\/portalp\/Paginas\/Comunicacao\/Noticias\/20102020-Acao-de-destituicao-de-poder-familiar-que-envolve-crianca-indigena-exige-participacao-da-Funai.aspx\">A\u00e7\u00e3o de destitui\u00e7\u00e3o de poder familiar que envolve crian\u00e7a ind\u00edgena exige participa\u00e7\u00e3o da Funai<\/a><\/p><p>A interven\u00e7\u00e3o obrigat\u00f3ria da Funai, para a relatora, configura n\u00e3o uma simples formalidade processual, mas um &#8220;mecanismo que legitima o processo adotivo de crian\u00e7a e adolescente oriundos de fam\u00edlia ind\u00edgena&#8221;.<\/p><p><strong>Vara de Inf\u00e2ncia e Juventude tem melhores condi\u00e7\u00f5es de avaliar o processo<\/strong><\/p><p>Nancy Andrighi destacou que a Constitui\u00e7\u00e3o inclui entre as compet\u00eancias da Justi\u00e7a Federal as demandas nas quais as autarquias federais sejam autoras, r\u00e9s, assistentes ou oponentes, bem como aquelas que envolvem disputa em torno de direitos ind\u00edgenas.<\/p><p>Ela lembrou que o STJ j\u00e1 se manifestou no sentido de que a&nbsp;compet\u00eancia&nbsp;federal se refere aos direitos ind\u00edgenas elencados no&nbsp;<a href=\"https:\/\/www.planalto.gov.br\/ccivil_03\/constituicao\/constituicao.htm#art231\">artigo 231 da Constitui\u00e7\u00e3o<\/a>. Da mesma forma, ressaltou que o Supremo Tribunal Federal (STF) entende que a Justi\u00e7a Federal s\u00f3 ser\u00e1 competente quando &#8220;o processo versar sobre quest\u00f5es diretamente ligadas \u00e0 cultura ind\u00edgena e ao direito sobre suas terras, ou quando envolvidos interesses da Uni\u00e3o&#8221;.<\/p><p>&#8220;Na a\u00e7\u00e3o de ado\u00e7\u00e3o de crian\u00e7a ind\u00edgena, portanto, a Funai n\u00e3o exerce direito pr\u00f3prio, n\u00e3o figurando como autora, r\u00e9, assistente ou oponente. Trata-se, em verdade, de atua\u00e7\u00e3o consultiva perante a equipe multidisciplinar que acompanhar\u00e1 a demanda (artigo 28, par\u00e1grafo 6\u00ba, ECA)&#8221;, afirmou.<\/p><p>Segundo a relatora, a a\u00e7\u00e3o de ado\u00e7\u00e3o n\u00e3o afeta direitos ind\u00edgenas, mas sim o resguardo da integridade psicof\u00edsica da crian\u00e7a ou do adolescente. Esse procedimento, avaliou, diz respeito a direito privado, uma vez que trata de interesse particular do menor de origem ind\u00edgena.<\/p><p><em>O n\u00famero deste processo n\u00e3o \u00e9 divulgado em raz\u00e3o de segredo judicial.&nbsp;<\/em>&nbsp;&nbsp;<\/p><p><strong>Fonte: STJ<\/strong><\/p>\n    <div class=\"xs_social_share_widget xs_share_url after_content \t\tmain_content  wslu-style-1 wslu-share-box-shaped wslu-fill-colored wslu-none wslu-share-horizontal wslu-theme-font-no wslu-main_content\">\n\n\t\t\n        <ul>\n\t\t\t        <\/ul>\n    <\/div> \n","protected":false},"excerpt":{"rendered":"<p>\u200bA Segunda Se\u00e7\u00e3o do Superior Tribunal de Justi\u00e7a (STJ) estabeleceu que a interven\u00e7\u00e3o da Funda\u00e7\u00e3o Nacional dos Povos Ind\u00edgenas (Funai) nas a\u00e7\u00f5es de ado\u00e7\u00e3o de crian\u00e7a ind\u00edgena, ainda que obrigat\u00f3ria, n\u00e3o atrai automaticamente a\u00a0compet\u00eancia\u00a0da Justi\u00e7a Federal.<\/p>\n","protected":false},"author":5,"featured_media":0,"comment_status":"open","ping_status":"open","sticky":false,"template":"","format":"standard","meta":{"postBodyCss":"","postBodyMargin":[],"postBodyPadding":[],"postBodyBackground":{"backgroundType":"classic","gradient":""},"_price":"","_stock":"","_tribe_ticket_header":"","_tribe_default_ticket_provider":"","_tribe_ticket_capacity":"0","_ticket_start_date":"","_ticket_end_date":"","_tribe_ticket_show_description":"","_tribe_ticket_show_not_going":false,"_tribe_ticket_use_global_stock":"","_tribe_ticket_global_stock_level":"","_global_stock_mode":"","_global_stock_cap":"","_tribe_rsvp_for_event":"","_tribe_ticket_going_count":"","_tribe_ticket_not_going_count":"","_tribe_tickets_list":"[]","_tribe_ticket_has_attendee_info_fields":false,"footnotes":""},"categories":[46],"tags":[11508,4517,3124,10580,4078,11506,3270,8752,4931,11507,3071,11509,4405,229,230],"class_list":["post-12113","post","type-post","status-publish","format-standard","hentry","category-noticias","tag-acoes-de-adocao","tag-adocao","tag-competencia","tag-competencia-da-justica-federal","tag-crianca","tag-crianca-indigena","tag-funai","tag-fundacao-nacional-dos-povos-indigenas","tag-indigena","tag-intervencao","tag-justica-federal","tag-obrigatoria-2","tag-segunda-secao","tag-stj","tag-superior-tribunal-de-justica"],"acf":[],"_links":{"self":[{"href":"https:\/\/sgpsolucoes.com.br\/site\/wp-json\/wp\/v2\/posts\/12113"}],"collection":[{"href":"https:\/\/sgpsolucoes.com.br\/site\/wp-json\/wp\/v2\/posts"}],"about":[{"href":"https:\/\/sgpsolucoes.com.br\/site\/wp-json\/wp\/v2\/types\/post"}],"author":[{"embeddable":true,"href":"https:\/\/sgpsolucoes.com.br\/site\/wp-json\/wp\/v2\/users\/5"}],"replies":[{"embeddable":true,"href":"https:\/\/sgpsolucoes.com.br\/site\/wp-json\/wp\/v2\/comments?post=12113"}],"version-history":[{"count":0,"href":"https:\/\/sgpsolucoes.com.br\/site\/wp-json\/wp\/v2\/posts\/12113\/revisions"}],"wp:attachment":[{"href":"https:\/\/sgpsolucoes.com.br\/site\/wp-json\/wp\/v2\/media?parent=12113"}],"wp:term":[{"taxonomy":"category","embeddable":true,"href":"https:\/\/sgpsolucoes.com.br\/site\/wp-json\/wp\/v2\/categories?post=12113"},{"taxonomy":"post_tag","embeddable":true,"href":"https:\/\/sgpsolucoes.com.br\/site\/wp-json\/wp\/v2\/tags?post=12113"}],"curies":[{"name":"wp","href":"https:\/\/api.w.org\/{rel}","templated":true}]}}