{"id":12117,"date":"2025-06-16T15:58:07","date_gmt":"2025-06-16T18:58:07","guid":{"rendered":"https:\/\/sgpsolucoes.com.br\/site\/?p=12117"},"modified":"2025-06-16T15:58:08","modified_gmt":"2025-06-16T18:58:08","slug":"peca-publicitaria-que-mostra-grafite-em-espaco-publico-de-forma-indireta-nao-viola-direitos-do-artista","status":"publish","type":"post","link":"https:\/\/sgpsolucoes.com.br\/site\/peca-publicitaria-que-mostra-grafite-em-espaco-publico-de-forma-indireta-nao-viola-direitos-do-artista\/","title":{"rendered":"Pe\u00e7a publicit\u00e1ria que mostra grafite em espa\u00e7o p\u00fablico de forma indireta n\u00e3o viola direitos do artista"},"content":{"rendered":"<p>\u200bA exibi\u00e7\u00e3o indireta e acess\u00f3ria, em pe\u00e7a publicit\u00e1ria, de um grafite feito em espa\u00e7o p\u00fablico, sem a autoriza\u00e7\u00e3o pr\u00e9via do artista, n\u00e3o caracteriza viola\u00e7\u00e3o de direitos autorais.<\/p><p>Com esse entendimento, a Terceira Turma do Superior Tribunal de Justi\u00e7a (STJ) negou&nbsp;provimento&nbsp;ao recurso de um artista que pedia a condena\u00e7\u00e3o por danos materiais e morais da empresa administradora da plataforma de v\u00eddeos TikTok, devido \u00e0 exibi\u00e7\u00e3o de um grafite de sua autoria no local conhecido como Beco do Batman, na vila Madalena, em S\u00e3o Paulo, durante um filme publicit\u00e1rio de divulga\u00e7\u00e3o da pr\u00f3pria plataforma. O beco \u00e9 famoso por seus muros decorados com grafites de diversos artistas.<\/p><p>O recorrente ajuizou a a\u00e7\u00e3o de repara\u00e7\u00e3o de danos em 2022, alegando que a empresa teria violado seus direitos com a inser\u00e7\u00e3o n\u00e3o autorizada de uma de suas pinturas na a\u00e7\u00e3o publicit\u00e1ria. Pediu a indeniza\u00e7\u00e3o de R$ 18 mil por danos materiais e R$ 15 mil por danos morais.<\/p><p>Contudo, tanto o ju\u00edzo de primeiro grau quanto o Tribunal de Justi\u00e7a de S\u00e3o Paulo (TJSP) julgaram os pedidos improcedentes, considerando que n\u00e3o houve ofensa aos direitos autorais.<\/p><p><strong>Grafite \u00e9 protegido pela Lei de Direitos Autorais<\/strong><\/p><p>O relator do caso no STJ, ministro Ricardo Villas B\u00f4as Cueva, comentou que o grafite, uma manifesta\u00e7\u00e3o art\u00edstica urbana que ocupa posi\u00e7\u00e3o de destaque no cen\u00e1rio cultural contempor\u00e2neo, tamb\u00e9m \u00e9 protegido pela&nbsp;<a href=\"https:\/\/www.planalto.gov.br\/ccivil_03\/leis\/l9610.htm\">Lei de Direitos Autorais (Lei 9.610\/1998)<\/a>.<\/p><p>Assim como merece toda a prote\u00e7\u00e3o conferida pela lei \u2013 ressaltou o ministro \u2013, o autor do grafite tamb\u00e9m tem seus direitos sujeitos \u00e0s limita\u00e7\u00f5es do mesmo diploma legal, como a prevista no&nbsp;<a href=\"https:\/\/www.planalto.gov.br\/ccivil_03\/leis\/l9610.htm#art48\">artigo 48<\/a>, que assegura a livre&nbsp;representa\u00e7\u00e3o, em fotos e produtos audiovisuais, das obras situadas permanentemente em logradouros p\u00fablicos.<\/p><p>&#8220;Essa regra n\u00e3o se traduz na ampla permiss\u00e3o para o uso da obra de terceiro com prop\u00f3sito eminentemente comercial, ou seja, segue vedada qualquer tentativa de explora\u00e7\u00e3o econ\u00f4mica da obra por meio das mais variadas formas, visto que tal direito pertence exclusivamente ao autor da obra art\u00edstica e, eventualmente, a seus sucessores&#8221;, declarou.<\/p><p><strong>Leia tamb\u00e9m:&nbsp;<\/strong>&nbsp;<a href=\"https:\/\/www.stj.jus.br\/sites\/portalp\/Paginas\/Comunicacao\/Noticias\/30092020-Artista-deve-ser-indenizado-por-uso-comercial-nao-autorizado-de-grafite-em-area-publica.aspx\">Artista deve ser indenizado por uso comercial n\u00e3o autorizado de grafite em \u00e1rea p\u00fablica<\/a><\/p><p><strong>Uso indireto e acess\u00f3rio do grafite na pe\u00e7a publicit\u00e1ria<\/strong><\/p><p>Contudo, no caso em an\u00e1lise, o ministro verificou que o uso da obra se deu de forma indireta, apenas como pano de fundo para a apresenta\u00e7\u00e3o de um dan\u00e7arino, n\u00e3o caracterizando uma tentativa de reprodu\u00e7\u00e3o do grafite. Al\u00e9m disso, o relator destacou que n\u00e3o houve preju\u00edzos \u00e0 explora\u00e7\u00e3o normal da obra nem aos leg\u00edtimos interesses do autor.<\/p><p>Ambas as inst\u00e2ncias ordin\u00e1rias \u2013 observou Villas B\u00f4as Cueva \u2013 foram firmes ao indicar quea&nbsp;representa\u00e7\u00e3o&nbsp;indireta do grafite teve natureza meramente acidental e acess\u00f3ria, bem como n\u00e3o ficou configurado o fim lucrativo na utiliza\u00e7\u00e3o do painel; e que a apresenta\u00e7\u00e3o do dan\u00e7arino contratado foi, na verdade, o foco real da pe\u00e7a publicit\u00e1ria.<\/p><p><a href=\"https:\/\/processo.stj.jus.br\/processo\/julgamento\/eletronico\/documento\/mediado\/?documento_tipo=integra&amp;documento_sequencial=314592724&amp;registro_numero=202403793205&amp;peticao_numero=&amp;publicacao_data=20250528&amp;formato=PDF\">Leia o ac\u00f3rd\u00e3o no REsp 2.174.943<\/a>.<\/p><p><strong>Esta not\u00edcia refere-se ao(s)&nbsp;processo(s): <a href=\"https:\/\/ww2.stj.jus.br\/processo\/pesquisa\/?aplicacao=processos.ea&amp;tipoPesquisa=tipoPesquisaGenerica&amp;termo=REsp%202174943\">REsp 2174943<\/a><\/strong><\/p><p><strong>Fonte: STJ<\/strong><\/p>\n    <div class=\"xs_social_share_widget xs_share_url after_content \t\tmain_content  wslu-style-1 wslu-share-box-shaped wslu-fill-colored wslu-none wslu-share-horizontal wslu-theme-font-no wslu-main_content\">\n\n\t\t\n        <ul>\n\t\t\t        <\/ul>\n    <\/div> \n","protected":false},"excerpt":{"rendered":"<p>\u200bA exibi\u00e7\u00e3o indireta e acess\u00f3ria, em pe\u00e7a publicit\u00e1ria, de um grafite feito em espa\u00e7o p\u00fablico, sem a autoriza\u00e7\u00e3o pr\u00e9via do artista, n\u00e3o caracteriza viola\u00e7\u00e3o de direitos autorais.<\/p>\n","protected":false},"author":5,"featured_media":0,"comment_status":"open","ping_status":"open","sticky":false,"template":"","format":"standard","meta":{"postBodyCss":"","postBodyMargin":[],"postBodyPadding":[],"postBodyBackground":{"backgroundType":"classic","gradient":""},"_price":"","_stock":"","_tribe_ticket_header":"","_tribe_default_ticket_provider":"","_tribe_ticket_capacity":"0","_ticket_start_date":"","_ticket_end_date":"","_tribe_ticket_show_description":"","_tribe_ticket_show_not_going":false,"_tribe_ticket_use_global_stock":"","_tribe_ticket_global_stock_level":"","_global_stock_mode":"","_global_stock_cap":"","_tribe_rsvp_for_event":"","_tribe_ticket_going_count":"","_tribe_ticket_not_going_count":"","_tribe_tickets_list":"[]","_tribe_ticket_has_attendee_info_fields":false,"footnotes":""},"categories":[46],"tags":[3227,11519,11526,11523,3794,3798,11518,11512,11524,1978,11521,11510,11516,11511,11514,11522,11525,11517,11513,3928,1086,11515,229,230,2685,9060,11520,569],"class_list":["post-12117","post","type-post","status-publish","format-standard","hentry","category-noticias","tag-acessoria","tag-artista","tag-beco","tag-beco-do-batman","tag-danos-materiais","tag-danos-morais","tag-direitos-autorais","tag-direitos-do-artista","tag-diversos-artistas","tag-divulgacao","tag-empresa-administradora","tag-espaco-publico","tag-exibicao-indireta","tag-forma-indireta","tag-grafite","tag-grafites","tag-muros-decorados","tag-nao-viola","tag-peca-publicitaria","tag-plataforma","tag-sao-paulo","tag-sem-autorizacao-previa","tag-stj","tag-superior-tribunal-de-justica","tag-terceira-turma","tag-tiktok","tag-vila-madalena","tag-violacao"],"acf":[],"_links":{"self":[{"href":"https:\/\/sgpsolucoes.com.br\/site\/wp-json\/wp\/v2\/posts\/12117"}],"collection":[{"href":"https:\/\/sgpsolucoes.com.br\/site\/wp-json\/wp\/v2\/posts"}],"about":[{"href":"https:\/\/sgpsolucoes.com.br\/site\/wp-json\/wp\/v2\/types\/post"}],"author":[{"embeddable":true,"href":"https:\/\/sgpsolucoes.com.br\/site\/wp-json\/wp\/v2\/users\/5"}],"replies":[{"embeddable":true,"href":"https:\/\/sgpsolucoes.com.br\/site\/wp-json\/wp\/v2\/comments?post=12117"}],"version-history":[{"count":0,"href":"https:\/\/sgpsolucoes.com.br\/site\/wp-json\/wp\/v2\/posts\/12117\/revisions"}],"wp:attachment":[{"href":"https:\/\/sgpsolucoes.com.br\/site\/wp-json\/wp\/v2\/media?parent=12117"}],"wp:term":[{"taxonomy":"category","embeddable":true,"href":"https:\/\/sgpsolucoes.com.br\/site\/wp-json\/wp\/v2\/categories?post=12117"},{"taxonomy":"post_tag","embeddable":true,"href":"https:\/\/sgpsolucoes.com.br\/site\/wp-json\/wp\/v2\/tags?post=12117"}],"curies":[{"name":"wp","href":"https:\/\/api.w.org\/{rel}","templated":true}]}}