{"id":12123,"date":"2025-06-16T16:07:18","date_gmt":"2025-06-16T19:07:18","guid":{"rendered":"https:\/\/sgpsolucoes.com.br\/site\/?p=12123"},"modified":"2025-06-16T16:07:19","modified_gmt":"2025-06-16T19:07:19","slug":"tribunal-reforca-medidas-de-diversidade-equidade-e-inclusao-em-novo-concurso","status":"publish","type":"post","link":"https:\/\/sgpsolucoes.com.br\/site\/tribunal-reforca-medidas-de-diversidade-equidade-e-inclusao-em-novo-concurso\/","title":{"rendered":"Tribunal refor\u00e7a medidas de diversidade, equidade e inclus\u00e3o em novo concurso"},"content":{"rendered":"<p><strong><em>As provas ocorrem em agosto e as inscri\u00e7\u00f5es est\u00e3o abertas at\u00e9 17 de junho<\/em><\/strong><\/p><p>O Tribunal de Contas da Uni\u00e3o (TCU) est\u00e1 com inscri\u00e7\u00f5es abertas, at\u00e9 o dia 17 de junho, para o concurso p\u00fablico que vai selecionar novos t\u00e9cnicos federais de controle. O certame traz uma s\u00e9rie de&nbsp;<strong>medidas voltadas \u00e0 promo\u00e7\u00e3o da diversidade, da equidade e da inclus\u00e3o,&nbsp;<\/strong>consolidando o compromisso do Tribunal com a representatividade no servi\u00e7o p\u00fablico.<\/p><p>Coordenado pelo Instituto Serzedello Corr\u00eaa (ISC) e executado pelo Centro Brasileiro de Pesquisa em Avalia\u00e7\u00e3o e Sele\u00e7\u00e3o e de Promo\u00e7\u00e3o de Eventos (Cebraspe),&nbsp;<strong>o concurso oferece 60 vagas<\/strong>, sendo 40 para provimento imediato e 20 para cadastro de reserva, com sal\u00e1rios iniciais de R$ 15.128,26 para jornada de 40 horas semanais. As provas est\u00e3o marcadas para o dia 3 de agosto de 2025, em Bras\u00edlia. O resultado da primeira etapa ser\u00e1 divulgado no dia 29 do mesmo m\u00eas.<\/p><figure class=\"wp-block-image\"><a href=\"https:\/\/www.cebraspe.org.br\/concursos\/tcu_25_tefc\"><img decoding=\"async\" src=\"https:\/\/portal.tcu.gov.br\/data\/files\/35\/00\/4D\/D7\/4E97791033125279F18818A8\/botao.png\" alt=\"botao.png\"\/><\/a><\/figure><p>Entre as a\u00e7\u00f5es adotadas, destaca-se a amplia\u00e7\u00e3o das cotas para pessoas com defici\u00eancia (PCD),&nbsp;<strong>que passam de 5% para 10% do total de vagas.<\/strong>&nbsp;A iniciativa \u00e9 destacada pela presidente do concurso e diretora-geral do ISC, Ana Cristina Novaes, como um marco importante para o TCU. &nbsp;<\/p><p>\u201cIncorporar medidas de diversidade, equidade e inclus\u00e3o em concursos p\u00fablicos, como o do TCU, \u00e9 fundamental para&nbsp;<strong>enfrentar desigualdades hist\u00f3ricas<\/strong>&nbsp;e promover maior representatividade no servi\u00e7o p\u00fablico. O TCU est\u00e1 atento a essas quest\u00f5es. A\u00e7\u00f5es afirmativas, como a eleva\u00e7\u00e3o da cota para pessoas com defici\u00eancia, representam avan\u00e7os extremamente importantes\u201d, disse.&nbsp; &nbsp;<\/p><p>Al\u00e9m disso, foi exigida, em contrato com a banca organizadora,&nbsp;<strong>a paridade de g\u00eanero e ra\u00e7a na composi\u00e7\u00e3o das bancas examinadoras,<\/strong>&nbsp;bem como a disponibiliza\u00e7\u00e3o de&nbsp;<strong>espa\u00e7o para amamenta\u00e7\u00e3o nas etapas do concurso e no programa de forma\u00e7\u00e3o.<\/strong>&nbsp;Tamb\u00e9m houve o cuidado de realizar as provas&nbsp;<strong>fora do per\u00edodo de f\u00e9rias escolares<\/strong>, facilitando a participa\u00e7\u00e3o de candidatos com filhos em idade escolar. &nbsp;<\/p><p>Outro aspecto importante \u00e9 o compromisso com a&nbsp;<strong>acessibilidade.<\/strong>&nbsp;O&nbsp;<strong>edital foi publicado tamb\u00e9m em braile e est\u00e3o previstos materiais acess\u00edveis e servi\u00e7os de tradu\u00e7\u00e3o e interpreta\u00e7\u00e3o em Libras.<\/strong>&nbsp;Os procedimentos de heteroidentifica\u00e7\u00e3o para candidatos negros e a avalia\u00e7\u00e3o dos candidatos PCD tamb\u00e9m ocorrer\u00e3o na capital federal, acompanhando a aplica\u00e7\u00e3o das provas. &nbsp;<\/p><p>O TCU tamb\u00e9m est\u00e1 atento \u00e0 forma\u00e7\u00e3o dos envolvidos nas etapas do concurso. Embora a responsabilidade pela comiss\u00e3o de heteroidentifica\u00e7\u00e3o seja da banca organizadora, foi exigido que seus integrantes possuam&nbsp;<strong>letramento racial.<\/strong>&nbsp; &nbsp;<\/p><p>Outra frente em an\u00e1lise \u00e9 a reformula\u00e7\u00e3o do programa de forma\u00e7\u00e3o, que constitui a segunda etapa do concurso. Sua finalidade principal \u00e9 a integra\u00e7\u00e3o inicial no ambiente de trabalho e o desenvolvimento b\u00e1sico de compet\u00eancias necess\u00e1rias \u00e0 atua\u00e7\u00e3o profissional dos novos servidores. Ent\u00e3o, nesse contexto de remodela\u00e7\u00e3o e seguindo as diretrizes da gest\u00e3o, passam a ser inclu\u00eddas tamb\u00e9m iniciativas voltadas ao fortalecimento das&nbsp;<strong>compet\u00eancias comportamentais, com foco em temas como empatia, respeito \u00e0s diferen\u00e7as e consci\u00eancia social<\/strong>. Sobre o assunto, a diretora do ISC refor\u00e7a o impacto nos trabalhos do TCU. &nbsp;<\/p><p>\u201cEssas iniciativas tornam o TCU mais plural, ampliam sua legitimidade institucional e fortalecem sua capacidade de compreender e fiscalizar realidades diversas. \u00c9 uma composi\u00e7\u00e3o que contribui para uma atua\u00e7\u00e3o mais justa, eficaz e alinhada aos interesses da sociedade brasileira\u201d, explica Ana Cristina.&nbsp; &nbsp;<\/p><p><strong>Leia mais<\/strong>&nbsp;&nbsp;<\/p><p><a href=\"https:\/\/portal.tcu.gov.br\/imprensa\/noticias\/publicado-edital-para-concurso-publico-de-tecnico-federal-de-controle-externo-do-tcu\">Publicado edital para concurso p\u00fablico de t\u00e9cnico federal de controle externo do TCU<\/a><\/p><p><strong>___________________________________________<\/strong><\/p><p><strong>Fonte: TCU<\/strong><\/p>\n    <div class=\"xs_social_share_widget xs_share_url after_content \t\tmain_content  wslu-style-1 wslu-share-box-shaped wslu-fill-colored wslu-none wslu-share-horizontal wslu-theme-font-no wslu-main_content\">\n\n\t\t\n        <ul>\n\t\t\t        <\/ul>\n    <\/div> \n","protected":false},"excerpt":{"rendered":"<p>O Tribunal de Contas da Uni\u00e3o (TCU) est\u00e1 com inscri\u00e7\u00f5es abertas, at\u00e9 o dia 17 de junho, para o concurso p\u00fablico que vai selecionar novos t\u00e9cnicos federais de controle. O certame traz uma s\u00e9rie de\u00a0medidas voltadas \u00e0 promo\u00e7\u00e3o da diversidade, da equidade e da inclus\u00e3o,\u00a0consolidando o compromisso do Tribunal com a representatividade no servi\u00e7o p\u00fablico.<\/p>\n","protected":false},"author":5,"featured_media":0,"comment_status":"open","ping_status":"open","sticky":false,"template":"","format":"standard","meta":{"postBodyCss":"","postBodyMargin":[],"postBodyPadding":[],"postBodyBackground":{"backgroundType":"classic","gradient":""},"_price":"","_stock":"","_tribe_ticket_header":"","_tribe_default_ticket_provider":"","_tribe_ticket_capacity":"0","_ticket_start_date":"","_ticket_end_date":"","_tribe_ticket_show_description":"","_tribe_ticket_show_not_going":false,"_tribe_ticket_use_global_stock":"","_tribe_ticket_global_stock_level":"","_global_stock_mode":"","_global_stock_cap":"","_tribe_rsvp_for_event":"","_tribe_ticket_going_count":"","_tribe_ticket_not_going_count":"","_tribe_tickets_list":"[]","_tribe_ticket_has_attendee_info_fields":false,"footnotes":""},"categories":[46],"tags":[11533,11532,1392,201,174,11535,5167,3087,3881,11531,11534,4961,1768,258,11536,597,450],"class_list":["post-12123","post","type-post","status-publish","format-standard","hentry","category-noticias","tag-abertas","tag-agosto","tag-concurso","tag-concurso-publico","tag-controle","tag-dia-17-de-junho","tag-diversidade","tag-equidade","tag-inclusao","tag-inscricoes","tag-inscricoes-abertas","tag-medidas","tag-provas","tag-tcu","tag-tecnicos-federais","tag-tribunal","tag-tribunal-de-contas-da-uniao"],"acf":[],"_links":{"self":[{"href":"https:\/\/sgpsolucoes.com.br\/site\/wp-json\/wp\/v2\/posts\/12123"}],"collection":[{"href":"https:\/\/sgpsolucoes.com.br\/site\/wp-json\/wp\/v2\/posts"}],"about":[{"href":"https:\/\/sgpsolucoes.com.br\/site\/wp-json\/wp\/v2\/types\/post"}],"author":[{"embeddable":true,"href":"https:\/\/sgpsolucoes.com.br\/site\/wp-json\/wp\/v2\/users\/5"}],"replies":[{"embeddable":true,"href":"https:\/\/sgpsolucoes.com.br\/site\/wp-json\/wp\/v2\/comments?post=12123"}],"version-history":[{"count":0,"href":"https:\/\/sgpsolucoes.com.br\/site\/wp-json\/wp\/v2\/posts\/12123\/revisions"}],"wp:attachment":[{"href":"https:\/\/sgpsolucoes.com.br\/site\/wp-json\/wp\/v2\/media?parent=12123"}],"wp:term":[{"taxonomy":"category","embeddable":true,"href":"https:\/\/sgpsolucoes.com.br\/site\/wp-json\/wp\/v2\/categories?post=12123"},{"taxonomy":"post_tag","embeddable":true,"href":"https:\/\/sgpsolucoes.com.br\/site\/wp-json\/wp\/v2\/tags?post=12123"}],"curies":[{"name":"wp","href":"https:\/\/api.w.org\/{rel}","templated":true}]}}