{"id":12162,"date":"2025-06-16T19:18:11","date_gmt":"2025-06-16T22:18:11","guid":{"rendered":"https:\/\/sgpsolucoes.com.br\/site\/?p=12162"},"modified":"2025-06-16T19:18:12","modified_gmt":"2025-06-16T22:18:12","slug":"justica-do-trabalho-rejeita-acao-de-sindicato-de-vigilantes-contra-ufpr-em-face-da-inexistencia-de-omissao-ou-falha-na-fiscalizacao-do-contrato","status":"publish","type":"post","link":"https:\/\/sgpsolucoes.com.br\/site\/justica-do-trabalho-rejeita-acao-de-sindicato-de-vigilantes-contra-ufpr-em-face-da-inexistencia-de-omissao-ou-falha-na-fiscalizacao-do-contrato\/","title":{"rendered":"Justi\u00e7a do Trabalho rejeita a\u00e7\u00e3o de sindicato de vigilantes contra UFPR, em face da inexist\u00eancia de omiss\u00e3o ou falha na fiscaliza\u00e7\u00e3o do contrato"},"content":{"rendered":"<p><em><strong>AGU comprovou que n\u00e3o houve falha da universidade na fiscaliza\u00e7\u00e3o do contrato com empresa terceirizada<\/strong><\/em><\/p><p>A Justi\u00e7a do Trabalho de Curitiba rejeitou a\u00e7\u00e3o coletiva movida pelo Sindicato dos Empregados em Empresas de Seguran\u00e7a, Vigil\u00e2ncia e Transportes de Valores de Curitiba e Regi\u00e3o Metropolitana contra empresa de seguran\u00e7a e a Universidade Federal do Paran\u00e1.<\/p><p class=\"has-text-align-center\"><img fetchpriority=\"high\" decoding=\"async\" src=\"https:\/\/www.gov.br\/agu\/pt-br\/comunicacao\/noticias\/justica-do-trabalho-rejeita-acao-de-sindicato-de-vigilantes-contra-ufpr\/ufpr_marcos-solivan.jpg\/@@images\/047c82c1-697e-4205-b202-5f0cbf51c59e.jpeg\" alt=\"UFPR_Marcos Solivan.jpg\" height=\"432\" width=\"768\"><\/p><p class=\"has-text-align-center\"><em>Pr\u00e9dio hist\u00f3rico da Universidade Federal do Paran\u00e1 &#8211; Foto: Marcos Solivan\/UFPR<\/em><\/p><p>O sindicato alegava que os trabalhadores tiveram o intervalo intrajornada reduzido de uma hora para 30 minutos sem a devida indeniza\u00e7\u00e3o. Tamb\u00e9m buscava responsabilizar a UFPR de forma solid\u00e1ria ou subsidi\u00e1ria, enquanto contratante dos servi\u00e7os terceirizados.<\/p><p>Al\u00e9m do pagamento pelas horas supostamente suprimidas, o sindicato requereu indeniza\u00e7\u00e3o por danos morais coletivos e multa normativa. O valor total dos pedidos somava R$ 1.877.601,87.<\/p><p>No entanto, a Procuradoria Regional Federal da 4\u00aa Regi\u00e3o, unidade da AGU que representa a UFPR, argumentou que a Administra\u00e7\u00e3o P\u00fablica s\u00f3 pode ser responsabilizada subsidiariamente quando h\u00e1 omiss\u00e3o ou falha na fiscaliza\u00e7\u00e3o do contrato. No caso em quest\u00e3o, se verificou o contr\u00e1rio. A AGU apresentou documentos que comprovaram o acompanhamento regular da execu\u00e7\u00e3o contratual.<\/p><p>\u201cN\u00e3o houve qualquer irregularidade na atua\u00e7\u00e3o da Universidade. A fiscaliza\u00e7\u00e3o foi realizada desde o in\u00edcio e durante toda a vig\u00eancia do contrato\u201d, afirmou o procurador federal Guilherme Mazzoleni, respons\u00e1vel pelo caso.<\/p><p>A AGU tamb\u00e9m demonstrou que a redu\u00e7\u00e3o do intervalo estava prevista em cl\u00e1usula da conven\u00e7\u00e3o coletiva da categoria, sem previs\u00e3o de indeniza\u00e7\u00e3o.<\/p><p>O ju\u00edzo da 15\u00aa Vara do Trabalho de Curitiba acolheu os argumentos da AGU e afastou a responsabilidade da UFPR, diante da aus\u00eancia de omiss\u00e3o na fiscaliza\u00e7\u00e3o. Com isso, todos os pedidos do sindicato foram julgados improcedentes, e a universidade foi exclu\u00edda do processo ap\u00f3s o tr\u00e2nsito em julgado.<\/p><p>A decis\u00e3o refor\u00e7a a validade das conven\u00e7\u00f5es coletivas e os crit\u00e9rios para responsabiliza\u00e7\u00e3o da Administra\u00e7\u00e3o P\u00fablica. Tamb\u00e9m confirma a necessidade de prova concreta para a imposi\u00e7\u00e3o de condena\u00e7\u00f5es trabalhistas.<\/p><p><em>Processo n\u00ba 0000283-30.2025.5.09.0015<\/em><\/p><p><strong>Fonte: Assessoria Especial de Comunica\u00e7\u00e3o Social da AGU<\/strong><\/p>\n    <div class=\"xs_social_share_widget xs_share_url after_content \t\tmain_content  wslu-style-1 wslu-share-box-shaped wslu-fill-colored wslu-none wslu-share-horizontal wslu-theme-font-no wslu-main_content\">\n\n\t\t\n        <ul>\n\t\t\t        <\/ul>\n    <\/div> \n","protected":false},"excerpt":{"rendered":"<p>A Justi\u00e7a do Trabalho de Curitiba rejeitou a\u00e7\u00e3o coletiva movida pelo Sindicato dos Empregados em Empresas de Seguran\u00e7a, Vigil\u00e2ncia e Transportes de Valores de Curitiba e Regi\u00e3o Metropolitana contra empresa de seguran\u00e7a e a Universidade Federal do Paran\u00e1.<\/p>\n","protected":false},"author":5,"featured_media":0,"comment_status":"open","ping_status":"open","sticky":false,"template":"","format":"standard","meta":{"postBodyCss":"","postBodyMargin":[],"postBodyPadding":[],"postBodyBackground":{"backgroundType":"classic","gradient":""},"_price":"","_stock":"","_tribe_ticket_header":"","_tribe_default_ticket_provider":"","_tribe_ticket_capacity":"0","_ticket_start_date":"","_ticket_end_date":"","_tribe_ticket_show_description":"","_tribe_ticket_show_not_going":false,"_tribe_ticket_use_global_stock":"","_tribe_ticket_global_stock_level":"","_global_stock_mode":"","_global_stock_cap":"","_tribe_rsvp_for_event":"","_tribe_ticket_going_count":"","_tribe_ticket_not_going_count":"","_tribe_tickets_list":"[]","_tribe_ticket_has_attendee_info_fields":false,"footnotes":""},"categories":[46],"tags":[11658,79,4877,11664,11659,11654,6616,11656,11653,11662,11652,11651,11657,11663,11655,4773,11661,11660],"class_list":["post-12162","post","type-post","status-publish","format-standard","hentry","category-noticias","tag-acao-coletiva","tag-agu","tag-curitiba","tag-empresa-de-seguranca","tag-empresa-terceirizada","tag-fiscalizacao-do-contrato","tag-justica-do-trabalho","tag-justica-do-trabalho-de-curitiba","tag-nao-houve-falha","tag-regiao-metropolitana","tag-rejeita-acao","tag-sindicato-de-vigilantes","tag-sindicato-dos-empregados-em-empresas-de-seguranca","tag-transportes-de-valores","tag-ufpr","tag-universidade","tag-universidade-federal-do-parana","tag-vigilancia"],"acf":[],"_links":{"self":[{"href":"https:\/\/sgpsolucoes.com.br\/site\/wp-json\/wp\/v2\/posts\/12162"}],"collection":[{"href":"https:\/\/sgpsolucoes.com.br\/site\/wp-json\/wp\/v2\/posts"}],"about":[{"href":"https:\/\/sgpsolucoes.com.br\/site\/wp-json\/wp\/v2\/types\/post"}],"author":[{"embeddable":true,"href":"https:\/\/sgpsolucoes.com.br\/site\/wp-json\/wp\/v2\/users\/5"}],"replies":[{"embeddable":true,"href":"https:\/\/sgpsolucoes.com.br\/site\/wp-json\/wp\/v2\/comments?post=12162"}],"version-history":[{"count":0,"href":"https:\/\/sgpsolucoes.com.br\/site\/wp-json\/wp\/v2\/posts\/12162\/revisions"}],"wp:attachment":[{"href":"https:\/\/sgpsolucoes.com.br\/site\/wp-json\/wp\/v2\/media?parent=12162"}],"wp:term":[{"taxonomy":"category","embeddable":true,"href":"https:\/\/sgpsolucoes.com.br\/site\/wp-json\/wp\/v2\/categories?post=12162"},{"taxonomy":"post_tag","embeddable":true,"href":"https:\/\/sgpsolucoes.com.br\/site\/wp-json\/wp\/v2\/tags?post=12162"}],"curies":[{"name":"wp","href":"https:\/\/api.w.org\/{rel}","templated":true}]}}