{"id":12177,"date":"2025-06-17T15:24:11","date_gmt":"2025-06-17T18:24:11","guid":{"rendered":"https:\/\/sgpsolucoes.com.br\/site\/?p=12177"},"modified":"2025-06-17T15:24:12","modified_gmt":"2025-06-17T18:24:12","slug":"stf-conclui-analise-de-propostas-de-alteracoes-da-lei-do-marco-temporal","status":"publish","type":"post","link":"https:\/\/sgpsolucoes.com.br\/site\/stf-conclui-analise-de-propostas-de-alteracoes-da-lei-do-marco-temporal\/","title":{"rendered":"STF conclui an\u00e1lise de propostas de altera\u00e7\u00f5es da Lei do Marco Temporal"},"content":{"rendered":"<p><em><strong>Audi\u00eancia de concilia\u00e7\u00e3o finalizou debates das sugest\u00f5es em anteprojeto de lei; plano transit\u00f3rio ser\u00e1 avaliado no pr\u00f3ximo encontro<\/strong><\/em><\/p><p>O Supremo Tribunal Federal (STF) concluiu nesta segunda-feira (16) a an\u00e1lise das propostas trazidas no anteprojeto de lei que busca alterar a Lei do Marco Temporal (Lei 14.701\/23) para demarca\u00e7\u00e3o de terras ind\u00edgenas.<\/p><p><img decoding=\"async\" src=\"https:\/\/noticias-stf-wp-prd.s3.sa-east-1.amazonaws.com\/wp-content\/uploads\/wpallimport\/uploads\/2025\/02\/19132140\/B47A5429-scaled.jpg\" alt=\"\"><em>Foto: Gustavo Moreno\/STF<\/em><\/p><p>A audi\u00eancia de concilia\u00e7\u00e3o discutiu hoje os artigos 89 a 94 do anteprojeto de lei, que tratam das disposi\u00e7\u00f5es finais e transit\u00f3rias do texto.<\/p><p>O gabinete do Ministro Gilmar Mendes apresentou ainda uma sugest\u00e3o de solu\u00e7\u00e3o jur\u00eddica, fiscal e financeiramente sustent\u00e1vel para o pagamento das indeniza\u00e7\u00f5es aos propriet\u00e1rios de terra em raz\u00e3o da demarca\u00e7\u00e3o de terras ind\u00edgenas, conforme definido pelo Plen\u00e1rio no julgamento que declarou inconstitucional a tese do Marco Temporal.<\/p><p>A proposta envolve o pagamento das indeniza\u00e7\u00f5es por meio de precat\u00f3rios, sem ferir o arcabou\u00e7o fiscal. A sugest\u00e3o foi levada aos participantes para reflex\u00e3o e os membros da comiss\u00e3o poder\u00e3o, posteriormente, encaminhar a partir dela.<\/p><p>Durante a audi\u00eancia, a Uni\u00e3o informou que est\u00e1 em fase final de elabora\u00e7\u00e3o do Plano Transit\u00f3rio de Regulariza\u00e7\u00e3o das Terras Ind\u00edgenas. O documento ser\u00e1 apresentado \u00e0 comiss\u00e3o especial na pr\u00f3xima audi\u00eancia, marcada para segunda-feira (23), \u00e0s 14h.<\/p><p><strong>Fonte: STF<\/strong><\/p>\n    <div class=\"xs_social_share_widget xs_share_url after_content \t\tmain_content  wslu-style-1 wslu-share-box-shaped wslu-fill-colored wslu-none wslu-share-horizontal wslu-theme-font-no wslu-main_content\">\n\n\t\t\n        <ul>\n\t\t\t        <\/ul>\n    <\/div> \n","protected":false},"excerpt":{"rendered":"<p>O Supremo Tribunal Federal (STF) concluiu nesta segunda-feira (16) a an\u00e1lise das propostas trazidas no anteprojeto de lei que busca alterar a Lei do Marco Temporal (Lei 14.701\/23) para demarca\u00e7\u00e3o de terras ind\u00edgenas.<\/p>\n","protected":false},"author":5,"featured_media":0,"comment_status":"open","ping_status":"open","sticky":false,"template":"","format":"standard","meta":{"postBodyCss":"","postBodyMargin":[],"postBodyPadding":[],"postBodyBackground":{"backgroundType":"classic","gradient":""},"_price":"","_stock":"","_tribe_ticket_header":"","_tribe_default_ticket_provider":"","_tribe_ticket_capacity":"0","_ticket_start_date":"","_ticket_end_date":"","_tribe_ticket_show_description":"","_tribe_ticket_show_not_going":false,"_tribe_ticket_use_global_stock":"","_tribe_ticket_global_stock_level":"","_global_stock_mode":"","_global_stock_cap":"","_tribe_rsvp_for_event":"","_tribe_ticket_going_count":"","_tribe_ticket_not_going_count":"","_tribe_tickets_list":"[]","_tribe_ticket_has_attendee_info_fields":false,"footnotes":""},"categories":[46],"tags":[636,3131,11675,6113,1171,6109,11676,1563,6105,11677,11674,536,347,8419,348],"class_list":["post-12177","post","type-post","status-publish","format-standard","hentry","category-noticias","tag-alteracoes","tag-anteprojeto","tag-anteprojeto-de-lei","tag-audiencia-de-conciliacao","tag-debates","tag-demarcacao-de-terras-indigenas","tag-disposicoes-finais-e-transitorias","tag-lei","tag-lei-do-marco-temporal","tag-lei-n-14-701-23","tag-plano-transitorio","tag-propostas","tag-stf","tag-sugestoes","tag-supremo-tribunal-federal"],"acf":[],"_links":{"self":[{"href":"https:\/\/sgpsolucoes.com.br\/site\/wp-json\/wp\/v2\/posts\/12177"}],"collection":[{"href":"https:\/\/sgpsolucoes.com.br\/site\/wp-json\/wp\/v2\/posts"}],"about":[{"href":"https:\/\/sgpsolucoes.com.br\/site\/wp-json\/wp\/v2\/types\/post"}],"author":[{"embeddable":true,"href":"https:\/\/sgpsolucoes.com.br\/site\/wp-json\/wp\/v2\/users\/5"}],"replies":[{"embeddable":true,"href":"https:\/\/sgpsolucoes.com.br\/site\/wp-json\/wp\/v2\/comments?post=12177"}],"version-history":[{"count":0,"href":"https:\/\/sgpsolucoes.com.br\/site\/wp-json\/wp\/v2\/posts\/12177\/revisions"}],"wp:attachment":[{"href":"https:\/\/sgpsolucoes.com.br\/site\/wp-json\/wp\/v2\/media?parent=12177"}],"wp:term":[{"taxonomy":"category","embeddable":true,"href":"https:\/\/sgpsolucoes.com.br\/site\/wp-json\/wp\/v2\/categories?post=12177"},{"taxonomy":"post_tag","embeddable":true,"href":"https:\/\/sgpsolucoes.com.br\/site\/wp-json\/wp\/v2\/tags?post=12177"}],"curies":[{"name":"wp","href":"https:\/\/api.w.org\/{rel}","templated":true}]}}