{"id":12189,"date":"2025-06-17T16:23:49","date_gmt":"2025-06-17T19:23:49","guid":{"rendered":"https:\/\/sgpsolucoes.com.br\/site\/?p=12189"},"modified":"2025-06-17T16:23:50","modified_gmt":"2025-06-17T19:23:50","slug":"boletim-de-jurisprudencia-n-542-do-tcu","status":"publish","type":"post","link":"https:\/\/sgpsolucoes.com.br\/site\/boletim-de-jurisprudencia-n-542-do-tcu\/","title":{"rendered":"BOLETIM DE JURISPRUD\u00caNCIA N\u00b0 542 DO TCU"},"content":{"rendered":"<p>J\u00e1 est\u00e1 dispon\u00edvel o Boletim de Jurisprud\u00eancia n\u00b0 542 do Tribunal de Contas da Uni\u00e3o, referente \u00e0s sess\u00f5es de 27 e 28 de maio de 2025.<\/p><p><strong>Confira nossos destaques:<\/strong><\/p><p><strong>* Ac\u00f3rd\u00e3o 1166\/2025 Plen\u00e1rio <\/strong>(Recurso de Reconsidera\u00e7\u00e3o, Relator Ministro Augusto Nardes)<\/p><p>Direito Processual. Tomada de contas especial. Intempestividade. Princ\u00edpio do contradit\u00f3rio. Princ\u00edpio da ampla defesa. Preju\u00edzo. Comprova\u00e7\u00e3o. Arquivamento.<\/p><p><\/p><p><strong>* Ac\u00f3rd\u00e3o 1166\/2025 Plen\u00e1rio <\/strong>(Recurso de Reconsidera\u00e7\u00e3o, Relator Ministro Augusto Nardes)<\/p><p>Responsabilidade. D\u00e9bito. Desconsidera\u00e7\u00e3o da personalidade jur\u00eddica. S\u00f3cio. Gestor.<\/p><p><\/p><p><strong>* Ac\u00f3rd\u00e3o 1170\/2025 Plen\u00e1rio <\/strong>(Den\u00fancia, Relator Ministro Jhonatan de Jesus)<\/p><p>Licita\u00e7\u00e3o. Cons\u00f3rcio. Poder discricion\u00e1rio. Participa\u00e7\u00e3o. Veda\u00e7\u00e3o. Edital de licita\u00e7\u00e3o. Justificativa.<\/p><p><\/p><p><strong>* Ac\u00f3rd\u00e3o 1181\/2025 Plen\u00e1rio <\/strong>(Representa\u00e7\u00e3o, Relator Ministro Benjamin Zymler)<\/p><p>Responsabilidade. Declara\u00e7\u00e3o de inidoneidade. Abrang\u00eancia. Ata de registro de pre\u00e7os. Tr\u00e2nsito em julgado. Sicaf.<\/p><p><\/p><p><strong>* Ac\u00f3rd\u00e3o 1189\/2025 Plen\u00e1rio <\/strong>(Representa\u00e7\u00e3o, Relator Ministro Antonio Anastasia)<\/p><p>Contrato Administrativo. Terceiriza\u00e7\u00e3o. Veda\u00e7\u00e3o. Empregado. Sal\u00e1rio. Identidade. Proposta de pre\u00e7o. Resultado.<\/p><p><\/p><p><strong>* Ac\u00f3rd\u00e3o 1189\/2025 Plen\u00e1rio <\/strong>(Representa\u00e7\u00e3o, Relator Ministro Antonio Anastasia)<\/p><p>Contrato Administrativo. Terceiriza\u00e7\u00e3o. Veda\u00e7\u00e3o. V\u00ednculo empregat\u00edcio. CLT. Cess\u00e3o de m\u00e3o de obra. Resultado.<\/p><p><\/p><p><strong>* Ac\u00f3rd\u00e3o 1193\/2025 Plen\u00e1rio <\/strong>(Administrativo, Relator Ministro Jorge Oliveira)<\/p><p>Pessoal. Remo\u00e7\u00e3o de pessoal. Interesse privado. Servidor p\u00fablico. C\u00f4njuge. V\u00ednculo empregat\u00edcio. Rompimento.<\/p><p><\/p><p><strong>* Ac\u00f3rd\u00e3o 3353\/2025 Primeira C\u00e2mara <\/strong>(Pedido de Reexame, Relator Ministro Jhonatan de Jesus)<\/p><p>Pessoal. Ato sujeito a registro. Altera\u00e7\u00e3o. Decad\u00eancia. Acr\u00e9scimo. Aposentadoria.<\/p><p><\/p><p><\/p><p><strong>* Ac\u00f3rd\u00e3o 3359\/2025 Primeira C\u00e2mara <\/strong>(Recurso de Reconsidera\u00e7\u00e3o, Relator Ministro Jhonatan de Jesus)<\/p><p>Compet\u00eancia do TCU. Administra\u00e7\u00e3o federal. Abrang\u00eancia. D\u00e9bito. Extin\u00e7\u00e3o. Da\u00e7\u00e3o em pagamento.<\/p><p><\/p><p><strong>* Ac\u00f3rd\u00e3o 2713\/2025 Segunda C\u00e2mara <\/strong>(Tomada de Contas Especial, Relator Ministro Jorge Oliveira)<\/p><p>Direito Processual. Prova (Direito). Depoimento. Prova documental. Testemunha.<\/p><p><\/p><p><strong>* Ac\u00f3rd\u00e3o 2715\/2025 Segunda C\u00e2mara <\/strong>(Representa\u00e7\u00e3o, Relator Ministro Jorge Oliveira)<\/p><p>Licita\u00e7\u00e3o. Qualifica\u00e7\u00e3o t\u00e9cnica. Exig\u00eancia. Licen\u00e7a sanit\u00e1ria. AFE. Anvisa. Hospital. Higiene.<\/p><p><\/p><p><strong>Acesse a \u00edntegra deste Boletim nos links abaixo:<\/strong><\/p><p><a href=\"https:\/\/contas.tcu.gov.br\/egestao\/ObterDocumentoSisdoc?codArqCatalogado=31502341\" target=\"_blank\" rel=\"noreferrer noopener\">vers\u00e3o PDF<\/a><\/p><p><a href=\"https:\/\/contas.tcu.gov.br\/egestao\/ObterDocumentoSisdoc?codArqCatalogado=31502341&amp;codVersao=1\" target=\"_blank\" rel=\"noreferrer noopener\">vers\u00e3o DOCX<\/a><\/p><p><strong>Fonte: TCU<\/strong><\/p>\n    <div class=\"xs_social_share_widget xs_share_url after_content \t\tmain_content  wslu-style-1 wslu-share-box-shaped wslu-fill-colored wslu-none wslu-share-horizontal wslu-theme-font-no wslu-main_content\">\n\n\t\t\n        <ul>\n\t\t\t        <\/ul>\n    <\/div> \n","protected":false},"excerpt":{"rendered":"<p>J\u00e1 est\u00e1 dispon\u00edvel o Boletim de Jurisprud\u00eancia n\u00b0 542 do Tribunal de Contas da Uni\u00e3o, referente \u00e0s sess\u00f5es de 27 e 28 de maio de 2025.<\/p>\n","protected":false},"author":5,"featured_media":0,"comment_status":"open","ping_status":"open","sticky":false,"template":"","format":"standard","meta":{"postBodyCss":"","postBodyMargin":[],"postBodyPadding":[],"postBodyBackground":{"backgroundType":"classic","gradient":""},"_price":"","_stock":"","_tribe_ticket_header":"","_tribe_default_ticket_provider":"","_tribe_ticket_capacity":"0","_ticket_start_date":"","_ticket_end_date":"","_tribe_ticket_show_description":"","_tribe_ticket_show_not_going":false,"_tribe_ticket_use_global_stock":"","_tribe_ticket_global_stock_level":"","_global_stock_mode":"","_global_stock_cap":"","_tribe_rsvp_for_event":"","_tribe_ticket_going_count":"","_tribe_ticket_not_going_count":"","_tribe_tickets_list":"[]","_tribe_ticket_has_attendee_info_fields":false,"footnotes":""},"categories":[46],"tags":[11709,11711,11701,11706,11704,11707,11710,11703,11708,274,447,11702,351,678,372,11705,258,450],"class_list":["post-12189","post","type-post","status-publish","format-standard","hentry","category-noticias","tag-acordao-1166-2025","tag-acordao-1170-2025","tag-acordao-1181-2025","tag-acordao-1189-2025","tag-acordao-1193-2025","tag-acordao-2713-2025","tag-acordao-2715-2025","tag-acordao-3353-2025","tag-acordao-3359-2025","tag-boletim","tag-boletim-de-jurisprudencia","tag-boletim-de-jurisprudencia-n-542","tag-plenario","tag-primeira-camara","tag-segunda-camara","tag-sessoes-de-27-e-28-de-maio-de-2025","tag-tcu","tag-tribunal-de-contas-da-uniao"],"acf":[],"_links":{"self":[{"href":"https:\/\/sgpsolucoes.com.br\/site\/wp-json\/wp\/v2\/posts\/12189"}],"collection":[{"href":"https:\/\/sgpsolucoes.com.br\/site\/wp-json\/wp\/v2\/posts"}],"about":[{"href":"https:\/\/sgpsolucoes.com.br\/site\/wp-json\/wp\/v2\/types\/post"}],"author":[{"embeddable":true,"href":"https:\/\/sgpsolucoes.com.br\/site\/wp-json\/wp\/v2\/users\/5"}],"replies":[{"embeddable":true,"href":"https:\/\/sgpsolucoes.com.br\/site\/wp-json\/wp\/v2\/comments?post=12189"}],"version-history":[{"count":0,"href":"https:\/\/sgpsolucoes.com.br\/site\/wp-json\/wp\/v2\/posts\/12189\/revisions"}],"wp:attachment":[{"href":"https:\/\/sgpsolucoes.com.br\/site\/wp-json\/wp\/v2\/media?parent=12189"}],"wp:term":[{"taxonomy":"category","embeddable":true,"href":"https:\/\/sgpsolucoes.com.br\/site\/wp-json\/wp\/v2\/categories?post=12189"},{"taxonomy":"post_tag","embeddable":true,"href":"https:\/\/sgpsolucoes.com.br\/site\/wp-json\/wp\/v2\/tags?post=12189"}],"curies":[{"name":"wp","href":"https:\/\/api.w.org\/{rel}","templated":true}]}}