{"id":12200,"date":"2025-06-17T18:17:33","date_gmt":"2025-06-17T21:17:33","guid":{"rendered":"https:\/\/sgpsolucoes.com.br\/site\/?p=12200"},"modified":"2025-06-17T18:17:34","modified_gmt":"2025-06-17T21:17:34","slug":"prefeito-adquiriu-fardamento-dos-servidores-e-pintou-predios-publicos-com-as-cores-de-seu-partido-politico-caracterizando-promocao-pessoal","status":"publish","type":"post","link":"https:\/\/sgpsolucoes.com.br\/site\/prefeito-adquiriu-fardamento-dos-servidores-e-pintou-predios-publicos-com-as-cores-de-seu-partido-politico-caracterizando-promocao-pessoal\/","title":{"rendered":"PREFEITO ADQUIRIU FARDAMENTO DOS SERVIDORES E PINTOU PR\u00c9DIOS P\u00daBLICOS COM AS CORES DE SEU PARTIDO POL\u00cdTICO, CARACTERIZANDO PROMO\u00c7\u00c3O PESSOAL"},"content":{"rendered":"<p>Por determina\u00e7\u00e3o do Tribunal de Contas dos Munic\u00edpios da Bahia, o prefeito de S\u00e3o Domingos, Il\u00e1rio Ant\u00f4nio Carneiro ter\u00e1 que pintar os pr\u00e9dios p\u00fablicos e substituir o fardamento dos servidores municipais. E ter\u00e1, ainda, que pagar pela tinta e pela m\u00e3o de obra. O custo foi or\u00e7ado em R$28 mil. Isto porque, contrariando a lei e buscando benef\u00edcios pol\u00edticos eleitorais, ele mandou pintar in\u00fameros pr\u00e9dios p\u00fablicos com as cores de seu partido pol\u00edtico, no final do ano de 2022. A decis\u00e3o foi tomada nesta ter\u00e7a-feira (17\/06) pelos conselheiros da 2\u00aa C\u00e2mara de Julgamento do TCM ao julgar representa\u00e7\u00e3o de alguns vereadores do munic\u00edpio.<\/p><p>O relator do processo, conselheiro Ronaldo Sant\u2019Anna, com o apoio dos demais conselheiros, ainda aplicou multa no valor de R$3 mil ao gestor pela irregularidade. E encaminhou representa\u00e7\u00e3o ao Minist\u00e9rio P\u00fablico Estadual para apura\u00e7\u00e3o de eventuais pr\u00e1ticas delituosas ou de improbidade administrativa para, se for o caso, formula\u00e7\u00e3o de den\u00fancia \u00e0 Justi\u00e7a.<\/p><p>Segundo a den\u00fancia, embora o munic\u00edpio possua legisla\u00e7\u00e3o que define como suas cores oficiais as tonalidades amarelo, azul, branco e verde, a atual gest\u00e3o teria adotado, de forma reiterada, uma paleta crom\u00e1tica que coincide com as cores da campanha eleitoral do prefeito, quais sejam, amarelo e vermelho, o que caracteriza o uso de bens p\u00fablicos para promo\u00e7\u00e3o pessoal.<\/p><p>A inspe\u00e7\u00e3o realizada por auditores do TCM \u2013 em julho de 2024 \u2013 constatou que, de fato, diversos im\u00f3veis p\u00fablicos do munic\u00edpio de S\u00e3o Domingos estavam pintados com as cores vermelho e amarelo. Al\u00e9m da padroniza\u00e7\u00e3o est\u00e9tica dos im\u00f3veis p\u00fablicos, a irregularidade tamb\u00e9m se estendeu ao fardamento dos servidores p\u00fablicos municipais.<\/p><p>Para o conselheiro Ronaldo Sant\u2019Anna, a ado\u00e7\u00e3o das cores vinculadas \u00e0 campanha eleitoral do gestor \u2014 vermelho e amarelo \u2014 n\u00e3o configura epis\u00f3dio isolado ou pontual, mas, sim, conduta que impactou significativamente a identidade visual da administra\u00e7\u00e3o p\u00fablica municipal, no que se refere \u00e0 aplica\u00e7\u00e3o est\u00e9tica em pr\u00e9dios p\u00fablicos e nos uniformes dos servidores, em descumprimento aos princ\u00edpios da impessoalidade, moralidade e legalidade.<\/p><p>O Minist\u00e9rio P\u00fablico de Contas se manifestou, atrav\u00e9s do procurador Guilherme Costa Macedo, pela proced\u00eancia parcial da den\u00fancia, com aplica\u00e7\u00e3o de multa e determina\u00e7\u00e3o de ressarcimento do dano causado aos cofres do munic\u00edpio. Recomendou, ainda, a formula\u00e7\u00e3o de representa\u00e7\u00e3o ao Minist\u00e9rio P\u00fablico Estadual para que seja apurada a pr\u00e1tica de ato de improbidade administrativa.<\/p><p>Cabe recurso da decis\u00e3o.<\/p><p><strong>Fonte: TCMBA<\/strong><\/p>\n    <div class=\"xs_social_share_widget xs_share_url after_content \t\tmain_content  wslu-style-1 wslu-share-box-shaped wslu-fill-colored wslu-none wslu-share-horizontal wslu-theme-font-no wslu-main_content\">\n\n\t\t\n        <ul>\n\t\t\t        <\/ul>\n    <\/div> \n","protected":false},"excerpt":{"rendered":"<p>Por determina\u00e7\u00e3o do Tribunal de Contas dos Munic\u00edpios da Bahia, o prefeito de S\u00e3o Domingos, Il\u00e1rio Ant\u00f4nio Carneiro ter\u00e1 que pintar os pr\u00e9dios p\u00fablicos e substituir o fardamento dos servidores municipais. E ter\u00e1, ainda, que pagar pela tinta e pela m\u00e3o de obra. O custo foi or\u00e7ado em R$28 mil. Isto porque, contrariando a lei e buscando benef\u00edcios pol\u00edticos eleitorais, ele mandou pintar in\u00fameros pr\u00e9dios p\u00fablicos com as cores de seu partido pol\u00edtico, no final do ano de 2022. A decis\u00e3o foi tomada nesta ter\u00e7a-feira (17\/06) pelos conselheiros da 2\u00aa C\u00e2mara de Julgamento do TCM ao julgar representa\u00e7\u00e3o de alguns vereadores do munic\u00edpio.<\/p>\n","protected":false},"author":5,"featured_media":0,"comment_status":"open","ping_status":"open","sticky":false,"template":"","format":"standard","meta":{"postBodyCss":"","postBodyMargin":[],"postBodyPadding":[],"postBodyBackground":{"backgroundType":"classic","gradient":""},"_price":"","_stock":"","_tribe_ticket_header":"","_tribe_default_ticket_provider":"","_tribe_ticket_capacity":"0","_ticket_start_date":"","_ticket_end_date":"","_tribe_ticket_show_description":"","_tribe_ticket_show_not_going":false,"_tribe_ticket_use_global_stock":"","_tribe_ticket_global_stock_level":"","_global_stock_mode":"","_global_stock_cap":"","_tribe_rsvp_for_event":"","_tribe_ticket_going_count":"","_tribe_ticket_not_going_count":"","_tribe_tickets_list":"[]","_tribe_ticket_has_attendee_info_fields":false,"footnotes":""},"categories":[46],"tags":[294,11730,11735,8027,11736,11731,11733,11732,1764,11737,11734,2247,11729,1344,9788,11738,487],"class_list":["post-12200","post","type-post","status-publish","format-standard","hentry","category-noticias","tag-cores","tag-fardamento","tag-ilario-antonio-carneiro","tag-mao-de-obra","tag-partido-politico","tag-pintou","tag-predios","tag-predios-publicos-2","tag-prefeito","tag-prefeito-de-sao-domingos","tag-promocao-pessoal-2","tag-publicos","tag-sao-domingos","tag-servidores","tag-servidores-municipais","tag-tinta","tag-tribunal-de-contas-dos-municipios-da-bahia"],"acf":[],"_links":{"self":[{"href":"https:\/\/sgpsolucoes.com.br\/site\/wp-json\/wp\/v2\/posts\/12200"}],"collection":[{"href":"https:\/\/sgpsolucoes.com.br\/site\/wp-json\/wp\/v2\/posts"}],"about":[{"href":"https:\/\/sgpsolucoes.com.br\/site\/wp-json\/wp\/v2\/types\/post"}],"author":[{"embeddable":true,"href":"https:\/\/sgpsolucoes.com.br\/site\/wp-json\/wp\/v2\/users\/5"}],"replies":[{"embeddable":true,"href":"https:\/\/sgpsolucoes.com.br\/site\/wp-json\/wp\/v2\/comments?post=12200"}],"version-history":[{"count":0,"href":"https:\/\/sgpsolucoes.com.br\/site\/wp-json\/wp\/v2\/posts\/12200\/revisions"}],"wp:attachment":[{"href":"https:\/\/sgpsolucoes.com.br\/site\/wp-json\/wp\/v2\/media?parent=12200"}],"wp:term":[{"taxonomy":"category","embeddable":true,"href":"https:\/\/sgpsolucoes.com.br\/site\/wp-json\/wp\/v2\/categories?post=12200"},{"taxonomy":"post_tag","embeddable":true,"href":"https:\/\/sgpsolucoes.com.br\/site\/wp-json\/wp\/v2\/tags?post=12200"}],"curies":[{"name":"wp","href":"https:\/\/api.w.org\/{rel}","templated":true}]}}