{"id":12244,"date":"2025-06-18T14:46:03","date_gmt":"2025-06-18T17:46:03","guid":{"rendered":"https:\/\/sgpsolucoes.com.br\/site\/?p=12244"},"modified":"2025-06-18T14:46:04","modified_gmt":"2025-06-18T17:46:04","slug":"congresso-aprova-ajustes-nas-regras-sobre-emendas-parlamentares-ao-orcamento","status":"publish","type":"post","link":"https:\/\/sgpsolucoes.com.br\/site\/congresso-aprova-ajustes-nas-regras-sobre-emendas-parlamentares-ao-orcamento\/","title":{"rendered":"Congresso aprova ajustes nas regras sobre emendas parlamentares ao Or\u00e7amento"},"content":{"rendered":"<p><em><strong>Recursos das emendas poder\u00e3o ser usados para custeio de despesas de pessoal da sa\u00fade de estados e munic\u00edpios <\/strong><\/em><\/p><p>O Congresso Nacional aprovou nesta ter\u00e7a-feira (17) proposta com altera\u00e7\u00f5es nas emendas parlamentares ao Or\u00e7amento da Uni\u00e3o. O texto ser\u00e1 promulgado pelo presidente do Congresso, senador Davi Alcolumbre (Uni\u00e3o-AC).<\/p><figure class=\"wp-block-image\"><img decoding=\"async\" src=\"https:\/\/www.camara.leg.br\/midias\/image\/2025\/06\/img20250617134342865-1-768x473.jpg\" alt=\"Delibera\u00e7\u00e3o de vetos presidenciais.\"\/><figcaption class=\"wp-element-caption\"><em>Deputados e senadores na sess\u00e3o do Congresso Nacional desta ter\u00e7a-feira | Kayo Magalh\u00e3es\/C\u00e2mara dos Deputados<\/em><\/figcaption><\/figure><p>A vers\u00e3o aprovada \u00e9 o substitutivo do relator, senador Eduardo Gomes (PL-TO), para o Projeto de Resolu\u00e7\u00e3o do Congresso Nacional (PRN) 3\/25, apresentado na sexta-feira (13) pelas Mesas Diretoras da C\u00e2mara dos Deputados e do Senado.<\/p><p>A vota\u00e7\u00e3o foi simb\u00f3lica. Entre outros pontos, o substitutivo altera a Resolu\u00e7\u00e3o 1\/06 do Congresso, que trata de temas or\u00e7ament\u00e1rios, para:<\/p><ul class=\"wp-block-list\"><li>determinar que altera\u00e7\u00f5es de programa\u00e7\u00f5es da Lei Or\u00e7ament\u00e1ria oriundas de emendas dever\u00e3o ser propostas pelo parlamentar que fez a solicita\u00e7\u00e3o original;<\/li>\n\n<li>regulamentar as solicita\u00e7\u00f5es para eventuais altera\u00e7\u00f5es dos benefici\u00e1rios das emendas apresentadas por bancadas estaduais e comiss\u00f5es permanentes;<\/li>\n\n<li>definir requisitos que as entidades privadas dever\u00e3o cumprir para serem benefici\u00e1rias de indica\u00e7\u00f5es ou remanejamento de emendas parlamentares;<\/li>\n\n<li>prever casos em que uma emenda de bancada estadual poder\u00e1 resultar em transfer\u00eancias para fundos estaduais ou municipais de sa\u00fade;<\/li>\n\n<li>disciplinar casos em que emendas para complementa\u00e7\u00e3o de transfer\u00eancias da Uni\u00e3o aos fundos de sa\u00fade poder\u00e3o ser usadas para custeio de despesas de pessoal ativo dos estados, do Distrito Federal e dos munic\u00edpios; e<\/li>\n\n<li>deixar claro que emendas individuais n\u00e3o podem destinar recursos para o custeio de despesas com pessoal ou encargos sociais de ativos, inativos e pensionistas.<\/li><\/ul><p>\u201cAs modifica\u00e7\u00f5es atendem \u00e0s reivindica\u00e7\u00f5es dos estados, dos munic\u00edpios e dos parlamentares que ainda t\u00eam d\u00favidas sobre o que pedem os \u00f3rg\u00e3os de controle e sobre a necess\u00e1ria transpar\u00eancia or\u00e7ament\u00e1ria\u201d, disse Eduardo Gomes.<\/p><p>\u201cTodas essas altera\u00e7\u00f5es s\u00e3o pertinentes, ora aprimorando aspectos do processo legislativo or\u00e7ament\u00e1rio, ora esclarecendo pontos sobre os quais restam d\u00favidas interpretativas quanto ao alcance dos dispositivos legais\u201d, explicou ele.<\/p><p>Para o relator, as altera\u00e7\u00f5es devem ajustar a Resolu\u00e7\u00e3o 1\/06 \u00e0 <a href=\"https:\/\/www2.camara.gov.br\/legin\/fed\/leicom\/2024\/leicomplementar-210-25-novembro-2024-796588-norma-pl.html\">Lei Complementar 210\/24<\/a>. Ap\u00f3s impasse com o Poder Judici\u00e1rio, a lei complementar alterou regras para a proposi\u00e7\u00e3o e a execu\u00e7\u00e3o das emendas dos senadores e deputados.<\/p><p>As entidades que receber\u00e3o recursos de emendas parlamentares dever\u00e3o comprovar experi\u00eancia pr\u00e9via na \u00e1rea, capacidade t\u00e9cnica e operacional para atuar na localidade da emenda e estar em dia com a presta\u00e7\u00e3o de contas dos recursos p\u00fablicos recebidos.<\/p><p><strong>Custeio da sa\u00fade<\/strong><br>Durante o debate sobre o projeto, parlamentares de diferentes partidos criticaram o fato de a resolu\u00e7\u00e3o autorizar o custeio de sa\u00fade dos munic\u00edpios com recursos de emenda parlamentar. &#8220;Temos munic\u00edpios que deveriam ter sua pr\u00f3pria renda, mas pegamos o dinheiro do munic\u00edpio, trazemos para Bras\u00edlia e vem um monte de prefeito passar pires para parlamentar&#8221;, disse a deputada Adriana Ventura (Novo-SP).<\/p><p>O deputado Ivan Valente (Psol-SP) ressaltou que as emendas impositivas viraram mais de 1\/4 das despesas discricion\u00e1rias no Pa\u00eds. &#8220;Essa \u00e2nsia dos parlamentares para distribuir emendas para os prefeitos \u00e9 porque isso reelege o deputado, praticamente compra o prefeito e forma a base para fazer essa composi\u00e7\u00e3o do Congresso que ataca os trabalhadores&#8221;, afirmou.<\/p><p>Ele tamb\u00e9m criticou como &#8220;c\u00famulo da falta de transpar\u00eancia&#8221; o pagamento de despesa corrente de servidor com emenda parlamentar.<\/p><p>Para o deputado Chico Alencar (Psol-RJ), essa \u00e9 a maior distor\u00e7\u00e3o do texto. &#8220;Desobriga o Estado de compromissos com despesas correntes da sa\u00fade. O SUS [Sistema \u00danico de Sa\u00fade] precisa de mais recursos, e n\u00e3o ser\u00e3o emendas parlamentares que v\u00e3o suprir essas necessidades&#8221;, afirmou.<\/p><p>Segundo o deputado Rodrigo da Zaeli (PL-MT), mais de 100 dos 142 munic\u00edpios de Mato Grosso n\u00e3o t\u00eam capacidade financeira para suprir as demandas do custeio da m\u00e1quina municipal. &#8220;Precisamos equilibrar a balan\u00e7a, e n\u00e3o \u00e9 equalizando as emendas, \u00e9 realmente com o pacto federativo&#8221;, disse.<\/p><p>O deputado Pompeo de Mattos (PDT-RS) afirmou que o pagamento dos servidores da sa\u00fade \u00e9 uma &#8220;terceira evolu\u00e7\u00e3o&#8221; depois da compra de equipamentos hospitalares e do custeio de hospitais. &#8220;\u00c9 uma evolu\u00e7\u00e3o que assusta. Sem as emendas, n\u00e3o se compra equipamento, n\u00e3o tem custeio nem paga funcion\u00e1rio&#8221;, disse.<\/p><p><a href=\"https:\/\/www.camara.leg.br\/noticias\/866636-conheca-o-ciclo-orcamentario-federal\/\">Conhe\u00e7a o ciclo or\u00e7ament\u00e1rio federal<\/a><\/p><p><strong>Fonte: Ag\u00eancia C\u00e2mara de Not\u00edcias<\/strong><\/p>\n    <div class=\"xs_social_share_widget xs_share_url after_content \t\tmain_content  wslu-style-1 wslu-share-box-shaped wslu-fill-colored wslu-none wslu-share-horizontal wslu-theme-font-no wslu-main_content\">\n\n\t\t\n        <ul>\n\t\t\t        <\/ul>\n    <\/div> \n","protected":false},"excerpt":{"rendered":"<p>O Congresso Nacional aprovou nesta ter\u00e7a-feira (17) proposta com altera\u00e7\u00f5es nas emendas parlamentares ao Or\u00e7amento da Uni\u00e3o. O texto ser\u00e1 promulgado pelo presidente do Congresso, senador Davi Alcolumbre (Uni\u00e3o-AC).<\/p>\n","protected":false},"author":5,"featured_media":0,"comment_status":"open","ping_status":"open","sticky":false,"template":"","format":"standard","meta":{"postBodyCss":"","postBodyMargin":[],"postBodyPadding":[],"postBodyBackground":{"backgroundType":"classic","gradient":""},"_price":"","_stock":"","_tribe_ticket_header":"","_tribe_default_ticket_provider":"","_tribe_ticket_capacity":"0","_ticket_start_date":"","_ticket_end_date":"","_tribe_ticket_show_description":"","_tribe_ticket_show_not_going":false,"_tribe_ticket_use_global_stock":"","_tribe_ticket_global_stock_level":"","_global_stock_mode":"","_global_stock_cap":"","_tribe_rsvp_for_event":"","_tribe_ticket_going_count":"","_tribe_ticket_not_going_count":"","_tribe_tickets_list":"[]","_tribe_ticket_has_attendee_info_fields":false,"footnotes":""},"categories":[46],"tags":[9896,2718,3893,4534,2465,11803,95,2472,1044,399,2471,3164,4047,1805,11804,2483],"class_list":["post-12244","post","type-post","status-publish","format-standard","hentry","category-noticias","tag-ajustes","tag-congresso","tag-congresso-nacional","tag-custeio","tag-deputados","tag-despesas-de-pessoal-da-saude","tag-emendas","tag-emendas-parlamentares","tag-estados","tag-municipios","tag-orcamento","tag-orcamento-da-uniao","tag-recursos","tag-regras","tag-senador-davi-alcolumbre","tag-senadores"],"acf":[],"_links":{"self":[{"href":"https:\/\/sgpsolucoes.com.br\/site\/wp-json\/wp\/v2\/posts\/12244"}],"collection":[{"href":"https:\/\/sgpsolucoes.com.br\/site\/wp-json\/wp\/v2\/posts"}],"about":[{"href":"https:\/\/sgpsolucoes.com.br\/site\/wp-json\/wp\/v2\/types\/post"}],"author":[{"embeddable":true,"href":"https:\/\/sgpsolucoes.com.br\/site\/wp-json\/wp\/v2\/users\/5"}],"replies":[{"embeddable":true,"href":"https:\/\/sgpsolucoes.com.br\/site\/wp-json\/wp\/v2\/comments?post=12244"}],"version-history":[{"count":0,"href":"https:\/\/sgpsolucoes.com.br\/site\/wp-json\/wp\/v2\/posts\/12244\/revisions"}],"wp:attachment":[{"href":"https:\/\/sgpsolucoes.com.br\/site\/wp-json\/wp\/v2\/media?parent=12244"}],"wp:term":[{"taxonomy":"category","embeddable":true,"href":"https:\/\/sgpsolucoes.com.br\/site\/wp-json\/wp\/v2\/categories?post=12244"},{"taxonomy":"post_tag","embeddable":true,"href":"https:\/\/sgpsolucoes.com.br\/site\/wp-json\/wp\/v2\/tags?post=12244"}],"curies":[{"name":"wp","href":"https:\/\/api.w.org\/{rel}","templated":true}]}}