{"id":12247,"date":"2025-06-18T14:53:03","date_gmt":"2025-06-18T17:53:03","guid":{"rendered":"https:\/\/sgpsolucoes.com.br\/site\/?p=12247"},"modified":"2025-06-18T14:53:04","modified_gmt":"2025-06-18T17:53:04","slug":"congresso-derruba-veto-sobre-dispensa-de-revisao-medico-pericial-de-aposentados-por-invalidez","status":"publish","type":"post","link":"https:\/\/sgpsolucoes.com.br\/site\/congresso-derruba-veto-sobre-dispensa-de-revisao-medico-pericial-de-aposentados-por-invalidez\/","title":{"rendered":"Congresso derruba veto sobre dispensa de revis\u00e3o m\u00e9dico-pericial de aposentados por invalidez"},"content":{"rendered":"<p><em><strong>Tamb\u00e9m foi rejeitado veto sobre regras de registro de agrot\u00f3xicos; no total, foram derrubados 12 vetos presidenciais nesta ter\u00e7a-feira<\/strong><\/em><\/p><p>O Congresso Nacional derrubou 12 vetos presidenciais nesta ter\u00e7a-feira (17), entre os quais o veto total ao projeto que dispensa o aposentado por invalidez e quem recebe o Benef\u00edcio de Presta\u00e7\u00e3o Continuada (BPC) de passar por revis\u00e3o m\u00e9dico-pericial. O Projeto de Lei 8949\/17 agora ser\u00e1 publicado como lei.<\/p><figure class=\"wp-block-image is-resized\"><img decoding=\"async\" src=\"https:\/\/www.camara.leg.br\/midias\/image\/2025\/06\/img20250617134342865-1-768x473.jpg\" alt=\"Delibera\u00e7\u00e3o de vetos presidenciais.\" style=\"width:840px;height:auto\"\/><figcaption class=\"wp-element-caption\"><em>Deputados e senadores analisam vetos em sess\u00e3o do Congresso Nacional <\/em>| <em>Kayo Magalh\u00e3es\/C\u00e2mara dos Deputados<\/em><\/figcaption><\/figure><p>A dispensa ocorrer\u00e1 se a incapacidade for considerada permanente, irrevers\u00edvel ou irrecuper\u00e1vel.<\/p><p>O texto tamb\u00e9m dispensa a revis\u00e3o pericial, feita por m\u00e9dico perito do Instituto Nacional do Seguro Social (INSS), para aposentados por invalidez ou segurados em gozo do aux\u00edlio-doen\u00e7a que tenham mal de Alzheimer, doen\u00e7a de Parkinson e Esclerose Lateral Amiotr\u00f3fica. A medida s\u00f3 n\u00e3o valer\u00e1 se houver suspeita de fraude.<\/p><p>Para o deputado Pompeo de Mattos (PDT-RS), \u00e9 uma vergonha o benefici\u00e1rio de doen\u00e7a definitiva ter de voltar \u00e0 per\u00edcia para comprovar a condi\u00e7\u00e3o. &#8220;O perito \u00e9 ocupado duas vezes, a pessoa perde tempo, o governo paga duas vezes a per\u00edcia, e quem tinha de fazer a per\u00edcia perde a chance de fazer porque um outro que j\u00e1 fez tem de fazer de novo&#8221;, afirmou.<\/p><p>O deputado Chico Alencar (Psol-RJ) disse que n\u00e3o tem cabimento quem estiver com incapacidade confirmada, periciada e irrevers\u00edvel ser obrigado a fazer avalia\u00e7\u00e3o peri\u00f3dica.<\/p><p><strong>Insumos e agrot\u00f3xicos<\/strong><br>Em rela\u00e7\u00e3o ao Projeto de Lei 1293\/21, do Poder Executivo, os parlamentares derrubaram veto para isentar o produtor rural de pedir registro de insumos agropecu\u00e1rios produzidos ou fabricados por ele para uso pr\u00f3prio sem comercializa\u00e7\u00e3o.<\/p><p>No caso de produtos qu\u00edmicos classificados como agrot\u00f3xicos ou de produto de uso veterin\u00e1rio, o Minist\u00e9rio da Agricultura estabelecer\u00e1 quais n\u00e3o contar\u00e3o com isen\u00e7\u00e3o.<\/p><p>As mudan\u00e7as ser\u00e3o inclu\u00eddas na <a href=\"https:\/\/www2.camara.gov.br\/legin\/fed\/lei\/2022\/lei-14515-29-dezembro-2022-793587-norma-pl.html\">Lei 14.515\/22<\/a>, que modifica o modelo de fiscaliza\u00e7\u00e3o sobre a produ\u00e7\u00e3o agropecu\u00e1ria, determinando que as empresas do setor criem seu pr\u00f3prio programa de defesa.<\/p><p><strong>Taxa de registro<\/strong><br>No projeto sobre a flexibiliza\u00e7\u00e3o do registro de agrot\u00f3xicos (PL 6299\/02), o Congresso autorizou a cria\u00e7\u00e3o da Taxa de Avalia\u00e7\u00e3o e de Registro a ser paga pela empresa que pedir o registro do agrot\u00f3xico.<\/p><p>Com valores a serem regulamentados pelo Poder Executivo, os recursos obtidos com essa taxa ser\u00e3o destinados ao Fundo Federal Agropecu\u00e1rio (FFAP) para aplica\u00e7\u00e3o na fiscaliza\u00e7\u00e3o e no fomento do desenvolvimento de atividades fitossanit\u00e1rias e na promo\u00e7\u00e3o da inova\u00e7\u00e3o tecnol\u00f3gica do setor agr\u00edcola em sanidade vegetal.<\/p><p>As mudan\u00e7as ser\u00e3o inclu\u00eddas na <a href=\"https:\/\/www2.camara.gov.br\/legin\/fed\/lei\/2023\/lei-14785-27-dezembro-2023-795170-norma-pl.html\">Lei 14.785\/23<\/a>.<\/p><p><strong>Fundos de investimento<\/strong><br>Dois itens vetados na regulamenta\u00e7\u00e3o da reforma tribut\u00e1ria (Projeto de Lei Complementar 68\/24) foram derrubados para tornar fundos de investimentos como os Fundos de Investimento Imobili\u00e1rio (FII) e os Fundos de Investimento nas Cadeias Produtivas Agroindustriais (Fiagro) isentos dos tributos sobre consumo (CBS e IBS).<\/p><p>No entanto, foram adiados outros itens com detalhes sobre condi\u00e7\u00f5es em que esses fundos seriam tributados.<\/p><p>Tamb\u00e9m ficaram de fora da tributa\u00e7\u00e3o os chamados fundos patrimoniais, criados para apoiar institui\u00e7\u00f5es ligadas a \u00e1reas como educa\u00e7\u00e3o, ci\u00eancia, pesquisa, cultura e sa\u00fade.<\/p><p>As regras ser\u00e3o inclu\u00eddas na <a href=\"https:\/\/www2.camara.gov.br\/legin\/fed\/leicom\/2025\/leicomplementar-214-16-janeiro-2025-796905-norma-pl.html\">Lei Complementar 214\/25<\/a>.<\/p><p><strong>Energia offshore<\/strong><br>No Projeto de Lei 576\/21, sobre energia e\u00f3lica em alto mar (offshore), o Congresso derrubou vetos a v\u00e1rios dispositivos que beneficiam pequenas centrais hidrel\u00e9tricas e outras participantes do Proinfra.<\/p><p>Quanto \u00e0 contrata\u00e7\u00e3o de energia de pequenas centrais hidrel\u00e9tricas com capacidade de gerar at\u00e9 50 MW, o montante de 3.000 MW em todas as regi\u00f5es do Pa\u00eds dever\u00e1 ser contratado nos anos de 2024 ou 2025, com entrega em 2029 ou 2030 segundo montantes diferenciados e regi\u00e3o.<\/p><p>Dever\u00e1 haver ainda a contrata\u00e7\u00e3o de 250 MW de energia el\u00e9trica gerada com uso de hidrog\u00eanio l\u00edquido extra\u00eddo do etanol na regi\u00e3o Nordeste, a ser contratada no segundo semestre de 2024 e entregue em dezembro de 2029.<\/p><p>Outros 300 MW dever\u00e3o ser contratados at\u00e9 o segundo semestre de 2025 de usinas e\u00f3licas localizadas na regi\u00e3o Sul para entrega em dezembro de 2030.<\/p><p>Todos os prazos de contrata\u00e7\u00e3o ser\u00e3o adiados para os anos subsequentes se n\u00e3o houver oferta da energia pelos beneficiados, com prorroga\u00e7\u00e3o tamb\u00e9m do prazo de entrega.<\/p><p>Na <a href=\"https:\/\/www2.camara.gov.br\/legin\/fed\/lei\/2025\/lei-15097-10-janeiro-2025-796889-norma-pl.html\">Lei 15.097\/25<\/a> os parlamentares tamb\u00e9m inclu\u00edram mudan\u00e7as relativas \u00e0 aceita\u00e7\u00e3o de prorroga\u00e7\u00e3o de contratos de pequenas hidrel\u00e9tricas, centrais a biomassa e centrais e\u00f3licas perante a Empresa Brasileira de Participa\u00e7\u00f5es em Energia Nuclear e Binacional (ENBpar).<\/p><p>Para esses contratos, ser\u00e1 mantida a corre\u00e7\u00e3o pelo \u00cdndice Geral de Pre\u00e7os do Mercado (IGP-M) de 2020 para 2021, al\u00e9m da possibilidade de outra prorroga\u00e7\u00e3o, onerosa, por meio da <a href=\"https:\/\/www2.camara.gov.br\/legin\/fed\/lei\/2013\/lei-12783-11-janeiro-2013-775059-norma-pl.html\">Lei 12.783\/13<\/a>.<\/p><p>A ENBpar substituiu a Eletrobras ap\u00f3s sua privatiza\u00e7\u00e3o no gerenciamento dos contratos da Itaipu binacional e da Eletronuclear.<\/p><p><strong>Transi\u00e7\u00e3o energ\u00e9tica<\/strong><br>Em rela\u00e7\u00e3o ao Projeto de Lei 327\/21, sobre o Programa de Acelera\u00e7\u00e3o da Transi\u00e7\u00e3o Energ\u00e9tica (Paten), os parlamentares rejeitaram vetos para permitir a empresas produtoras de baterias (acumuladores el\u00e9tricos e seus separadores) contarem com os benef\u00edcios tribut\u00e1rios do Programa de Apoio ao Desenvolvimento Tecnol\u00f3gico da Ind\u00fastria de Semicondutores e Displays (Padis).<\/p><p>Na <a href=\"https:\/\/www2.camara.gov.br\/legin\/fed\/lei\/2025\/lei-15103-22-janeiro-2025-796916-norma-pl.html\">Lei 15.103\/25<\/a>, tamb\u00e9m ser\u00e1 inclu\u00eddo dispositivo que permite o recebimento de recursos do Fundo Nacional sobre Mudan\u00e7a do Clima por parte de projetos enquadrados no Paten e relativos aos ve\u00edculos dos segmentos rodovi\u00e1rio, ferrovi\u00e1rio e hidrovi\u00e1rio, inclu\u00eddos caminh\u00f5es fora de estrada, equipamentos agr\u00edcolas, \u00f4nibus e micro-\u00f4nibus, movidos a biometano, biog\u00e1s, etanol e g\u00e1s natural e de infraestrutura de abastecimento de g\u00e1s.<\/p><p><strong>Programa Mover<\/strong><br>Outro benef\u00edcio para a rede de abastecimento de g\u00e1s natural liquefeito (GNL) vir\u00e1 com a derrubada de veto ao Projeto de Lei 914\/24, que institui o Programa Mobilidade Verde e Inova\u00e7\u00e3o (Mover).<\/p><p>Assim, projetos aprovados no \u00e2mbito do programa poder\u00e3o contar com os incentivos da <a href=\"https:\/\/www2.camara.gov.br\/legin\/fed\/lei\/2024\/lei-14902-27-junho-2024-795862-norma-pl.html\">Lei 14.902\/24<\/a> se destinados \u00e0 instala\u00e7\u00e3o de postos de abastecimento de GNL e outras fontes energ\u00e9ticas alternativas de baixa emiss\u00e3o de carbono.<\/p><p><strong>Fundo Partid\u00e1rio<\/strong><br>No projeto da Lei de Diretrizes Or\u00e7ament\u00e1rias de 2025 (LDO 2025), o Parlamento rejeitou trecho para vincular o montante de despesas do Fundo Partid\u00e1rio ao crescimento real da receita de exerc\u00edcios anteriores, contornando regra geral do crescimento dos limites de despesas prim\u00e1rias constante do arcabou\u00e7o fiscal.<\/p><p>Para o Or\u00e7amento de 2025, deputados e senadores inclu\u00edram na <a href=\"https:\/\/www2.camara.gov.br\/legin\/fed\/lei\/2024\/lei-15080-30-dezembro-2024-796838-norma-pl.html\">Lei 15.080\/24<\/a> a possibilidade de destinar recursos em a\u00e7\u00f5es que n\u00e3o sejam de compet\u00eancia da Uni\u00e3o se em categoria de programa\u00e7\u00e3o espec\u00edfica e comprovada a necessidade de execu\u00e7\u00e3o da despesa relacionada:<\/p><ul class=\"wp-block-list\"><li>\u00e0 constru\u00e7\u00e3o e \u00e0 manuten\u00e7\u00e3o de rodovias estaduais e municipais destinadas \u00e0 integra\u00e7\u00e3o de modais de transporte ou ao escoamento produtivo; e<\/li>\n\n<li>\u00e0 malha hidrovi\u00e1ria brasileira, composta por rios e lagos naveg\u00e1veis que s\u00e3o utilizados para o transporte de carga e pessoas.<\/li><\/ul><p><strong>Licita\u00e7\u00f5es<\/strong><br>Na lei que mudou regras de licita\u00e7\u00f5es (<a href=\"https:\/\/www2.camara.gov.br\/legin\/fed\/lei\/2023\/lei-14770-22-dezembro-2023-795113-norma-pl.html\">Lei 14.770\/23<\/a>) para permitir, por exemplo, o modo de disputa fechada nas licita\u00e7\u00f5es de obras ou servi\u00e7os de engenharia de at\u00e9 R$ 1,5 milh\u00e3o, ser\u00e3o inclu\u00eddos trechos cujos vetos foram derrubados.<br>Entre eles o que prev\u00ea a libera\u00e7\u00e3o, em parcela \u00fanica, de recursos de conv\u00eanios com at\u00e9 esse valor global.<\/p><p>Para isso, quando exigidos, dever\u00e3o ser registrados os projetos de engenharia, os documentos de titularidade de \u00e1rea, o licenciamento ambiental e o processo licitat\u00f3rio no sistema <a href=\"https:\/\/www.gov.br\/transferegov\/pt-br\" target=\"_blank\" rel=\"noreferrer noopener\">Transferegov<\/a>.<\/p><p><strong>Pesquisa em humanos<\/strong><br>No Projeto de Lei 7082\/17, que originou a <a href=\"https:\/\/www2.camara.gov.br\/legin\/fed\/lei\/2024\/lei-14874-28-maio-2024-795693-norma-pl.html\">Lei 14.874\/24<\/a>, sobre pesquisa cl\u00ednica com seres humanos, o Congresso rejeitou veto para determinar que o Minist\u00e9rio P\u00fablico seja comunicado da participa\u00e7\u00e3o de membro de grupo ind\u00edgena em pesquisa dessa natureza por se tratar de participante em situa\u00e7\u00e3o de vulnerabilidade.<\/p><p>Entretanto, outro veto derrubado permitir\u00e1 ao laborat\u00f3rio que desenvolver medicamento experimental deixar de fornec\u00ea-lo gratuitamente aos volunt\u00e1rios depois de cinco anos do in\u00edcio de sua comercializa\u00e7\u00e3o.<\/p><p><strong>Atividades espaciais<\/strong><br>Por fim, foi rejeitado veto ao Projeto de Lei 1006\/22, sobre regulamenta\u00e7\u00e3o de atividades espaciais no Brasil, para incluir na <a href=\"https:\/\/www2.camara.gov.br\/legin\/fed\/lei\/2024\/lei-14946-31-julho-2024-796018-norma-pl.html\">Lei 14.946\/24<\/a> o prazo m\u00e1ximo de 60 dias de conclus\u00e3o do licenciamento ambiental, prorrog\u00e1vel uma \u00fanica vez, sob pena de aprova\u00e7\u00e3o t\u00e1cita, quando se tratar dessas atividades.<\/p><p>A exce\u00e7\u00e3o ser\u00e1 para um parecer justificado em sentido contr\u00e1rio.<\/p><p><a href=\"https:\/\/www.camara.leg.br\/noticias\/1013750-saiba-como-e-a-analise-dos-vetos-pelo-congresso-nacional\/\">Saiba como \u00e9 a an\u00e1lise de vetos pelo Congresso Nacional<\/a><\/p><p><strong>Fonte: Ag\u00eancia C\u00e2mara de Not\u00edcias<\/strong><\/p>\n    <div class=\"xs_social_share_widget xs_share_url after_content \t\tmain_content  wslu-style-1 wslu-share-box-shaped wslu-fill-colored wslu-none wslu-share-horizontal wslu-theme-font-no wslu-main_content\">\n\n\t\t\n        <ul>\n\t\t\t        <\/ul>\n    <\/div> \n","protected":false},"excerpt":{"rendered":"<p>O Congresso Nacional derrubou 12 vetos presidenciais nesta ter\u00e7a-feira (17), entre os quais o veto total ao projeto que dispensa o aposentado por invalidez e quem recebe o Benef\u00edcio de Presta\u00e7\u00e3o Continuada (BPC) de passar por revis\u00e3o m\u00e9dico-pericial. O Projeto de Lei 8949\/17 agora ser\u00e1 publicado como lei.<\/p>\n","protected":false},"author":5,"featured_media":0,"comment_status":"open","ping_status":"open","sticky":false,"template":"","format":"standard","meta":{"postBodyCss":"","postBodyMargin":[],"postBodyPadding":[],"postBodyBackground":{"backgroundType":"classic","gradient":""},"_price":"","_stock":"","_tribe_ticket_header":"","_tribe_default_ticket_provider":"","_tribe_ticket_capacity":"0","_ticket_start_date":"","_ticket_end_date":"","_tribe_ticket_show_description":"","_tribe_ticket_show_not_going":false,"_tribe_ticket_use_global_stock":"","_tribe_ticket_global_stock_level":"","_global_stock_mode":"","_global_stock_cap":"","_tribe_rsvp_for_event":"","_tribe_ticket_going_count":"","_tribe_ticket_not_going_count":"","_tribe_tickets_list":"[]","_tribe_ticket_has_attendee_info_fields":false,"footnotes":""},"categories":[46],"tags":[11810,11808,2783,8724,8722,2718,3893,2465,11813,779,2654,2784,703,1563,11814,4609,11811,3338,1859,11812,11806,1805,4955,11807,8587,2483,11809,11805],"class_list":["post-12247","post","type-post","status-publish","format-standard","hentry","category-noticias","tag-aposentado-por-invalidez","tag-aposentados-por-invalidez","tag-auxilio-doenca","tag-beneficio-de-prestacao-continuada","tag-bpc","tag-congresso","tag-congresso-nacional","tag-deputados","tag-esclerose-lateral-amiotrofica","tag-fraude","tag-inss","tag-instituto-nacional-do-seguro-social","tag-invalidez","tag-lei","tag-mal-de-alzheimer","tag-medico","tag-medico-pericial","tag-parkinson","tag-perito","tag-projeto-de-lei-n-8-949-17","tag-registro-de-agrotoxicos","tag-regras","tag-revisao","tag-revisao-medico-pericial","tag-segurados","tag-senadores","tag-veto","tag-vetos-presidenciais"],"acf":[],"_links":{"self":[{"href":"https:\/\/sgpsolucoes.com.br\/site\/wp-json\/wp\/v2\/posts\/12247"}],"collection":[{"href":"https:\/\/sgpsolucoes.com.br\/site\/wp-json\/wp\/v2\/posts"}],"about":[{"href":"https:\/\/sgpsolucoes.com.br\/site\/wp-json\/wp\/v2\/types\/post"}],"author":[{"embeddable":true,"href":"https:\/\/sgpsolucoes.com.br\/site\/wp-json\/wp\/v2\/users\/5"}],"replies":[{"embeddable":true,"href":"https:\/\/sgpsolucoes.com.br\/site\/wp-json\/wp\/v2\/comments?post=12247"}],"version-history":[{"count":0,"href":"https:\/\/sgpsolucoes.com.br\/site\/wp-json\/wp\/v2\/posts\/12247\/revisions"}],"wp:attachment":[{"href":"https:\/\/sgpsolucoes.com.br\/site\/wp-json\/wp\/v2\/media?parent=12247"}],"wp:term":[{"taxonomy":"category","embeddable":true,"href":"https:\/\/sgpsolucoes.com.br\/site\/wp-json\/wp\/v2\/categories?post=12247"},{"taxonomy":"post_tag","embeddable":true,"href":"https:\/\/sgpsolucoes.com.br\/site\/wp-json\/wp\/v2\/tags?post=12247"}],"curies":[{"name":"wp","href":"https:\/\/api.w.org\/{rel}","templated":true}]}}