{"id":12253,"date":"2025-06-18T15:03:53","date_gmt":"2025-06-18T18:03:53","guid":{"rendered":"https:\/\/sgpsolucoes.com.br\/site\/?p=12253"},"modified":"2025-06-18T15:03:54","modified_gmt":"2025-06-18T18:03:54","slug":"grafica-devera-ressarcir-ao-coren-rs-gastos-suportados-com-falha-na-prestacao-de-servicos","status":"publish","type":"post","link":"https:\/\/sgpsolucoes.com.br\/site\/grafica-devera-ressarcir-ao-coren-rs-gastos-suportados-com-falha-na-prestacao-de-servicos\/","title":{"rendered":"Gr\u00e1fica dever\u00e1 ressarcir ao Coren\/RS gastos suportados com falha na presta\u00e7\u00e3o de servi\u00e7os"},"content":{"rendered":"<p>Uma gr\u00e1fica foi condenada a ressarcir ao Conselho Regional de Enfermagem (Coren\/RS) despesas decorrentes de descumprimento contratual. O processo foi julgado na 6\u00aa Vara Federal de Porto Alegre. A senten\u00e7a, do juiz Felipe Veit Leal, foi publicada em 11\/06.<\/p><p>O Conselho, autor da a\u00e7\u00e3o, relatou ter firmado contrato com a empresa r\u00e9, em 2016, ap\u00f3s realizado processo de licita\u00e7\u00e3o, para fins de \u201cdesenvolvimento de layout e impress\u00e3o dos bloquetos de notifica\u00e7\u00e3o de d\u00edvida ativa\u201d. A gr\u00e1fica, ent\u00e3o, apresentou o modelo do documento, que foi aprovado pelo Coren, sendo posteriormente realizadas as impress\u00f5es e envios, pelos Correios, aos destinat\u00e1rios. Contudo, foram recebidas manifesta\u00e7\u00f5es informando que o texto estaria incompleto e que o aviso de recebimento estava em local diverso do que havia sido aprovado. Segundo o relato, j\u00e1 haviam sido postadas mais de cinco mil correspond\u00eancias.<\/p><p>A contratada reconheceu os erros e efetuou nova impress\u00e3o dos documentos. Por\u00e9m, o Conselho teve que arcar com o pagamento de mais de R$ 65 mil, aos Correios, para reenvio das notifica\u00e7\u00f5es, sendo retidos cerca de R$ 900 que ainda estavam pendentes de pagamento.&nbsp;&nbsp;<\/p><p>Foi deferida a desconsidera\u00e7\u00e3o da personalidade jur\u00eddica da gr\u00e1fica, sendo os dois s\u00f3cios inclu\u00eddos como r\u00e9us no processo. Eles alegaram que o equ\u00edvoco teria sido reparado, n\u00e3o havendo provas do preju\u00edzo alegado.<\/p><p>O Coren juntou documentos comprobat\u00f3rios dos valores pagos aos Correios.&nbsp;&nbsp;<\/p><p>Na fundamenta\u00e7\u00e3o, o magistrado esclareceu que foi firmado um contrato p\u00fablico, cujo objeto seria a presta\u00e7\u00e3o de servi\u00e7os, havendo previs\u00e3o legal e contratual acerca da responsabilidade da contratada sobre danos decorrentes de m\u00e1 presta\u00e7\u00e3o, inclusive custos de reenvio.&nbsp;<\/p><p>\u201cCom efeito, demonstrado que houve falha na execu\u00e7\u00e3o do objeto contratual, reconhecida pelos pr\u00f3prios contratados, e que tal falha gerou dano efetivo \u00e0 contratante &#8211; qual seja, a necessidade de arcar com os custos de nova postagem das notifica\u00e7\u00f5es -, est\u00e3o presentes os requisitos ensejadores da responsabilidade civil\u201d, concluiu o juiz.<\/p><p>A empresa e os s\u00f3cios dever\u00e3o, solidariamente, pagar indeniza\u00e7\u00e3o de pouco mais de R$64 mil por perdas e danos ao Coren, devendo o valor ser atualizado monetariamente.<\/p><p>Cabe recurso para o Tribunal Regional Federal da 4\u00aa Regi\u00e3o.<\/p><p><strong>Fonte: TRF4<\/strong><\/p>\n    <div class=\"xs_social_share_widget xs_share_url after_content \t\tmain_content  wslu-style-1 wslu-share-box-shaped wslu-fill-colored wslu-none wslu-share-horizontal wslu-theme-font-no wslu-main_content\">\n\n\t\t\n        <ul>\n\t\t\t        <\/ul>\n    <\/div> \n","protected":false},"excerpt":{"rendered":"<p>Uma gr\u00e1fica foi condenada a ressarcir ao Conselho Regional de Enfermagem (Coren\/RS) despesas decorrentes de descumprimento contratual. O processo foi julgado na 6\u00aa Vara Federal de Porto Alegre. A senten\u00e7a, do juiz Felipe Veit Leal, foi publicada em 11\/06.<\/p>\n","protected":false},"author":5,"featured_media":0,"comment_status":"open","ping_status":"open","sticky":false,"template":"","format":"standard","meta":{"postBodyCss":"","postBodyMargin":[],"postBodyPadding":[],"postBodyBackground":{"backgroundType":"classic","gradient":""},"_price":"","_stock":"","_tribe_ticket_header":"","_tribe_default_ticket_provider":"","_tribe_ticket_capacity":"0","_ticket_start_date":"","_ticket_end_date":"","_tribe_ticket_show_description":"","_tribe_ticket_show_not_going":false,"_tribe_ticket_use_global_stock":"","_tribe_ticket_global_stock_level":"","_global_stock_mode":"","_global_stock_cap":"","_tribe_rsvp_for_event":"","_tribe_ticket_going_count":"","_tribe_ticket_not_going_count":"","_tribe_tickets_list":"[]","_tribe_ticket_has_attendee_info_fields":false,"footnotes":""},"categories":[46],"tags":[11821,11822,11819,11820,4256,11818,6101,6487,3637,3638],"class_list":["post-12253","post","type-post","status-publish","format-standard","hentry","category-noticias","tag-6a-vara-federal-de-porto-alegre","tag-conselho-regional-de-enfermagem","tag-coren-rs","tag-descumprimento-contratual","tag-falha","tag-grafica","tag-prestacao-de-servicos","tag-ressarcir","tag-trf4","tag-tribunal-regional-federal-da-4a-regiao"],"acf":[],"_links":{"self":[{"href":"https:\/\/sgpsolucoes.com.br\/site\/wp-json\/wp\/v2\/posts\/12253"}],"collection":[{"href":"https:\/\/sgpsolucoes.com.br\/site\/wp-json\/wp\/v2\/posts"}],"about":[{"href":"https:\/\/sgpsolucoes.com.br\/site\/wp-json\/wp\/v2\/types\/post"}],"author":[{"embeddable":true,"href":"https:\/\/sgpsolucoes.com.br\/site\/wp-json\/wp\/v2\/users\/5"}],"replies":[{"embeddable":true,"href":"https:\/\/sgpsolucoes.com.br\/site\/wp-json\/wp\/v2\/comments?post=12253"}],"version-history":[{"count":0,"href":"https:\/\/sgpsolucoes.com.br\/site\/wp-json\/wp\/v2\/posts\/12253\/revisions"}],"wp:attachment":[{"href":"https:\/\/sgpsolucoes.com.br\/site\/wp-json\/wp\/v2\/media?parent=12253"}],"wp:term":[{"taxonomy":"category","embeddable":true,"href":"https:\/\/sgpsolucoes.com.br\/site\/wp-json\/wp\/v2\/categories?post=12253"},{"taxonomy":"post_tag","embeddable":true,"href":"https:\/\/sgpsolucoes.com.br\/site\/wp-json\/wp\/v2\/tags?post=12253"}],"curies":[{"name":"wp","href":"https:\/\/api.w.org\/{rel}","templated":true}]}}