{"id":12256,"date":"2025-06-18T15:07:30","date_gmt":"2025-06-18T18:07:30","guid":{"rendered":"https:\/\/sgpsolucoes.com.br\/site\/?p=12256"},"modified":"2025-06-18T15:07:31","modified_gmt":"2025-06-18T18:07:31","slug":"mineradora-e-seu-socio-deverao-ressarcir-mais-de-r3-milhoes-a-uniao-por-extracao-ilegal-de-arenito","status":"publish","type":"post","link":"https:\/\/sgpsolucoes.com.br\/site\/mineradora-e-seu-socio-deverao-ressarcir-mais-de-r3-milhoes-a-uniao-por-extracao-ilegal-de-arenito\/","title":{"rendered":"Mineradora e seu s\u00f3cio dever\u00e3o ressarcir mais de R$3 milh\u00f5es \u00e0 Uni\u00e3o por extra\u00e7\u00e3o ilegal de arenito"},"content":{"rendered":"<p>A 1\u00aa Vara Federal de Novo Hamburgo (RS) condenou uma mineradora e seu s\u00f3cio a ressarcir mais de R$3 milh\u00f5es \u00e0 Uni\u00e3o por realizarem atividade de minera\u00e7\u00e3o irregular. A senten\u00e7a, publicada no dia 13\/06, \u00e9 do juiz N\u00f3rton Lu\u00eds Benites.&nbsp;&nbsp;&nbsp;<\/p><p>O Comando Ambiental da Brigada Militar flagrou, em novembro de 2017, na localidade de Pega Fogo Baixo, trabalhadores, equipamentos e ve\u00edculos, indicativos da ocorr\u00eancia de extra\u00e7\u00e3o irregular de arenito. A Uni\u00e3o, autora da A\u00e7\u00e3o Civil P\u00fablica, relatou ter tomado conhecimento da atividade ilegal por meio de Inqu\u00e9rito Policial instaurado em 2018, em decorr\u00eancia do flagrante.<\/p><p>A Ag\u00eancia Nacional de Minera\u00e7\u00e3o (ANM) emitiu nota t\u00e9cnica declarando que a quantidade de min\u00e9rio extra\u00edda seria superior a vinte mil metros c\u00fabicos, totalizando mais de R$3 milh\u00f5es. O c\u00e1lculo foi efetuado com base no pre\u00e7o m\u00e9dio do arenito no ano-base de 2021.&nbsp;<\/p><p>A Uni\u00e3o informou que o Minist\u00e9rio P\u00fablico Federal (MPF) ingressou com uma a\u00e7\u00e3o penal em 2018, que resultou na condena\u00e7\u00e3o do s\u00f3cio da empresa, o que comprovaria a autoria e materialidade da atividade criminosa.<\/p><p>O magistrado esclareceu na fundamenta\u00e7\u00e3o que os recursos minerais s\u00e3o bens pertencentes \u00e0 Uni\u00e3o, conforme previs\u00e3o constitucional, sendo necess\u00e1ria autoriza\u00e7\u00e3o ou concess\u00e3o para explor\u00e1-los.<\/p><p>Diante das alega\u00e7\u00f5es e com base em entendimentos jurisprudenciais de Tribunais Superiores, Benites entendeu que \u201ca extra\u00e7\u00e3o do min\u00e9rio deve corresponder ao valor de mercado do min\u00e9rio e o custo operacional deve ser suportado integralmente pelo empreendedor irregular, em raz\u00e3o do risco assumido por sua conduta il\u00edcita, pelo qual n\u00e3o cabe \u00e0 Uni\u00e3o responder\u201d.<\/p><p>Os r\u00e9us dever\u00e3o efetuar o pagamento de mais de R$3 milh\u00f5es para a Uni\u00e3o, a t\u00edtulo de indeniza\u00e7\u00e3o pela pr\u00e1tica da atividade irregular. Cabe recurso para o Tribunal Regional Federal da 4\u00aa Regi\u00e3o.<\/p><p><strong>Fonte: TRF4<\/strong><\/p>\n    <div class=\"xs_social_share_widget xs_share_url after_content \t\tmain_content  wslu-style-1 wslu-share-box-shaped wslu-fill-colored wslu-none wslu-share-horizontal wslu-theme-font-no wslu-main_content\">\n\n\t\t\n        <ul>\n\t\t\t        <\/ul>\n    <\/div> \n","protected":false},"excerpt":{"rendered":"<p>A 1\u00aa Vara Federal de Novo Hamburgo (RS) condenou uma mineradora e seu s\u00f3cio a ressarcir mais de R$3 milh\u00f5es \u00e0 Uni\u00e3o por realizarem atividade de minera\u00e7\u00e3o irregular. A senten\u00e7a, publicada no dia 13\/06, \u00e9 do juiz N\u00f3rton Lu\u00eds Benites.\u00a0\u00a0\u00a0<\/p>\n","protected":false},"author":5,"featured_media":0,"comment_status":"open","ping_status":"open","sticky":false,"template":"","format":"standard","meta":{"postBodyCss":"","postBodyMargin":[],"postBodyPadding":[],"postBodyBackground":{"backgroundType":"classic","gradient":""},"_price":"","_stock":"","_tribe_ticket_header":"","_tribe_default_ticket_provider":"","_tribe_ticket_capacity":"0","_ticket_start_date":"","_ticket_end_date":"","_tribe_ticket_show_description":"","_tribe_ticket_show_not_going":false,"_tribe_ticket_use_global_stock":"","_tribe_ticket_global_stock_level":"","_global_stock_mode":"","_global_stock_cap":"","_tribe_rsvp_for_event":"","_tribe_ticket_going_count":"","_tribe_ticket_not_going_count":"","_tribe_tickets_list":"[]","_tribe_ticket_has_attendee_info_fields":false,"footnotes":""},"categories":[46],"tags":[11824,5884,11825,11826,1243,11012,11823,4802,11827,11005,11828,6487,683,4532,1627,1448],"class_list":["post-12256","post","type-post","status-publish","format-standard","hentry","category-noticias","tag-1a-vara-federal-de-novo-hamburgo","tag-acao-civil-publica","tag-arenito","tag-comando-ambiental-da-brigada-militar","tag-equipamentos","tag-extracao-ilegal","tag-extracao-ilegal-de-arenito","tag-mineracao","tag-mineracao-irregular","tag-mineradora","tag-pega-fogo-baixo","tag-ressarcir","tag-socio","tag-trabalhadores","tag-uniao","tag-veiculos"],"acf":[],"_links":{"self":[{"href":"https:\/\/sgpsolucoes.com.br\/site\/wp-json\/wp\/v2\/posts\/12256"}],"collection":[{"href":"https:\/\/sgpsolucoes.com.br\/site\/wp-json\/wp\/v2\/posts"}],"about":[{"href":"https:\/\/sgpsolucoes.com.br\/site\/wp-json\/wp\/v2\/types\/post"}],"author":[{"embeddable":true,"href":"https:\/\/sgpsolucoes.com.br\/site\/wp-json\/wp\/v2\/users\/5"}],"replies":[{"embeddable":true,"href":"https:\/\/sgpsolucoes.com.br\/site\/wp-json\/wp\/v2\/comments?post=12256"}],"version-history":[{"count":0,"href":"https:\/\/sgpsolucoes.com.br\/site\/wp-json\/wp\/v2\/posts\/12256\/revisions"}],"wp:attachment":[{"href":"https:\/\/sgpsolucoes.com.br\/site\/wp-json\/wp\/v2\/media?parent=12256"}],"wp:term":[{"taxonomy":"category","embeddable":true,"href":"https:\/\/sgpsolucoes.com.br\/site\/wp-json\/wp\/v2\/categories?post=12256"},{"taxonomy":"post_tag","embeddable":true,"href":"https:\/\/sgpsolucoes.com.br\/site\/wp-json\/wp\/v2\/tags?post=12256"}],"curies":[{"name":"wp","href":"https:\/\/api.w.org\/{rel}","templated":true}]}}