{"id":12330,"date":"2025-06-23T14:46:30","date_gmt":"2025-06-23T17:46:30","guid":{"rendered":"https:\/\/sgpsolucoes.com.br\/site\/?p=12330"},"modified":"2025-06-23T14:46:30","modified_gmt":"2025-06-23T17:46:30","slug":"tcemg-multa-ex-prefeito-de-sao-francisco-do-gloria-por-nao-repassar-contribuicoes-previdenciarias","status":"publish","type":"post","link":"https:\/\/sgpsolucoes.com.br\/site\/tcemg-multa-ex-prefeito-de-sao-francisco-do-gloria-por-nao-repassar-contribuicoes-previdenciarias\/","title":{"rendered":"TCEMG multa ex-prefeito de S\u00e3o Francisco do Gl\u00f3ria por n\u00e3o repassar contribui\u00e7\u00f5es previdenci\u00e1rias"},"content":{"rendered":"<p>O Tribunal de Contas multou, na sess\u00e3o da Segunda C\u00e2mara de ontem (17\/6), o ex-prefeito de S\u00e3o Francisco do Gl\u00f3ria, Walace Ferreira Pedrosa, em R$5 mil, por n\u00e3o repassar, no prazo devido, as contribui\u00e7\u00f5es previdenci\u00e1rias patronais e suplementares de 2023, que foram descontadas dos servidores daquele munic\u00edpio, para o Instituto de Previd\u00eancia de S\u00e3o Francisco do Gl\u00f3ria (Gloriaprev).<\/p><p>A irregularidade foi denunciada pelo atual diretor-presidente do Gloriaprev, Dalmo Ricardo Moreira, que, na Representa\u00e7\u00e3o n\u00b0 1160827, informou, ainda, o comprometimento do equil\u00edbrio econ\u00f4mico e financeiro daquele instituto.<\/p><p>A 1\u00aa Coordenadoria de Fiscaliza\u00e7\u00e3o dos Munic\u00edpios (1\u00aa CFM) do Tribunal havia apontado no processo conduta irregular do gestor com preju\u00edzo ao er\u00e1rio. Em sua defesa, o munic\u00edpio informou que uma auditoria independente contratada apurou um repasse anterior da prefeitura ao Instituto indevido no valor de R$ 759 mil, no per\u00edodo de agosto de 2018 a julho de 2023, superior ao saldo de contribui\u00e7\u00f5es n\u00e3o recolhidas, no valor de R$ 685 mil, conforme c\u00e1lculo realizado pela unidade t\u00e9cnica do TCE .<\/p><p>Por\u00e9m, os analistas do Tribunal destacaram que \u201ca exist\u00eancia de valores eventualmente pagos a maior n\u00e3o afasta a irregularidade, tampouco afasta o gestor da responsabilidade pelos repasses em atraso [&#8230;] e que a inadimpl\u00eancia acarretou incid\u00eancia de encargos legais, como juros e multa, que configura dano ao er\u00e1rio.\u201d<\/p><p>O relator do processo, conselheiro em exerc\u00edcio Adonias Monteiro, acolheu a manifesta\u00e7\u00e3o da \u00e1rea t\u00e9cnica e aplicou multa de R$5 mil ao ex-prefeito, determinando um prazo de 30 dias para que o atual prefeito comprove a quita\u00e7\u00e3o do saldo remanescente ao Gloriaprev, devidamente atualizado, e apresente medidas adotadas para regulariza\u00e7\u00e3o da inadimpl\u00eancia, sob pena de responsabiliza\u00e7\u00e3o. \u00c0 decis\u00e3o, cabe recurso.&nbsp;<\/p><p><strong>Fonte: TCE-MG<\/strong><\/p>\n    <div class=\"xs_social_share_widget xs_share_url after_content \t\tmain_content  wslu-style-1 wslu-share-box-shaped wslu-fill-colored wslu-none wslu-share-horizontal wslu-theme-font-no wslu-main_content\">\n\n\t\t\n        <ul>\n\t\t\t        <\/ul>\n    <\/div> \n","protected":false},"excerpt":{"rendered":"<p>O Tribunal de Contas multou, na sess\u00e3o da Segunda C\u00e2mara de ontem (17\/6), o ex-prefeito de S\u00e3o Francisco do Gl\u00f3ria, Walace Ferreira Pedrosa, em R$5 mil, por n\u00e3o repassar, no prazo devido, as contribui\u00e7\u00f5es previdenci\u00e1rias patronais e suplementares de 2023, que foram descontadas dos servidores daquele munic\u00edpio, para o Instituto de Previd\u00eancia de S\u00e3o Francisco do Gl\u00f3ria (Gloriaprev).<\/p>\n","protected":false},"author":5,"featured_media":0,"comment_status":"open","ping_status":"open","sticky":false,"template":"","format":"standard","meta":{"postBodyCss":"","postBodyMargin":[],"postBodyPadding":[],"postBodyBackground":{"backgroundType":"classic","gradient":""},"_price":"","_stock":"","_tribe_ticket_header":"","_tribe_default_ticket_provider":"","_tribe_ticket_capacity":"0","_ticket_start_date":"","_ticket_end_date":"","_tribe_ticket_show_description":"","_tribe_ticket_show_not_going":false,"_tribe_ticket_use_global_stock":"","_tribe_ticket_global_stock_level":"","_global_stock_mode":"","_global_stock_cap":"","_tribe_rsvp_for_event":"","_tribe_ticket_going_count":"","_tribe_ticket_not_going_count":"","_tribe_tickets_list":"[]","_tribe_ticket_has_attendee_info_fields":false,"footnotes":""},"categories":[46],"tags":[10517,11874,494,11877,11876,291,11873,372,1344,1660,1014,451,11875],"class_list":["post-12330","post","type-post","status-publish","format-standard","hentry","category-noticias","tag-contribuicoes-previdenciarias","tag-contribuicoes-previdenciarias-patronais","tag-ex-prefeito","tag-gloriaprev","tag-instituto-de-previdencia-de-sao-francisco-do-gloria","tag-multa","tag-sao-francisco-do-gloria","tag-segunda-camara","tag-servidores","tag-suplementares","tag-tcemg","tag-tribunal-de-contas","tag-walace-ferreira-pedrosa"],"acf":[],"_links":{"self":[{"href":"https:\/\/sgpsolucoes.com.br\/site\/wp-json\/wp\/v2\/posts\/12330"}],"collection":[{"href":"https:\/\/sgpsolucoes.com.br\/site\/wp-json\/wp\/v2\/posts"}],"about":[{"href":"https:\/\/sgpsolucoes.com.br\/site\/wp-json\/wp\/v2\/types\/post"}],"author":[{"embeddable":true,"href":"https:\/\/sgpsolucoes.com.br\/site\/wp-json\/wp\/v2\/users\/5"}],"replies":[{"embeddable":true,"href":"https:\/\/sgpsolucoes.com.br\/site\/wp-json\/wp\/v2\/comments?post=12330"}],"version-history":[{"count":0,"href":"https:\/\/sgpsolucoes.com.br\/site\/wp-json\/wp\/v2\/posts\/12330\/revisions"}],"wp:attachment":[{"href":"https:\/\/sgpsolucoes.com.br\/site\/wp-json\/wp\/v2\/media?parent=12330"}],"wp:term":[{"taxonomy":"category","embeddable":true,"href":"https:\/\/sgpsolucoes.com.br\/site\/wp-json\/wp\/v2\/categories?post=12330"},{"taxonomy":"post_tag","embeddable":true,"href":"https:\/\/sgpsolucoes.com.br\/site\/wp-json\/wp\/v2\/tags?post=12330"}],"curies":[{"name":"wp","href":"https:\/\/api.w.org\/{rel}","templated":true}]}}