{"id":12333,"date":"2025-06-23T14:50:53","date_gmt":"2025-06-23T17:50:53","guid":{"rendered":"https:\/\/sgpsolucoes.com.br\/site\/?p=12333"},"modified":"2025-06-23T14:50:54","modified_gmt":"2025-06-23T17:50:54","slug":"tce-pr-suspende-contratacao-emergencial-de-cascavel-para-limpeza-e-coleta-de-lixo","status":"publish","type":"post","link":"https:\/\/sgpsolucoes.com.br\/site\/tce-pr-suspende-contratacao-emergencial-de-cascavel-para-limpeza-e-coleta-de-lixo\/","title":{"rendered":"TCE-PR suspende contrata\u00e7\u00e3o emergencial de Cascavel para limpeza e coleta de lixo"},"content":{"rendered":"<p>Em medida cautelar, o Tribunal de Contas do Estado do Paran\u00e1 (TCE-PR) suspendeu contrata\u00e7\u00e3o emergencial, pelo Munic\u00edpio de Cascavel (Regi\u00e3o Oeste), de empresa para a presta\u00e7\u00e3o dos servi\u00e7os de limpeza, coleta e destina\u00e7\u00e3o do lixo urbano. O valor estimado da contrata\u00e7\u00e3o \u00e9 de aproximadamente R$ 71 milh\u00f5es, para a presta\u00e7\u00e3o dos servi\u00e7os durante 12 meses.<\/p><p>A cautelar foi concedida por Despacho expedido em 12 de junho pelo conselheiro Durval Amaral, suspendendo o Aviso de Contrata\u00e7\u00e3o Direta n\u00ba 90016\/25 do Munic\u00edpio de Cascavel e o eventual contrato dele decorrente. Na Sess\u00e3o de Plen\u00e1rio Virtual n\u00ba 11\/25 do Tribunal Pleno, conclu\u00eddo na \u00faltima quarta-feira (18 de junho), os demais conselheiros do TCE-PR homologaram a decis\u00e3o por unanimidade.<\/p><p>O relator acatou Representa\u00e7\u00f5es da Lei de Licita\u00e7\u00f5es (Lei n\u00ba 14.133\/21) formuladas pela Associa\u00e7\u00e3o de Empresas de Engenharia e Limpeza Urbana do Brasil (Alubras); pelas empresas CGC Concess\u00f5es Ltda. e Multserv Ltda.; e pelo Sindicato das Empresas de Asseio e Conserva\u00e7\u00e3o no Estado do Paran\u00e1 (Seac-PR).<\/p><p>Os representantes alegaram que teria havido viola\u00e7\u00e3o aos princ\u00edpios da competitividade e ampla defesa, diante do pre\u00e7o estimado para a contrata\u00e7\u00e3o e da complexidade de seu objeto, em raz\u00e3o do curto prazo entre a data de publica\u00e7\u00e3o do aviso da dispensa e a de apresenta\u00e7\u00e3o de propostas e lances; al\u00e9m da brevidade do prazo para o encaminhamento de documentos complementares \u00e0 habilita\u00e7\u00e3o. Eles tamb\u00e9m contestaram a contrata\u00e7\u00e3o emergencial em detrimento do competente procedimento licitat\u00f3rio; e as falhas e omiss\u00f5es no Estudo T\u00e9cnico Preliminar (ETP).<\/p><p><strong>Competitividade<\/strong><\/p><p>Ao emitir a cautelar, Amaral considerou a possibilidade de viola\u00e7\u00e3o dos princ\u00edpios da competitividade e ampla defesa, diante do pre\u00e7o estimado para a contrata\u00e7\u00e3o e da complexidade de seu objeto, pois a publica\u00e7\u00e3o do aviso da dispensa ocorrera em 29 de maio e a de apresenta\u00e7\u00e3o de propostas e lances foi prevista para 5 de junho; e o prazo para o encaminhamento de documentos complementares \u00e0 habilita\u00e7\u00e3o fora limitado a apenas duas horas.<\/p><p>O conselheiro explicou que, apesar de ter sido respeitado o prazo m\u00ednimo de tr\u00eas dias \u00fateis entre a publica\u00e7\u00e3o do aviso e a abertura do procedimento, o munic\u00edpio deveria ter efetivamente avaliado e fixado um prazo condizente com as especificidades do objeto licitado, que tem natureza significativamente complexa.<\/p><p>O relator frisou o prazo ex\u00edguo pode ter comprometido a competitividade, desincentivando licitantes s\u00e9rios a participar da disputa devido \u00e0 dificuldade para a elabora\u00e7\u00e3o de proposta nesse curto prazo; e a isonomia, pelo favorecimento daqueles j\u00e1 que conheciam o objeto, o que seria um privil\u00e9gio indevido. Al\u00e9m disso, ele entendeu que o prazo de duas horas n\u00e3o teria sido razo\u00e1vel para a devida produ\u00e7\u00e3o e envio de documentos complementares \u00e0 habilita\u00e7\u00e3o dos interessados.<\/p><p>Amaral destacou que o que autoriza a contrata\u00e7\u00e3o direta \u00e9 a submiss\u00e3o f\u00e1tica a algumas das hip\u00f3teses previstas em lei, como no caso do inciso VIII do artigo 75 da Lei n\u00ba 14.133\/2021, que exige a caracteriza\u00e7\u00e3o da emerg\u00eancia ou calamidade. Mas ele ressaltou que a contrata\u00e7\u00e3o direta teria sido realizada em raz\u00e3o da proximidade da extin\u00e7\u00e3o do atual contrato e da impossibilidade de se concluir um procedimento licitat\u00f3rio. Assim, o conselheiro entendeu que a emerg\u00eancia apontada como fundamento para a dispensa fora resultado da falta de planejamento da administra\u00e7\u00e3o.<\/p><p>O relator lembrou que o TCE-PR determinara, em 28 de agosto de 2024, que o Munic\u00edpio de Cascavel anulasse a Concorr\u00eancia P\u00fablica n\u00b0 44\/22, que tinha o mesmo objeto da contrata\u00e7\u00e3o direta agora em quest\u00e3o, a partir da publica\u00e7\u00e3o do seu edital; e listara uma s\u00e9rie de corre\u00e7\u00f5es que deveriam ser realizadas pela administra\u00e7\u00e3o caso desejasse continuar a licita\u00e7\u00e3o. Inclusive, Amaral j\u00e1 havia expedido medida cautelar para suspender aquela licita\u00e7\u00e3o, homologada na Sess\u00e3o de Plen\u00e1rio Virtual n\u00ba 2\/23 do Tribunal Pleno do TCE-PR, conclu\u00edda em 16 de fevereiro de 2023.<\/p><p>O conselheiro afirmou que, desde o final do ano passado, o munic\u00edpio j\u00e1 poderia ter lan\u00e7ado licita\u00e7\u00e3o para a contrata\u00e7\u00e3o do objeto; mas preferiu aguardar at\u00e9 7 de maio para iniciar a contrata\u00e7\u00e3o direta, quando houve a emiss\u00e3o da requisi\u00e7\u00e3o de compra que instaurou a dispensa.<\/p><p>Assim, o relator concluiu que houve clara omiss\u00e3o quanto ao dever de licitar, que n\u00e3o pode ser admitida, porque o munic\u00edpio deixou de dar continuidade ao certame, de forma ordin\u00e1ria, para utilizar o procedimento de contrata\u00e7\u00e3o direta, que tem natureza excepcional. Como agravante, ele citou que n\u00e3o houve a caracteriza\u00e7\u00e3o de situa\u00e7\u00e3o emergencial ou calamitosa; a comprova\u00e7\u00e3o da interrup\u00e7\u00e3o abrupta e imprevis\u00edvel dos servi\u00e7os; e tampouco de riscos imediatos \u00e0 sa\u00fade p\u00fablica que n\u00e3o pudessem ser resolvidos com medidas provis\u00f3rias de curto prazo.<\/p><p>Finalmente, Amaral considerou que teriam ocorrido falhas e omiss\u00f5es no ETP, al\u00e9m de infra\u00e7\u00e3o aos princ\u00edpios da publicidade, moralidade e ampla defesa pela aus\u00eancia de indica\u00e7\u00e3o de meio para impugna\u00e7\u00e3o dos termos do edital.<\/p><p>O Tribunal intimou o Munic\u00edpio de Cascavel para ci\u00eancia e cumprimento imediato da decis\u00e3o; e citou os respons\u00e1veis para apresenta\u00e7\u00e3o de defesa e contradit\u00f3rio no prazo de 15 dias. Caso n\u00e3o seja revogada, os efeitos da medida cautelar perduram at\u00e9 que o Tribunal decida sobre o m\u00e9rito do processo.<\/p><p>&nbsp;<strong><u>Servi\u00e7o<\/u><\/strong><\/p><figure class=\"wp-block-table\"><table class=\"has-fixed-layout\"><tbody><tr><td><strong>Processo<\/strong>&nbsp;<strong>n\u00ba<\/strong>:<\/td><td>346830\/25<\/td><\/tr><tr><td><strong>Despacho n\u00ba<\/strong><\/td><td>683\/25 &#8211; Gabinete do Conselheiro Durval Amaral<\/td><\/tr><tr><td><strong>Assunto<\/strong>:<\/td><td>Representa\u00e7\u00e3o da Lei de Licita\u00e7\u00f5es<\/td><\/tr><tr><td><strong>Entidade<\/strong>:<\/td><td>Munic\u00edpio de Cascavel<\/td><\/tr><tr><td><strong>Interessados:<\/strong><\/td><td>Associa\u00e7\u00e3o das Empresas de Engenharia e Limpeza Urbana do Brasil, CGC Concess\u00f5es Ltda., Multserv Ltda, Renato da Silva, Sindicato das Empresas de Asseio e Conserva\u00e7\u00e3o no Estado do Paran\u00e1 e Welinton Jos\u00e9 Vieira<\/td><\/tr><tr><td><strong>Relator:<\/strong><\/td><td>Conselheiro Jos\u00e9 Durval Mattos do Amaral<\/td><\/tr><\/tbody><\/table><\/figure><p><strong>Fonte:&nbsp;TCE\/PR<\/strong><\/p>\n    <div class=\"xs_social_share_widget xs_share_url after_content \t\tmain_content  wslu-style-1 wslu-share-box-shaped wslu-fill-colored wslu-none wslu-share-horizontal wslu-theme-font-no wslu-main_content\">\n\n\t\t\n        <ul>\n\t\t\t        <\/ul>\n    <\/div> \n","protected":false},"excerpt":{"rendered":"<p>Em medida cautelar, o Tribunal de Contas do Estado do Paran\u00e1 (TCE-PR) suspendeu contrata\u00e7\u00e3o emergencial, pelo Munic\u00edpio de Cascavel (Regi\u00e3o Oeste), de empresa para a presta\u00e7\u00e3o dos servi\u00e7os de limpeza, coleta e destina\u00e7\u00e3o do lixo urbano. O valor estimado da contrata\u00e7\u00e3o \u00e9 de aproximadamente R$ 71 milh\u00f5es, para a presta\u00e7\u00e3o dos servi\u00e7os durante 12 meses.<\/p>\n","protected":false},"author":5,"featured_media":0,"comment_status":"open","ping_status":"open","sticky":false,"template":"","format":"standard","meta":{"postBodyCss":"","postBodyMargin":[],"postBodyPadding":[],"postBodyBackground":{"backgroundType":"classic","gradient":""},"_price":"","_stock":"","_tribe_ticket_header":"","_tribe_default_ticket_provider":"","_tribe_ticket_capacity":"0","_ticket_start_date":"","_ticket_end_date":"","_tribe_ticket_show_description":"","_tribe_ticket_show_not_going":false,"_tribe_ticket_use_global_stock":"","_tribe_ticket_global_stock_level":"","_global_stock_mode":"","_global_stock_cap":"","_tribe_rsvp_for_event":"","_tribe_ticket_going_count":"","_tribe_ticket_not_going_count":"","_tribe_tickets_list":"[]","_tribe_ticket_has_attendee_info_fields":false,"footnotes":""},"categories":[46],"tags":[11879,1099,8649,6703,8616,11878,11586,1394,9536,11880,354,356],"class_list":["post-12333","post","type-post","status-publish","format-standard","hentry","category-noticias","tag-cascavel","tag-coleta","tag-contratacao-emergencial","tag-destinacao","tag-limpeza","tag-limpeza-e-coleta-de-lixo","tag-lixo-urbano","tag-medida-cautelar","tag-municipio-de-cascavel","tag-servicos-de-limpeza","tag-tce-pr","tag-tribunal-de-contas-do-estado-do-parana"],"acf":[],"_links":{"self":[{"href":"https:\/\/sgpsolucoes.com.br\/site\/wp-json\/wp\/v2\/posts\/12333"}],"collection":[{"href":"https:\/\/sgpsolucoes.com.br\/site\/wp-json\/wp\/v2\/posts"}],"about":[{"href":"https:\/\/sgpsolucoes.com.br\/site\/wp-json\/wp\/v2\/types\/post"}],"author":[{"embeddable":true,"href":"https:\/\/sgpsolucoes.com.br\/site\/wp-json\/wp\/v2\/users\/5"}],"replies":[{"embeddable":true,"href":"https:\/\/sgpsolucoes.com.br\/site\/wp-json\/wp\/v2\/comments?post=12333"}],"version-history":[{"count":0,"href":"https:\/\/sgpsolucoes.com.br\/site\/wp-json\/wp\/v2\/posts\/12333\/revisions"}],"wp:attachment":[{"href":"https:\/\/sgpsolucoes.com.br\/site\/wp-json\/wp\/v2\/media?parent=12333"}],"wp:term":[{"taxonomy":"category","embeddable":true,"href":"https:\/\/sgpsolucoes.com.br\/site\/wp-json\/wp\/v2\/categories?post=12333"},{"taxonomy":"post_tag","embeddable":true,"href":"https:\/\/sgpsolucoes.com.br\/site\/wp-json\/wp\/v2\/tags?post=12333"}],"curies":[{"name":"wp","href":"https:\/\/api.w.org\/{rel}","templated":true}]}}