{"id":12368,"date":"2025-06-24T17:18:10","date_gmt":"2025-06-24T20:18:10","guid":{"rendered":"https:\/\/sgpsolucoes.com.br\/site\/?p=12368"},"modified":"2025-06-24T17:18:11","modified_gmt":"2025-06-24T20:18:11","slug":"stf-alcanca-proposta-consensual-sobre-alteracoes-na-lei-do-marco-temporal","status":"publish","type":"post","link":"https:\/\/sgpsolucoes.com.br\/site\/stf-alcanca-proposta-consensual-sobre-alteracoes-na-lei-do-marco-temporal\/","title":{"rendered":"STF alcan\u00e7a proposta consensual sobre altera\u00e7\u00f5es na Lei do Marco Temporal"},"content":{"rendered":"<p><em><strong>Integrantes da comiss\u00e3o especial finalizaram texto conjunto sobre diversos pontos de consenso obtidos a partir de proposta de anteprojeto de lei<\/strong><\/em><\/p><p>O Supremo Tribunal Federal (STF) alcan\u00e7ou um acordo para uma proposta de altera\u00e7\u00e3o da Lei do Marco Temporal (Lei 14.701\/23), que trata da demarca\u00e7\u00e3o de terras ind\u00edgenas. O grupo aprovou uma minuta conjunta com diversos pontos consensuais, resultantes da an\u00e1lise da proposta de anteprojeto de lei elaborada pelo ministro Gilmar Mendes.<\/p><p>A audi\u00eancia foi nesta segunda-feira (23). Durante a reuni\u00e3o, a Uni\u00e3o informou ter chegado a um acordo com a Confedera\u00e7\u00e3o Nacional dos Munic\u00edpios sobre a reda\u00e7\u00e3o da proposta que prev\u00ea a participa\u00e7\u00e3o dos munic\u00edpios no processo demarcat\u00f3rio. Tamb\u00e9m comunicou que apresentar\u00e1 ao ministro Gilmar Mendes, at\u00e9 o dia 26, o Plano Transit\u00f3rio de Regulariza\u00e7\u00e3o das Terras Ind\u00edgenas.<\/p><p>O texto aprovado representa um consenso m\u00ednimo sobre os temas debatidos pela comiss\u00e3o. A minuta ser\u00e1 entregue ao ministro Gilmar Mendes, relator de quatro a\u00e7\u00f5es que questionam a constitucionalidade da Lei do Marco Temporal (ADIs&nbsp;<strong><a href=\"https:\/\/portal.stf.jus.br\/processos\/detalhe.asp?incidente=6824370\" target=\"_blank\" rel=\"noreferrer noopener\">7582<\/a><\/strong>,&nbsp;<strong><a href=\"https:\/\/portal.stf.jus.br\/processos\/detalhe.asp?incidente=6824472\" target=\"_blank\" rel=\"noreferrer noopener\">7583<\/a><\/strong>,&nbsp;<strong><a href=\"https:\/\/portal.stf.jus.br\/processos\/detalhe.asp?incidente=6825310\" target=\"_blank\" rel=\"noreferrer noopener\">7586<\/a><\/strong>&nbsp;e&nbsp;<strong><a href=\"https:\/\/portal.stf.jus.br\/processos\/detalhe.asp?incidente=6877646\" target=\"_blank\" rel=\"noreferrer noopener\">ADO 86<\/a><\/strong>) e de uma a\u00e7\u00e3o que defende sua validade (<strong><a href=\"https:\/\/portal.stf.jus.br\/processos\/detalhe.asp?incidente=6824155\" target=\"_blank\" rel=\"noreferrer noopener\">ADC 87<\/a><\/strong>).<\/p><p>Ao todo, foram realizadas 23 audi\u00eancias de concilia\u00e7\u00e3o entre agosto de 2024 e junho de 2025. Os debates abrangeram temas como a jurisprud\u00eancia do STF e da Corte Interamericana de Direitos Humanos sobre o marco temporal, os direitos ind\u00edgenas discutidos na Assembleia Constituinte de 1987 e previstos na Constitui\u00e7\u00e3o de 1988, al\u00e9m de sess\u00f5es tem\u00e1ticas com lideran\u00e7as ind\u00edgenas, antrop\u00f3logos e cientistas sociais.<\/p><p>Nas \u00faltimas reuni\u00f5es, a comiss\u00e3o discutiu uma proposta de anteprojeto de lei para alterar a Lei do Marco Temporal. O texto foi elaborado pelo ministro Gilmar Mendes a partir de sugest\u00f5es apresentadas pelos pr\u00f3prios participantes ao longo dos encontros.<\/p><p>O objetivo das audi\u00eancias foi, desde o in\u00edcio, buscar uma solu\u00e7\u00e3o consensual que garantisse os direitos dos povos origin\u00e1rios, respeitando sua diversidade de valores e costumes, e tamb\u00e9m da popula\u00e7\u00e3o n\u00e3o ind\u00edgena, assegurando coes\u00e3o institucional e seguran\u00e7a jur\u00eddica para todos.<\/p><p><strong>Fonte: STF<\/strong><\/p>\n    <div class=\"xs_social_share_widget xs_share_url after_content \t\tmain_content  wslu-style-1 wslu-share-box-shaped wslu-fill-colored wslu-none wslu-share-horizontal wslu-theme-font-no wslu-main_content\">\n\n\t\t\n        <ul>\n\t\t\t        <\/ul>\n    <\/div> \n","protected":false},"excerpt":{"rendered":"<p>O Supremo Tribunal Federal (STF) alcan\u00e7ou um acordo para uma proposta de altera\u00e7\u00e3o da Lei do Marco Temporal (Lei 14.701\/23), que trata da demarca\u00e7\u00e3o de terras ind\u00edgenas. O grupo aprovou uma minuta conjunta com diversos pontos consensuais, resultantes da an\u00e1lise da proposta de anteprojeto de lei elaborada pelo ministro Gilmar Mendes.<\/p>\n","protected":false},"author":5,"featured_media":0,"comment_status":"open","ping_status":"open","sticky":false,"template":"","format":"standard","meta":{"postBodyCss":"","postBodyMargin":[],"postBodyPadding":[],"postBodyBackground":{"backgroundType":"classic","gradient":""},"_price":"","_stock":"","_tribe_ticket_header":"","_tribe_default_ticket_provider":"","_tribe_ticket_capacity":"0","_ticket_start_date":"","_ticket_end_date":"","_tribe_ticket_show_description":"","_tribe_ticket_show_not_going":false,"_tribe_ticket_use_global_stock":"","_tribe_ticket_global_stock_level":"","_global_stock_mode":"","_global_stock_cap":"","_tribe_rsvp_for_event":"","_tribe_ticket_going_count":"","_tribe_ticket_not_going_count":"","_tribe_tickets_list":"[]","_tribe_ticket_has_attendee_info_fields":false,"footnotes":""},"categories":[46],"tags":[636,11675,6112,6109,6105,11677,2002,11958,11957,347,348],"class_list":["post-12368","post","type-post","status-publish","format-standard","hentry","category-noticias","tag-alteracoes","tag-anteprojeto-de-lei","tag-comissao-especial","tag-demarcacao-de-terras-indigenas","tag-lei-do-marco-temporal","tag-lei-n-14-701-23","tag-marco-temporal","tag-pontos-consensuais","tag-proposta-consensual","tag-stf","tag-supremo-tribunal-federal"],"acf":[],"_links":{"self":[{"href":"https:\/\/sgpsolucoes.com.br\/site\/wp-json\/wp\/v2\/posts\/12368"}],"collection":[{"href":"https:\/\/sgpsolucoes.com.br\/site\/wp-json\/wp\/v2\/posts"}],"about":[{"href":"https:\/\/sgpsolucoes.com.br\/site\/wp-json\/wp\/v2\/types\/post"}],"author":[{"embeddable":true,"href":"https:\/\/sgpsolucoes.com.br\/site\/wp-json\/wp\/v2\/users\/5"}],"replies":[{"embeddable":true,"href":"https:\/\/sgpsolucoes.com.br\/site\/wp-json\/wp\/v2\/comments?post=12368"}],"version-history":[{"count":0,"href":"https:\/\/sgpsolucoes.com.br\/site\/wp-json\/wp\/v2\/posts\/12368\/revisions"}],"wp:attachment":[{"href":"https:\/\/sgpsolucoes.com.br\/site\/wp-json\/wp\/v2\/media?parent=12368"}],"wp:term":[{"taxonomy":"category","embeddable":true,"href":"https:\/\/sgpsolucoes.com.br\/site\/wp-json\/wp\/v2\/categories?post=12368"},{"taxonomy":"post_tag","embeddable":true,"href":"https:\/\/sgpsolucoes.com.br\/site\/wp-json\/wp\/v2\/tags?post=12368"}],"curies":[{"name":"wp","href":"https:\/\/api.w.org\/{rel}","templated":true}]}}