{"id":12375,"date":"2025-06-24T17:34:37","date_gmt":"2025-06-24T20:34:37","guid":{"rendered":"https:\/\/sgpsolucoes.com.br\/site\/?p=12375"},"modified":"2025-06-24T17:34:38","modified_gmt":"2025-06-24T20:34:38","slug":"citacao-do-parana-e-da-vizivali-interrompe-prescricao-em-relacao-a-uniao-nas-acoes-sobre-o-tema-928","status":"publish","type":"post","link":"https:\/\/sgpsolucoes.com.br\/site\/citacao-do-parana-e-da-vizivali-interrompe-prescricao-em-relacao-a-uniao-nas-acoes-sobre-o-tema-928\/","title":{"rendered":"Cita\u00e7\u00e3o do Paran\u00e1 e da Vizivali interrompe prescri\u00e7\u00e3o em rela\u00e7\u00e3o \u00e0 Uni\u00e3o nas a\u00e7\u00f5es sobre o Tema 928"},"content":{"rendered":"<p>\u200bSob o rito dos recursos&nbsp;repetitivos&nbsp;(<a href=\"https:\/\/processo.stj.jus.br\/repetitivos\/temas_repetitivos\/pesquisa.jsp?novaConsulta=true&amp;tipo_pesquisa=T&amp;cod_tema_inicial=1131&amp;cod_tema_final=1131\">Tema 1.131<\/a>), a Primeira Se\u00e7\u00e3o do Superior Tribunal de Justi\u00e7a (STJ) decidiu que, nas a\u00e7\u00f5es cujo objeto seja o&nbsp;<a href=\"https:\/\/processo.stj.jus.br\/repetitivos\/temas_repetitivos\/pesquisa.jsp?novaConsulta=true&amp;tipo_pesquisa=T&amp;cod_tema_inicial=928&amp;cod_tema_final=928\">Tema Repetitivo 928<\/a>, a&nbsp;cita\u00e7\u00e3o&nbsp;v\u00e1lida do Estado do Paran\u00e1 e da Faculdade Vizivali interrompe a&nbsp;prescri\u00e7\u00e3o&nbsp;tamb\u00e9m em rela\u00e7\u00e3o \u00e0 Uni\u00e3o, com efeitos retroativos \u00e0 data da propositura da a\u00e7\u00e3o.<\/p><p>No julgamento, o colegiado ainda definiu que esse entendimento se aplica, inclusive, aos casos em que a&nbsp;cita\u00e7\u00e3o&nbsp;da Uni\u00e3o tenha ocorrido ap\u00f3s o decurso de cinco anos desde o ajuizamento da demanda, quando essa demora for imput\u00e1vel exclusivamente ao Poder Judici\u00e1rio, em raz\u00e3o do reconhecimento, no curso do processo, da necessidade de forma\u00e7\u00e3o de&nbsp;litiscons\u00f3rcio&nbsp;passivo necess\u00e1rio.<\/p><p>Com a defini\u00e7\u00e3o da tese, podem voltar a tramitar todos os processos sobre o mesmo assunto que estavam suspensos \u00e0 espera do precedente.<\/p><p>A controv\u00e9rsia remonta \u00e0 cria\u00e7\u00e3o, em 2002, do Curso de Capacita\u00e7\u00e3o para Docentes, promovido pelo Estado do Paran\u00e1 em parceria com a Faculdade Vizivali. O curso, ofertado na modalidade semipresencial, foi direcionado a professores da educa\u00e7\u00e3o infantil e das s\u00e9ries iniciais do ensino fundamental e recebeu autoriza\u00e7\u00e3o do Conselho Estadual de Educa\u00e7\u00e3o com fundamento no&nbsp;<a href=\"https:\/\/www.planalto.gov.br\/ccivil_03\/leis\/l9394.htm#art87\">artigo 87, par\u00e1grafo 3\u00ba, inciso III, da Lei de Diretrizes e Bases da Educa\u00e7\u00e3o Nacional<\/a>.<\/p><p>No entanto, anos ap\u00f3s a implementa\u00e7\u00e3o do curso, surgiram d\u00favidas quanto \u00e0 validade dos diplomas emitidos, em raz\u00e3o de o credenciamento da institui\u00e7\u00e3o de ensino ter sido feito pelo ente estadual, e n\u00e3o pela Uni\u00e3o, como exigido pela legisla\u00e7\u00e3o federal.<\/p><h2 class=\"wp-block-heading\">Incerteza jur\u00eddica justifica interrup\u00e7\u00e3o do prazo prescricional tamb\u00e9m em rela\u00e7\u00e3o \u00e0 Uni\u00e3o<\/h2><p>O relator do recurso&nbsp;repetitivo, ministro Afr\u00e2nio Vilela, destacou que a mudan\u00e7a de posicionamento do Conselho Nacional de Educa\u00e7\u00e3o \u2013 que validou o curso inicialmente e depois passou a consider\u00e1-lo irregular \u2013 desencadeou uma avalanche de a\u00e7\u00f5es judiciais. Diversos alunos ingressaram na Justi\u00e7a estadual apenas contra o Estado do Paran\u00e1 e a institui\u00e7\u00e3o de ensino, diante da aus\u00eancia de entendimento pacificado sobre a necessidade de inclus\u00e3o da Uni\u00e3o no polo passivo.<\/p><p>Como recordou o ministro, esse cen\u00e1rio come\u00e7ou a ser superado com o julgamento do&nbsp;<a href=\"https:\/\/processo.stj.jus.br\/repetitivos\/temas_repetitivos\/pesquisa.jsp?novaConsulta=true&amp;tipo_pesquisa=T&amp;cod_tema_inicial=584&amp;cod_tema_final=584\">Tema 584<\/a>, em 2013, quando se reconheceu que a Uni\u00e3o deveria compor o polo passivo das a\u00e7\u00f5es, entendimento posteriormente aprofundado no Tema 928, de 2017.<\/p><p>Ao examinar a mat\u00e9ria no novo recurso&nbsp;repetitivo, Vilela ressaltou que o ponto central da atual controv\u00e9rsia \u00e9 a defini\u00e7\u00e3o sobre a efic\u00e1cia da interrup\u00e7\u00e3o da&nbsp;prescri\u00e7\u00e3o. A quest\u00e3o, conforme observou, \u00e9 saber se essa interrup\u00e7\u00e3o \u2013 iniciada com a&nbsp;cita\u00e7\u00e3o&nbsp;v\u00e1lida do Estado do Paran\u00e1 e da Vizivali \u2013 tamb\u00e9m pode beneficiar a Uni\u00e3o, ainda que sua&nbsp;cita\u00e7\u00e3o&nbsp;tenha ocorrido ap\u00f3s o decurso do prazo de cinco anos. Para o julgador,&nbsp;<a href=\"https:\/\/www.planalto.gov.br\/ccivil_03\/_ato2015-2018\/2015\/lei\/l13105.htm#art240\">os artigos 240, par\u00e1grafo 1\u00ba, do C\u00f3digo de Processo Civil<\/a>&nbsp;e&nbsp;<a href=\"https:\/\/www.planalto.gov.br\/ccivil_03\/leis\/2002\/l10406.htm#art202\">202 do C\u00f3digo Civil<\/a>&nbsp;autorizam essa retroa\u00e7\u00e3o, desde que n\u00e3o haja in\u00e9rcia da parte autora, o que n\u00e3o se verificou nas a\u00e7\u00f5es discutidas.<\/p><p>O relator sustentou a aplica\u00e7\u00e3o da teoria da apar\u00eancia, uma vez que os autores agiram com base em jurisprud\u00eancia oscilante quanto \u00e0&nbsp;legitimidade&nbsp;passiva da Uni\u00e3o. Segundo o magistrado, n\u00e3o seria razo\u00e1vel exigir que, desde o in\u00edcio, os demandantes inclu\u00edssem a Uni\u00e3o na&nbsp;lide, especialmente diante do hist\u00f3rico de decis\u00f5es que admitiam o processamento das a\u00e7\u00f5es apenas contra o Estado do Paran\u00e1 e a institui\u00e7\u00e3o de ensino. Assim, reconheceu que a incerteza jur\u00eddica justifica a interrup\u00e7\u00e3o do prazo prescricional tamb\u00e9m em rela\u00e7\u00e3o \u00e0 Uni\u00e3o.<\/p><h2 class=\"wp-block-heading\">Prescri\u00e7\u00e3o&nbsp;exige in\u00e9rcia injustificada do titular do direito<\/h2><p>Outro ponto destacado pelo ministro foi a incid\u00eancia das regras de solidariedade previstas no&nbsp;<a href=\"https:\/\/www.planalto.gov.br\/ccivil_03\/leis\/2002\/l10406.htm#art204\">artigo 204, par\u00e1grafo 1\u00ba, do C\u00f3digo Civil<\/a>. Conforme ponderou Afr\u00e2nio Vilela, ao analisar o Tema 928, a Primeira Se\u00e7\u00e3o do STJ reconheceu a solidariedade entre os entes federativos em determinadas hip\u00f3teses, especialmente nos casos de professores sem v\u00ednculo formal com institui\u00e7\u00f5es de ensino. A partir disso, apontou que a&nbsp;cita\u00e7\u00e3o&nbsp;de um devedor solid\u00e1rio interrompe a&nbsp;prescri\u00e7\u00e3o&nbsp;em rela\u00e7\u00e3o aos demais, inclusive \u00e0 Uni\u00e3o, mesmo que a&nbsp;cita\u00e7\u00e3o&nbsp;desta tenha ocorrido tardiamente.<\/p><p>Por fim, o relator enfatizou que a parte autora n\u00e3o pode ser prejudicada pela demora na&nbsp;cita\u00e7\u00e3o&nbsp;da Uni\u00e3o quando essa&nbsp;mora&nbsp;for atribu\u00edvel exclusivamente ao servi\u00e7o judici\u00e1rio. &#8220;Para a caracteriza\u00e7\u00e3o da&nbsp;prescri\u00e7\u00e3o, n\u00e3o basta o simples transcurso do tempo: \u00e9 indispens\u00e1vel a presen\u00e7a simult\u00e2nea da possibilidade de exerc\u00edcio do direito de a\u00e7\u00e3o e da in\u00e9rcia do seu titular&#8221;, concluiu.<\/p><p><a href=\"https:\/\/processo.stj.jus.br\/processo\/julgamento\/eletronico\/documento\/mediado\/?documento_tipo=integra&amp;documento_sequencial=313536389&amp;registro_numero=202101657350&amp;peticao_numero=&amp;publicacao_data=20250526&amp;formato=PDF\">Leia o ac\u00f3rd\u00e3o no REsp&nbsp;1.962.118<\/a>.<\/p><p><strong>Esta not\u00edcia refere-se ao(s)&nbsp;<\/strong><strong>processo(s):<\/strong><strong> <\/strong><strong><a href=\"https:\/\/ww2.stj.jus.br\/processo\/pesquisa\/?aplicacao=processos.ea&amp;tipoPesquisa=tipoPesquisaGenerica&amp;termo=REsp%201962118\">REsp 1962118<\/a><\/strong><strong><\/strong><\/p><p><strong>Fonte: STJ<\/strong><\/p>\n    <div class=\"xs_social_share_widget xs_share_url after_content \t\tmain_content  wslu-style-1 wslu-share-box-shaped wslu-fill-colored wslu-none wslu-share-horizontal wslu-theme-font-no wslu-main_content\">\n\n\t\t\n        <ul>\n\t\t\t        <\/ul>\n    <\/div> \n","protected":false},"excerpt":{"rendered":"<p>\u200bSob o rito dos recursos\u00a0repetitivos\u00a0(Tema 1.131), a Primeira Se\u00e7\u00e3o do Superior Tribunal de Justi\u00e7a (STJ) decidiu que, nas a\u00e7\u00f5es cujo objeto seja o\u00a0Tema Repetitivo 928, a\u00a0cita\u00e7\u00e3o\u00a0v\u00e1lida do Estado do Paran\u00e1 e da Faculdade Vizivali interrompe a\u00a0prescri\u00e7\u00e3o\u00a0tamb\u00e9m em rela\u00e7\u00e3o \u00e0 Uni\u00e3o, com efeitos retroativos \u00e0 data da propositura da a\u00e7\u00e3o.<\/p>\n","protected":false},"author":5,"featured_media":0,"comment_status":"open","ping_status":"open","sticky":false,"template":"","format":"standard","meta":{"postBodyCss":"","postBodyMargin":[],"postBodyPadding":[],"postBodyBackground":{"backgroundType":"classic","gradient":""},"_price":"","_stock":"","_tribe_ticket_header":"","_tribe_default_ticket_provider":"","_tribe_ticket_capacity":"0","_ticket_start_date":"","_ticket_end_date":"","_tribe_ticket_show_description":"","_tribe_ticket_show_not_going":false,"_tribe_ticket_use_global_stock":"","_tribe_ticket_global_stock_level":"","_global_stock_mode":"","_global_stock_cap":"","_tribe_rsvp_for_event":"","_tribe_ticket_going_count":"","_tribe_ticket_not_going_count":"","_tribe_tickets_list":"[]","_tribe_ticket_has_attendee_info_fields":false,"footnotes":""},"categories":[46],"tags":[5176,1972,11974,11977,8718,5205,11975,11971,1556,598,2220,2219,229,230,11973,11972,11976,1627,11970],"class_list":["post-12375","post","type-post","status-publish","format-standard","hentry","category-noticias","tag-acoes","tag-citacao-2","tag-citacao-valida","tag-data-da-propositura-da-acao","tag-efeitos-retroativos","tag-estado-do-parana","tag-faculdade-vizivali","tag-interrompe-prescricao","tag-parana","tag-prescricao","tag-primeira-secao","tag-recursos-repetitivos","tag-stj","tag-superior-tribunal-de-justica","tag-tema-1-131","tag-tema-928","tag-tema-repetitivo-928","tag-uniao","tag-vizivali"],"acf":[],"_links":{"self":[{"href":"https:\/\/sgpsolucoes.com.br\/site\/wp-json\/wp\/v2\/posts\/12375"}],"collection":[{"href":"https:\/\/sgpsolucoes.com.br\/site\/wp-json\/wp\/v2\/posts"}],"about":[{"href":"https:\/\/sgpsolucoes.com.br\/site\/wp-json\/wp\/v2\/types\/post"}],"author":[{"embeddable":true,"href":"https:\/\/sgpsolucoes.com.br\/site\/wp-json\/wp\/v2\/users\/5"}],"replies":[{"embeddable":true,"href":"https:\/\/sgpsolucoes.com.br\/site\/wp-json\/wp\/v2\/comments?post=12375"}],"version-history":[{"count":0,"href":"https:\/\/sgpsolucoes.com.br\/site\/wp-json\/wp\/v2\/posts\/12375\/revisions"}],"wp:attachment":[{"href":"https:\/\/sgpsolucoes.com.br\/site\/wp-json\/wp\/v2\/media?parent=12375"}],"wp:term":[{"taxonomy":"category","embeddable":true,"href":"https:\/\/sgpsolucoes.com.br\/site\/wp-json\/wp\/v2\/categories?post=12375"},{"taxonomy":"post_tag","embeddable":true,"href":"https:\/\/sgpsolucoes.com.br\/site\/wp-json\/wp\/v2\/tags?post=12375"}],"curies":[{"name":"wp","href":"https:\/\/api.w.org\/{rel}","templated":true}]}}