{"id":12384,"date":"2025-06-24T17:56:03","date_gmt":"2025-06-24T20:56:03","guid":{"rendered":"https:\/\/sgpsolucoes.com.br\/site\/?p=12384"},"modified":"2025-06-24T17:56:05","modified_gmt":"2025-06-24T20:56:05","slug":"boletim-de-jurisprudencia-n-543-do-tcu","status":"publish","type":"post","link":"https:\/\/sgpsolucoes.com.br\/site\/boletim-de-jurisprudencia-n-543-do-tcu\/","title":{"rendered":"BOLETIM DE JURISPRUD\u00caNCIA N\u00b0 543 DO TCU"},"content":{"rendered":"<p>J\u00e1 est\u00e1 dispon\u00edvel o Boletim de Jurisprud\u00eancia n\u00b0 543&nbsp;do Tribunal de Contas da Uni\u00e3o, referente \u00e0s sess\u00f5es de 3 e 4 de junho de 2025.<\/p><p>Confira nossos destaques:<\/p><p><strong>* Ac\u00f3rd\u00e3o 1249\/2025 Plen\u00e1rio <\/strong>(Tomada de Contas Especial, Redator Ministro Jorge Oliveira)<\/p><p>Responsabilidade. D\u00e9bito. Culpa. Individualiza\u00e7\u00e3o. Solidariedade. Princ\u00edpio da proporcionalidade. Repara\u00e7\u00e3o do dano.<\/p><p><\/p><p><strong>* Ac\u00f3rd\u00e3o 1249\/2025 Plen\u00e1rio <\/strong>(Tomada de Contas Especial, Redator Ministro Jorge Oliveira)<\/p><p>Responsabilidade. D\u00e9bito. Dolo. Dela\u00e7\u00e3o premiada. Acordo de leni\u00eancia. Repara\u00e7\u00e3o do dano. Circunst\u00e2ncia atenuante.<\/p><p><\/p><p><strong>* Ac\u00f3rd\u00e3o 1266\/2025 Plen\u00e1rio <\/strong>(Representa\u00e7\u00e3o, Relator Ministro Bruno Dantas)<\/p><p>Responsabilidade. SUS. D\u00e9bito. Desvio de finalidade. Tomada de contas especial. Instaura\u00e7\u00e3o. Prazo. Audi\u00eancia.<\/p><p><\/p><p><strong>* Ac\u00f3rd\u00e3o 1268\/2025 Plen\u00e1rio <\/strong>(Pedido de Reexame, Relator Ministro Jorge Oliveira)<\/p><p>Licita\u00e7\u00e3o. Qualifica\u00e7\u00e3o t\u00e9cnica. Exig\u00eancia. Servi\u00e7o de alimenta\u00e7\u00e3o. Capacidade t\u00e9cnico-operacional. Licen\u00e7a sanit\u00e1ria. Alvar\u00e1. Habilita\u00e7\u00e3o de licitante.<\/p><p><\/p><p><strong>* Ac\u00f3rd\u00e3o 1273\/2025 Plen\u00e1rio <\/strong>(Representa\u00e7\u00e3o, Relator Ministro Jhonatan de Jesus)<\/p><p>Responsabilidade. Declara\u00e7\u00e3o de inidoneidade. Abrang\u00eancia. Administra\u00e7\u00e3o P\u00fablica. San\u00e7\u00e3o administrativa.<\/p><p><\/p><p><strong>* Ac\u00f3rd\u00e3o 1274\/2025 Plen\u00e1rio <\/strong>(Recurso de Revis\u00e3o, Relator Ministro Jhonatan de Jesus)<\/p><p>Responsabilidade. Multa. Pessoa jur\u00eddica. Entidade de direito privado. D\u00e9bito. Aus\u00eancia. Conv\u00eanio.<\/p><p><\/p><p><strong>* Ac\u00f3rd\u00e3o 3545\/2025 Primeira C\u00e2mara <\/strong>(Tomada de Contas Especial, Relator Ministro Walton Alencar Rodrigues)<\/p><p>Responsabilidade. Bolsa de estudo. D\u00e9bito. Termo de compromisso. CNPq. Descumprimento. Natureza jur\u00eddica. Alimento.<\/p><p><\/p><p><strong>* Ac\u00f3rd\u00e3o 2809\/2025 Segunda C\u00e2mara <\/strong>(Recurso de Reconsidera\u00e7\u00e3o, Relator Ministro Augusto Nardes)<\/p><p>Responsabilidade. D\u00e9bito. Prescri\u00e7\u00e3o. Interrup\u00e7\u00e3o. Esclarecimento de respons\u00e1veis. Informa\u00e7\u00e3o. Prescri\u00e7\u00e3o intercorrente.<\/p><p><\/p><p>Acesse a \u00edntegra deste Boletim nos links abaixo:<\/p><p><a href=\"https:\/\/contas.tcu.gov.br\/egestao\/ObterDocumentoSisdoc?codArqCatalogado=31542866\" target=\"_blank\" rel=\"noreferrer noopener\">vers\u00e3o PDF |&nbsp;<\/a><\/p><p><a href=\"https:\/\/contas.tcu.gov.br\/egestao\/ObterDocumentoSisdoc?codArqCatalogado=31542866&amp;codVersao=1\" target=\"_blank\" rel=\"noreferrer noopener\">vers\u00e3o DOCX<\/a><\/p><p><strong>Fonte: TCU<\/strong><\/p>\n    <div class=\"xs_social_share_widget xs_share_url after_content \t\tmain_content  wslu-style-1 wslu-share-box-shaped wslu-fill-colored wslu-none wslu-share-horizontal wslu-theme-font-no wslu-main_content\">\n\n\t\t\n        <ul>\n\t\t\t        <\/ul>\n    <\/div> \n","protected":false},"excerpt":{"rendered":"<p>J\u00e1 est\u00e1 dispon\u00edvel o Boletim de Jurisprud\u00eancia n\u00b0 543\u00a0do Tribunal de Contas da Uni\u00e3o, referente \u00e0s sess\u00f5es de 3 e 4 de junho de 2025.<\/p>\n","protected":false},"author":5,"featured_media":0,"comment_status":"open","ping_status":"open","sticky":false,"template":"","format":"standard","meta":{"postBodyCss":"","postBodyMargin":[],"postBodyPadding":[],"postBodyBackground":{"backgroundType":"classic","gradient":""},"_price":"","_stock":"","_tribe_ticket_header":"","_tribe_default_ticket_provider":"","_tribe_ticket_capacity":"0","_ticket_start_date":"","_ticket_end_date":"","_tribe_ticket_show_description":"","_tribe_ticket_show_not_going":false,"_tribe_ticket_use_global_stock":"","_tribe_ticket_global_stock_level":"","_global_stock_mode":"","_global_stock_cap":"","_tribe_rsvp_for_event":"","_tribe_ticket_going_count":"","_tribe_ticket_not_going_count":"","_tribe_tickets_list":"[]","_tribe_ticket_has_attendee_info_fields":false,"footnotes":""},"categories":[46],"tags":[447,11986,258,450],"class_list":["post-12384","post","type-post","status-publish","format-standard","hentry","category-noticias","tag-boletim-de-jurisprudencia","tag-boletim-de-jurisprudencia-n-543-do-tcu","tag-tcu","tag-tribunal-de-contas-da-uniao"],"acf":[],"_links":{"self":[{"href":"https:\/\/sgpsolucoes.com.br\/site\/wp-json\/wp\/v2\/posts\/12384"}],"collection":[{"href":"https:\/\/sgpsolucoes.com.br\/site\/wp-json\/wp\/v2\/posts"}],"about":[{"href":"https:\/\/sgpsolucoes.com.br\/site\/wp-json\/wp\/v2\/types\/post"}],"author":[{"embeddable":true,"href":"https:\/\/sgpsolucoes.com.br\/site\/wp-json\/wp\/v2\/users\/5"}],"replies":[{"embeddable":true,"href":"https:\/\/sgpsolucoes.com.br\/site\/wp-json\/wp\/v2\/comments?post=12384"}],"version-history":[{"count":0,"href":"https:\/\/sgpsolucoes.com.br\/site\/wp-json\/wp\/v2\/posts\/12384\/revisions"}],"wp:attachment":[{"href":"https:\/\/sgpsolucoes.com.br\/site\/wp-json\/wp\/v2\/media?parent=12384"}],"wp:term":[{"taxonomy":"category","embeddable":true,"href":"https:\/\/sgpsolucoes.com.br\/site\/wp-json\/wp\/v2\/categories?post=12384"},{"taxonomy":"post_tag","embeddable":true,"href":"https:\/\/sgpsolucoes.com.br\/site\/wp-json\/wp\/v2\/tags?post=12384"}],"curies":[{"name":"wp","href":"https:\/\/api.w.org\/{rel}","templated":true}]}}