{"id":12412,"date":"2025-06-24T20:28:58","date_gmt":"2025-06-24T23:28:58","guid":{"rendered":"https:\/\/sgpsolucoes.com.br\/site\/?p=12412"},"modified":"2025-06-24T20:28:59","modified_gmt":"2025-06-24T23:28:59","slug":"stf-mantem-vinculo-de-emprego-entre-motoboy-e-empresa-de-logistica","status":"publish","type":"post","link":"https:\/\/sgpsolucoes.com.br\/site\/stf-mantem-vinculo-de-emprego-entre-motoboy-e-empresa-de-logistica\/","title":{"rendered":"STF mant\u00e9m v\u00ednculo de emprego entre motoboy e empresa de log\u00edstica\u00a0"},"content":{"rendered":"<p><em>1\u00aa Turma rejeita recurso da companhia em a\u00e7\u00e3o contra decis\u00e3o da Justi\u00e7a do Trabalho; motociclista ganhava R$ 3 por entrega\u00a0<\/em><\/p><p>A Primeira Turma do Supremo Tribunal Federal (STF) manteve, por unanimidade, o reconhecimento do v\u00ednculo de emprego entre um motoboy e uma empresa de log\u00edstica e entrega de mercadorias. O colegiado negou um recurso (agravo regimental) da companhia contra decis\u00e3o individual do relator, ministro Cristiano Zanin.\u00a0\u00a0<\/p><p><img decoding=\"async\" src=\"https:\/\/noticias-stf-wp-prd.s3.sa-east-1.amazonaws.com\/wp-content\/uploads\/wpallimport\/uploads\/2025\/06\/24181337\/54611719166_fb04822350_c.jpg\" alt=\"Sess\u00e3o da 1\u00aa Turma do STF\">Foto: <em>Antonio Augusto\/STF<\/em><\/p><p>O v\u00ednculo empregat\u00edcio havia sido reconhecido pela Justi\u00e7a do Trabalho no Rio de Janeiro. A empresa ent\u00e3o acionou o STF com a Reclama\u00e7\u00e3o&nbsp;<strong><a href=\"https:\/\/portal.stf.jus.br\/processos\/detalhe.asp?incidente=7073440\" target=\"_blank\" rel=\"noreferrer noopener\">(RCL) 73042<\/a><\/strong>, argumentando que a decis\u00e3o teria violado entendimentos anteriores da Corte sobre o tema. O pedido foi rejeitado pelo relator.&nbsp;&nbsp;<\/p><p>Conforme Zanin, o caso n\u00e3o tem rela\u00e7\u00e3o com a decis\u00e3o do Supremo que, na A\u00e7\u00e3o Declarat\u00f3ria de Constitucionalidade (ADC) 48, estabeleceu a compet\u00eancia da Justi\u00e7a comum para demandas sobre servi\u00e7os de transporte aut\u00f4nomo rodovi\u00e1rio de cargas . Esse era um dos argumentos da Tex Courier no processo. Para o relator, o motociclista n\u00e3o foi cadastrado como transportador aut\u00f4nomo. Al\u00e9m disso, o ministro destacou que deve ser levada em conta a vulnerabilidade do profissional, que recebia R$ 3 por entrega realizada.&nbsp;<\/p><p>No julgamento, o ministro Luiz Fux levantou a quest\u00e3o de um poss\u00edvel impacto no debate da decis\u00e3o do ministro Gilmar Mendes no Recurso Extraordin\u00e1rio com Agravo (ARE) 1532603. Em abril, ele determinou a paralisa\u00e7\u00e3o de todos os processos na Justi\u00e7a que tratem da licitude da contrata\u00e7\u00e3o de trabalhador aut\u00f4nomo ou pessoa jur\u00eddica para a presta\u00e7\u00e3o de servi\u00e7os, a chamada \u201cpejotiza\u00e7\u00e3o\u201d.&nbsp;&nbsp;<\/p><p>Para a Turma, por\u00e9m, essa n\u00e3o \u00e9 a discuss\u00e3o tratada no caso. Conforme o ministro Alexandre de Moraes, o debate na reclama\u00e7\u00e3o n\u00e3o envolve a validade de novas formas de emprego ou a terceiriza\u00e7\u00e3o. Para ele, havia uma rela\u00e7\u00e3o de emprego, j\u00e1 que o motoboy tinha subordina\u00e7\u00e3o, cumpria hor\u00e1rios e recebia horas extras, e a empresa \u00e9 que atuava como terceirizada dos restaurantes.<\/p><p><strong>Balan\u00e7o&nbsp;<\/strong><\/p><p>Ao final da sess\u00e3o, o ministro Cristiano Zanin, presidente da Primeira Turma, fez um balan\u00e7o estat\u00edstico do colegiado no primeiro semestre do ano. Foram realizadas 23 sess\u00f5es virtuais e 15 presenciais no per\u00edodo.&nbsp;&nbsp;<\/p><p>A previs\u00e3o \u00e9 de que o semestre se encerre com 4.336 julgados. Desses, a maioria (1.419) \u00e9 de Recursos Extraordin\u00e1rios e Agravos em Recurso Extraordin\u00e1rio. Reclama\u00e7\u00f5es (1.167), e Habeas Corpus ou Recursos Ordin\u00e1rios em Habeas Corpus (1.045) v\u00eam na sequ\u00eancia. Foram julgados ainda 125 processos relacionados aos atos de 8 de janeiro de 2023. Os outros 580 casos s\u00e3o de outras classes processuais.&nbsp;<\/p><p><strong>Fonte: STF<\/strong><\/p>\n    <div class=\"xs_social_share_widget xs_share_url after_content \t\tmain_content  wslu-style-1 wslu-share-box-shaped wslu-fill-colored wslu-none wslu-share-horizontal wslu-theme-font-no wslu-main_content\">\n\n\t\t\n        <ul>\n\t\t\t        <\/ul>\n    <\/div> \n","protected":false},"excerpt":{"rendered":"<p>A Primeira Turma do Supremo Tribunal Federal (STF) manteve, por unanimidade, o reconhecimento do v\u00ednculo de emprego entre um motoboy e uma empresa de log\u00edstica e entrega de mercadorias. O colegiado negou um recurso (agravo regimental) da companhia contra decis\u00e3o individual do relator, ministro Cristiano Zanin.\u00a0\u00a0<\/p>\n","protected":false},"author":5,"featured_media":0,"comment_status":"open","ping_status":"open","sticky":false,"template":"","format":"standard","meta":{"postBodyCss":"","postBodyMargin":[],"postBodyPadding":[],"postBodyBackground":{"backgroundType":"classic","gradient":""},"_price":"","_stock":"","_tribe_ticket_header":"","_tribe_default_ticket_provider":"","_tribe_ticket_capacity":"0","_ticket_start_date":"","_ticket_end_date":"","_tribe_ticket_show_description":"","_tribe_ticket_show_not_going":false,"_tribe_ticket_use_global_stock":"","_tribe_ticket_global_stock_level":"","_global_stock_mode":"","_global_stock_cap":"","_tribe_rsvp_for_event":"","_tribe_ticket_going_count":"","_tribe_ticket_not_going_count":"","_tribe_tickets_list":"[]","_tribe_ticket_has_attendee_info_fields":false,"footnotes":""},"categories":[46],"tags":[3968,8608,12051,739,6616,12053,6210,12050,5308,2178,12052,347,348,1043,6617],"class_list":["post-12412","post","type-post","status-publish","format-standard","hentry","category-noticias","tag-1a-turma","tag-companhia","tag-empresa-de-logistica","tag-entrega","tag-justica-do-trabalho","tag-logistica","tag-mercadorias","tag-motoboy","tag-motociclista","tag-primeira-turma","tag-rejeita-recurso","tag-stf","tag-supremo-tribunal-federal","tag-unanimidade","tag-vinculo-de-emprego"],"acf":[],"_links":{"self":[{"href":"https:\/\/sgpsolucoes.com.br\/site\/wp-json\/wp\/v2\/posts\/12412"}],"collection":[{"href":"https:\/\/sgpsolucoes.com.br\/site\/wp-json\/wp\/v2\/posts"}],"about":[{"href":"https:\/\/sgpsolucoes.com.br\/site\/wp-json\/wp\/v2\/types\/post"}],"author":[{"embeddable":true,"href":"https:\/\/sgpsolucoes.com.br\/site\/wp-json\/wp\/v2\/users\/5"}],"replies":[{"embeddable":true,"href":"https:\/\/sgpsolucoes.com.br\/site\/wp-json\/wp\/v2\/comments?post=12412"}],"version-history":[{"count":0,"href":"https:\/\/sgpsolucoes.com.br\/site\/wp-json\/wp\/v2\/posts\/12412\/revisions"}],"wp:attachment":[{"href":"https:\/\/sgpsolucoes.com.br\/site\/wp-json\/wp\/v2\/media?parent=12412"}],"wp:term":[{"taxonomy":"category","embeddable":true,"href":"https:\/\/sgpsolucoes.com.br\/site\/wp-json\/wp\/v2\/categories?post=12412"},{"taxonomy":"post_tag","embeddable":true,"href":"https:\/\/sgpsolucoes.com.br\/site\/wp-json\/wp\/v2\/tags?post=12412"}],"curies":[{"name":"wp","href":"https:\/\/api.w.org\/{rel}","templated":true}]}}