{"id":12415,"date":"2025-06-24T20:37:40","date_gmt":"2025-06-24T23:37:40","guid":{"rendered":"https:\/\/sgpsolucoes.com.br\/site\/?p=12415"},"modified":"2025-06-24T20:37:42","modified_gmt":"2025-06-24T23:37:42","slug":"stf-define-prazo-para-plano-de-devolucao-de-valores-a-vitimas-de-fraudes-no-inss","status":"publish","type":"post","link":"https:\/\/sgpsolucoes.com.br\/site\/stf-define-prazo-para-plano-de-devolucao-de-valores-a-vitimas-de-fraudes-no-inss\/","title":{"rendered":"STF define prazo para plano de devolu\u00e7\u00e3o de valores a v\u00edtimas de fraudes no INSS"},"content":{"rendered":"<p><em><strong>Uni\u00e3o e INSS t\u00eam at\u00e9 15 de julho para apresentar proposta de ressarcimento e san\u00e7\u00f5es \u00e0s associa\u00e7\u00f5es investigadas na Opera\u00e7\u00e3o Sem Desconto<\/strong><\/em><\/p><p>A Uni\u00e3o e o Instituto Nacional do Seguro Social (INSS) se comprometeram, nesta ter\u00e7a-feira (24), a apresentar ao Supremo Tribunal Federal (STF), at\u00e9 15 de julho, uma proposta para operacionalizar a devolu\u00e7\u00e3o dos valores descontados indevidamente de aposentados e pensionistas. O plano tamb\u00e9m deve incluir puni\u00e7\u00f5es administrativas a entidades e associa\u00e7\u00f5es envolvidas nas fraudes.\u00a0<\/p><p><img decoding=\"async\" src=\"https:\/\/noticias-stf-wp-prd.s3.sa-east-1.amazonaws.com\/wp-content\/uploads\/wpallimport\/uploads\/2025\/06\/24194302\/54611870539_43bdddc5f8_c.jpg\" alt=\"Audi\u00eancia de concilia\u00e7\u00e3o sobre fraudes no INSS\"> <em>Foto: Fellipe Sampaio\/STF<\/em><\/p><p>O compromisso foi firmado durante uma audi\u00eancia de concilia\u00e7\u00e3o no STF conduzida pelo ministro Dias Toffoli no \u00e2mbito da Argui\u00e7\u00e3o de Descumprimento de Preceito Fundamental (ADPF) 1236, da qual \u00e9 relator. Na a\u00e7\u00e3o, a Advocacia-Geral da Uni\u00e3o (AGU) pede, entre outras medidas, que o STF autorize a abertura de um cr\u00e9dito extraordin\u00e1rio para custear os pagamentos. Toffoli, no entanto, afirmou que esse papel \u00e9 do Poder Legislativo.&nbsp;<\/p><p>Na audi\u00eancia, a AGU informou que ir\u00e1 consultar o Minist\u00e9rio P\u00fablico Federal (MPF), a Defensoria P\u00fablica da Uni\u00e3o (DPU) e a Ordem dos Advogados do Brasil (OAB) na formula\u00e7\u00e3o da proposta. O objetivo \u00e9 organizar as indeniza\u00e7\u00f5es, evitar o aumento de a\u00e7\u00f5es judiciais e reduzir o risco de que eventuais atrasos elevem os valores a ponto de comprometer a execu\u00e7\u00e3o or\u00e7ament\u00e1ria do Estado.<\/p><h5 class=\"wp-block-heading\"><strong>Premissas para ressarcimento<\/strong><\/h5><p>O ministro Dias Toffoli exp\u00f4s as premissas para o ressarcimento para poss\u00edvel consenso das partes: que a devolu\u00e7\u00e3o aos segurados seja integral, independentemente da responsabiliza\u00e7\u00e3o das associa\u00e7\u00f5es envolvidas; que os valores sejam corrigidos pelo \u00edndice aplicado aos benef\u00edcios previdenci\u00e1rios; e que o processo seja c\u00e9lere e eficiente, respeitando os limites or\u00e7ament\u00e1rios e fiscais, conforme an\u00e1lise t\u00e9cnica e a jurisprud\u00eancia do STF.&nbsp;<\/p><p>Os participantes da audi\u00eancia concordaram em apresentar uma proposta alinhada a essas premissas. Foi estabelecido, por exemplo, que o ressarcimento deve priorizar as pessoas consideradas hipervulner\u00e1veis. Fazem parte desse grupo ind\u00edgenas, quilombolas e pessoas com mais de 80 anos. Ainda assim, os entes p\u00fablicos asseguraram que todos os prejudicados, mesmo fora dessa classifica\u00e7\u00e3o, ter\u00e3o direito ao ressarcimento de forma integral e r\u00e1pida.<\/p><p>Al\u00e9m de representantes da AGU, do INSS, do MPF e da DPU, participaram da audi\u00eancia um representante do Minist\u00e9rio do Planejamento e Or\u00e7amento, o ministro da Previd\u00eancia Social, Wolney Queiroz, e o subprocurador-geral da Rep\u00fablica Nicolao Dino.&nbsp;<\/p><p>Confira o&nbsp;<strong><a href=\"https:\/\/noticias-stf-wp-prd.s3.sa-east-1.amazonaws.com\/wp-content\/uploads\/wpallimport\/uploads\/2025\/06\/24194225\/conciliacao_adpf_1236.pdf\" target=\"_blank\" rel=\"noreferrer noopener\">relat\u00f3rio da audi\u00eancia<\/a><\/strong>.&nbsp;<\/p><figure class=\"wp-block-embed is-type-photo is-provider-flickr wp-block-embed-flickr\"><div class=\"wp-block-embed__wrapper\">\n<a href=\"https:\/\/www.flickr.com\/photos\/supremotribunalfederal\/54610645172\/in\/album-72177720327084952\"><img fetchpriority=\"high\" decoding=\"async\" src=\"https:\/\/live.staticflickr.com\/65535\/54610645172_cb9a2178a6_c.jpg\" alt=\"STF promove audi\u00eancia de concilia\u00e7\u00e3o sobre fraudes no INSS - 24\/06\/2025\" width=\"800\" height=\"534\" \/><\/a>\n<\/div><\/figure><p><strong>Fonte: STF<\/strong><\/p>\n    <div class=\"xs_social_share_widget xs_share_url after_content \t\tmain_content  wslu-style-1 wslu-share-box-shaped wslu-fill-colored wslu-none wslu-share-horizontal wslu-theme-font-no wslu-main_content\">\n\n\t\t\n        <ul>\n\t\t\t        <\/ul>\n    <\/div> \n","protected":false},"excerpt":{"rendered":"<p>A Uni\u00e3o e o Instituto Nacional do Seguro Social (INSS) se comprometeram, nesta ter\u00e7a-feira (24), a apresentar ao Supremo Tribunal Federal (STF), at\u00e9 15 de julho, uma proposta para operacionalizar a devolu\u00e7\u00e3o dos valores descontados indevidamente de aposentados e pensionistas. O plano tamb\u00e9m deve incluir puni\u00e7\u00f5es administrativas a entidades e associa\u00e7\u00f5es envolvidas nas fraudes.\u00a0<\/p>\n","protected":false},"author":5,"featured_media":0,"comment_status":"open","ping_status":"open","sticky":false,"template":"","format":"standard","meta":{"postBodyCss":"","postBodyMargin":[],"postBodyPadding":[],"postBodyBackground":{"backgroundType":"classic","gradient":""},"_price":"","_stock":"","_tribe_ticket_header":"","_tribe_default_ticket_provider":"","_tribe_ticket_capacity":"0","_ticket_start_date":"","_ticket_end_date":"","_tribe_ticket_show_description":"","_tribe_ticket_show_not_going":false,"_tribe_ticket_use_global_stock":"","_tribe_ticket_global_stock_level":"","_global_stock_mode":"","_global_stock_cap":"","_tribe_rsvp_for_event":"","_tribe_ticket_going_count":"","_tribe_ticket_not_going_count":"","_tribe_tickets_list":"[]","_tribe_ticket_has_attendee_info_fields":false,"footnotes":""},"categories":[46],"tags":[4460,10284,12055,12059,12061,1631,779,2654,2784,12057,4461,12054,663,738,12058,12060,313,347,348,1627,12056],"class_list":["post-12415","post","type-post","status-publish","format-standard","hentry","category-noticias","tag-aposentados","tag-associacoes","tag-associacoes-investigadas","tag-ate-15-de-julho","tag-devolucao-dos-valores-descontados-indevidamente","tag-entidades","tag-fraude","tag-inss","tag-instituto-nacional-do-seguro-social","tag-operacao-sem-desconto","tag-pensionistas","tag-plano-de-devolucao-de-valores","tag-prazo","tag-proposta","tag-proposta-de-ressarcimento","tag-punicoes-administrativas","tag-sancoes","tag-stf","tag-supremo-tribunal-federal","tag-uniao","tag-vitimas-de-fraudes-no-inss"],"acf":[],"_links":{"self":[{"href":"https:\/\/sgpsolucoes.com.br\/site\/wp-json\/wp\/v2\/posts\/12415"}],"collection":[{"href":"https:\/\/sgpsolucoes.com.br\/site\/wp-json\/wp\/v2\/posts"}],"about":[{"href":"https:\/\/sgpsolucoes.com.br\/site\/wp-json\/wp\/v2\/types\/post"}],"author":[{"embeddable":true,"href":"https:\/\/sgpsolucoes.com.br\/site\/wp-json\/wp\/v2\/users\/5"}],"replies":[{"embeddable":true,"href":"https:\/\/sgpsolucoes.com.br\/site\/wp-json\/wp\/v2\/comments?post=12415"}],"version-history":[{"count":0,"href":"https:\/\/sgpsolucoes.com.br\/site\/wp-json\/wp\/v2\/posts\/12415\/revisions"}],"wp:attachment":[{"href":"https:\/\/sgpsolucoes.com.br\/site\/wp-json\/wp\/v2\/media?parent=12415"}],"wp:term":[{"taxonomy":"category","embeddable":true,"href":"https:\/\/sgpsolucoes.com.br\/site\/wp-json\/wp\/v2\/categories?post=12415"},{"taxonomy":"post_tag","embeddable":true,"href":"https:\/\/sgpsolucoes.com.br\/site\/wp-json\/wp\/v2\/tags?post=12415"}],"curies":[{"name":"wp","href":"https:\/\/api.w.org\/{rel}","templated":true}]}}