{"id":12474,"date":"2025-06-26T14:37:53","date_gmt":"2025-06-26T17:37:53","guid":{"rendered":"https:\/\/sgpsolucoes.com.br\/site\/?p=12474"},"modified":"2025-06-26T14:37:54","modified_gmt":"2025-06-26T17:37:54","slug":"edicao-n-339-do-boletim-repercussao-geral-em-pauta-do-stf","status":"publish","type":"post","link":"https:\/\/sgpsolucoes.com.br\/site\/edicao-n-339-do-boletim-repercussao-geral-em-pauta-do-stf\/","title":{"rendered":"Edi\u00e7\u00e3o n\u00b0 339 do Boletim Repercuss\u00e3o Geral \u2013 em pauta do STF"},"content":{"rendered":"<p>O N\u00facleo de Gerenciamento de Precedentes do Supremo Tribunal Federal disponibiliza a&nbsp;edi\u00e7\u00e3o n\u00b0 339 do Boletim Repercuss\u00e3o Geral \u2013 em pauta.<\/p><p><strong>Confira nossos destaques:<\/strong><\/p><p><strong>Temas com Tr\u00e2nsito em Julgado<\/strong><\/p><p>Tema: 111 | Processo(s): RE 970.343 | Relator: Min. Cristiano Zanin<br>T\u00edtulo: Aplicabilidade imediata do art. 78, \u00a7 2\u00ba, do ADCT para fins de compensa\u00e7\u00e3o de d\u00e9bitos tribut\u00e1rios com precat\u00f3rios de natureza alimentar.<\/p><p>O Tribunal fixou a seguinte tese: \u201cO regime previsto no art. 78 do Ato das Disposi\u00e7\u00f5es Constitucionais Transit\u00f3rias \u00e9 inconstitucional, respeitando-se os parcelamentos realizados, com amparo no dispositivo, at\u00e9 a concess\u00e3o da medida cautelar na ADI 2.356 MC em 25\/11\/2010.\u201d<\/p><p><strong>Agenda 2030 da ONU:<\/strong><\/p><p>Tema: 1.385 | Processo(s): ARE 1.534.108 | Relator: Min. Lu\u00eds Roberto Barroso (Presidente)<\/p><p>T\u00edtulo: Possibilidade de progress\u00e3o funcional de servidor p\u00fablico, sem a realiza\u00e7\u00e3o de avalia\u00e7\u00e3o de desempenho, devido \u00e0 in\u00e9rcia da Administra\u00e7\u00e3o P\u00fablica.<\/p><p>O Tribunal fixou a seguinte tese: \u201c\u00c9 infraconstitucional e f\u00e1tica a controv\u00e9rsia sobre a progress\u00e3o na carreira de servidor p\u00fablico que n\u00e3o foi submetido \u00e0 avalia\u00e7\u00e3o de desempenho.\u201d<\/p><p><strong>Sess\u00f5es Virtuais do Plen\u00e1rio<\/strong><\/p><p>TRIBUNAL PLENO \u2013 SESS\u00c3O VIRTUAL DE 20.6.2025 A 30.6.2025<\/p><p>Tema: 284 | Processo(s): RE 631.363 | Relator: Min. Gilmar Mendes<\/p><p>T\u00edtulo: Diferen\u00e7as de corre\u00e7\u00e3o monet\u00e1ria de dep\u00f3sitos em caderneta de poupan\u00e7a, bloqueados pelo BACEN, por alegados expurgos inflacion\u00e1rios decorrentes do Plano Collor I. Agenda 2030 da ONU: Tema: 309 Processo(s): RE 656.558-EDquartos Relator: Min. Dias Toffoli T\u00edtulo: Alcance das san\u00e7\u00f5es impostas pelo art. 37, \u00a7 4\u00ba, da Constitui\u00e7\u00e3o Federal aos condenados por improbidade administrativa.<\/p><p><strong>Agenda 2030 da ONU:<\/strong><\/p><p>Tema: 1.220 | Processo(s): RE 1.326.559-ED | Relator: Min. Dias Toffoli<\/p><p>T\u00edtulo: Declara\u00e7\u00e3o de inconstitucionalidade parcial, sem redu\u00e7\u00e3o de texto, do \u00a7 14 do artigo 85 do CPC\/2015 para se afastar a possibilidade de ser atribu\u00edda prefer\u00eancia de pagamento a honor\u00e1rios advocat\u00edcios em rela\u00e7\u00e3o ao cr\u00e9dito tribut\u00e1rio.<\/p><p><strong>Acesse a \u00edntegra deste Boletim no link abaixo:<\/strong><\/p><p><a href=\"http:\/\/www.stf.jus.br\/arquivo\/cms\/newsletterInformativoRG\/anexo\/Edio339.pdf\" target=\"_blank\" rel=\"noreferrer noopener\">edi\u00e7\u00e3o n. 339 do boletim Repercuss\u00e3o Geral \u2013 em pauta.<\/a><\/p><p><strong>Fonte: STF<\/strong><\/p>\n    <div class=\"xs_social_share_widget xs_share_url after_content \t\tmain_content  wslu-style-1 wslu-share-box-shaped wslu-fill-colored wslu-none wslu-share-horizontal wslu-theme-font-no wslu-main_content\">\n\n\t\t\n        <ul>\n\t\t\t        <\/ul>\n    <\/div> \n","protected":false},"excerpt":{"rendered":"<p>O N\u00facleo de Gerenciamento de Precedentes do Supremo Tribunal Federal disponibiliza a\u00a0edi\u00e7\u00e3o n\u00b0 339 do Boletim Repercuss\u00e3o Geral \u2013 em pauta.<\/p>\n","protected":false},"author":5,"featured_media":0,"comment_status":"open","ping_status":"open","sticky":false,"template":"","format":"standard","meta":{"postBodyCss":"","postBodyMargin":[],"postBodyPadding":[],"postBodyBackground":{"backgroundType":"classic","gradient":""},"_price":"","_stock":"","_tribe_ticket_header":"","_tribe_default_ticket_provider":"","_tribe_ticket_capacity":"0","_ticket_start_date":"","_ticket_end_date":"","_tribe_ticket_show_description":"","_tribe_ticket_show_not_going":false,"_tribe_ticket_use_global_stock":"","_tribe_ticket_global_stock_level":"","_global_stock_mode":"","_global_stock_cap":"","_tribe_rsvp_for_event":"","_tribe_ticket_going_count":"","_tribe_ticket_not_going_count":"","_tribe_tickets_list":"[]","_tribe_ticket_has_attendee_info_fields":false,"footnotes":""},"categories":[46],"tags":[5725,12105,12106,3777,3243,347,348],"class_list":["post-12474","post","type-post","status-publish","format-standard","hentry","category-noticias","tag-boletim-repercussao-geral","tag-edicao-n-339","tag-edicao-n-339-do-boletim-repercussao-geral","tag-em-pauta","tag-nucleo-de-gerenciamento-de-precedentes","tag-stf","tag-supremo-tribunal-federal"],"acf":[],"_links":{"self":[{"href":"https:\/\/sgpsolucoes.com.br\/site\/wp-json\/wp\/v2\/posts\/12474"}],"collection":[{"href":"https:\/\/sgpsolucoes.com.br\/site\/wp-json\/wp\/v2\/posts"}],"about":[{"href":"https:\/\/sgpsolucoes.com.br\/site\/wp-json\/wp\/v2\/types\/post"}],"author":[{"embeddable":true,"href":"https:\/\/sgpsolucoes.com.br\/site\/wp-json\/wp\/v2\/users\/5"}],"replies":[{"embeddable":true,"href":"https:\/\/sgpsolucoes.com.br\/site\/wp-json\/wp\/v2\/comments?post=12474"}],"version-history":[{"count":0,"href":"https:\/\/sgpsolucoes.com.br\/site\/wp-json\/wp\/v2\/posts\/12474\/revisions"}],"wp:attachment":[{"href":"https:\/\/sgpsolucoes.com.br\/site\/wp-json\/wp\/v2\/media?parent=12474"}],"wp:term":[{"taxonomy":"category","embeddable":true,"href":"https:\/\/sgpsolucoes.com.br\/site\/wp-json\/wp\/v2\/categories?post=12474"},{"taxonomy":"post_tag","embeddable":true,"href":"https:\/\/sgpsolucoes.com.br\/site\/wp-json\/wp\/v2\/tags?post=12474"}],"curies":[{"name":"wp","href":"https:\/\/api.w.org\/{rel}","templated":true}]}}