{"id":12477,"date":"2025-06-26T14:51:08","date_gmt":"2025-06-26T17:51:08","guid":{"rendered":"https:\/\/sgpsolucoes.com.br\/site\/?p=12477"},"modified":"2025-06-26T14:51:09","modified_gmt":"2025-06-26T17:51:09","slug":"edicao-n-1182-2025-do-informativo-stf","status":"publish","type":"post","link":"https:\/\/sgpsolucoes.com.br\/site\/edicao-n-1182-2025-do-informativo-stf\/","title":{"rendered":"Edi\u00e7\u00e3o\u00a0n\u00b0 1182\/2025\u00a0do\u00a0Informativo STF\u00a0"},"content":{"rendered":"<p>A edi\u00e7\u00e3o&nbsp;n\u00b0 <strong>1182\/2025<\/strong>&nbsp;do&nbsp;<strong>Informativo Supremo Tribunal Federal <\/strong>j\u00e1 est\u00e1 dispon\u00edvel.&nbsp;<\/p><p>Confira os nossos destaques:<\/p><ol class=\"wp-block-list\"><li><a href=\"#Plen\u00e1rio\">Plen\u00e1rio<\/a><\/li><\/ol><p><strong>Direito Administrativo<\/strong><\/p><p>Educa\u00e7\u00e3o; Ensino Superior e T\u00e9cnico; Processo Seletivo de Ingresso; Reserva de Vagas; Col\u00e9gios Militares; Natureza Jur\u00eddica de Escola P\u00fablica<\/p><p><a href=\"#Estudantes\"><strong><em>Estudantes egressos de col\u00e9gios militares: reserva de vagas em institui\u00e7\u00f5es federais de ensino superior e t\u00e9cnico<\/em><\/strong><\/a><strong><em> &#8211; <\/em><\/strong><a href=\"https:\/\/portal.stf.jus.br\/processos\/detalhe.asp?incidente=6817675\">ADI 7.561\/DF<\/a>&nbsp;<\/p><p><strong>Direito Constitucional<\/strong><\/p><p>Interven\u00e7\u00e3o do Estado no Dom\u00ednio Econ\u00f4mico; Planos Econ\u00f4micos; Direitos e Garantias Fundamentais; Coisa Julgada; Sistema Financeiro Nacional<\/p><p><a href=\"#T285RG\"><strong><em>Diferen\u00e7as de corre\u00e7\u00e3o monet\u00e1ria de dep\u00f3sitos em caderneta de poupan\u00e7a, n\u00e3o bloqueados pelo Banco Central do Brasil, decorrentes do Plano Collor II<\/em><\/strong><\/a> &#8211; <a href=\"https:\/\/portal.stf.jus.br\/processos\/detalhe.asp?incidente=3978950\">RE 632.212\/SP<\/a> (<a href=\"https:\/\/portal.stf.jus.br\/jurisprudenciaRepercussao\/verAndamentoProcesso.asp?incidente=3978950&amp;numeroProcesso=632212&amp;classeProcesso=RE&amp;numeroTema=285\">Tema 285 RG<\/a>)<\/p><p>Processo Legislativo; Iniciativa Privativa do Poder Executivo; Emenda Parlamentar<\/p><p><a href=\"#Norma\"><strong><em>Norma que pro\u00edbe a incorpora\u00e7\u00e3o de gratifica\u00e7\u00e3o pelos servidores estaduais: modifica\u00e7\u00e3o, via emenda parlamentar, da natureza do projeto de lei de ordin\u00e1ria para complementar<\/em><\/strong><\/a><strong><em> &#8211; <\/em><\/strong><a href=\"https:\/\/portal.stf.jus.br\/processos\/detalhe.asp?incidente=6774117\">ADPF 1.092\/SE<\/a><\/p><p>Processo Legislativo; V\u00edcio Formal; Erro Material; Reda\u00e7\u00e3o Final de Projeto de Lei; Aus\u00eancia de Delibera\u00e7\u00e3o pelo Congresso Nacional<\/p><p><a href=\"#Estatuto\"><strong><em>Estatuto da Advocacia: revoga\u00e7\u00e3o de dispositivos legais em raz\u00e3o de erro material de reda\u00e7\u00e3o<\/em><\/strong><\/a><strong><em> <\/em><\/strong>&#8211; <a href=\"https:\/\/portal.stf.jus.br\/processos\/detalhe.asp?incidente=6464545\">ADI 7.231\/DF<\/a><\/p><p>Acesse este Informativo no link abaixo:<\/p><p><a href=\"http:\/\/portal.stf.jus.br\/textos\/verTexto.asp?servico=informativoSTF\" target=\"_blank\" rel=\"noreferrer noopener\">Clique aqui para acessar<\/a><\/p><p><strong>Fonte: STF<\/strong><\/p>\n    <div class=\"xs_social_share_widget xs_share_url after_content \t\tmain_content  wslu-style-1 wslu-share-box-shaped wslu-fill-colored wslu-none wslu-share-horizontal wslu-theme-font-no wslu-main_content\">\n\n\t\t\n        <ul>\n\t\t\t        <\/ul>\n    <\/div> \n","protected":false},"excerpt":{"rendered":"<p>A edi\u00e7\u00e3o\u00a0n\u00b0 1182\/2025\u00a0do\u00a0Informativo Supremo Tribunal Federal j\u00e1 est\u00e1 dispon\u00edvel.\u00a0<\/p>\n","protected":false},"author":5,"featured_media":0,"comment_status":"open","ping_status":"open","sticky":false,"template":"","format":"standard","meta":{"postBodyCss":"","postBodyMargin":[],"postBodyPadding":[],"postBodyBackground":{"backgroundType":"classic","gradient":""},"_price":"","_stock":"","_tribe_ticket_header":"","_tribe_default_ticket_provider":"","_tribe_ticket_capacity":"0","_ticket_start_date":"","_ticket_end_date":"","_tribe_ticket_show_description":"","_tribe_ticket_show_not_going":false,"_tribe_ticket_use_global_stock":"","_tribe_ticket_global_stock_level":"","_global_stock_mode":"","_global_stock_cap":"","_tribe_rsvp_for_event":"","_tribe_ticket_going_count":"","_tribe_ticket_not_going_count":"","_tribe_tickets_list":"[]","_tribe_ticket_has_attendee_info_fields":false,"footnotes":""},"categories":[46],"tags":[176,1767,12107,259,1374,347,348],"class_list":["post-12477","post","type-post","status-publish","format-standard","hentry","category-noticias","tag-direito-administrativo","tag-direito-constitucional","tag-edicao-n-1182-2025","tag-informativo","tag-informativo-stf","tag-stf","tag-supremo-tribunal-federal"],"acf":[],"_links":{"self":[{"href":"https:\/\/sgpsolucoes.com.br\/site\/wp-json\/wp\/v2\/posts\/12477"}],"collection":[{"href":"https:\/\/sgpsolucoes.com.br\/site\/wp-json\/wp\/v2\/posts"}],"about":[{"href":"https:\/\/sgpsolucoes.com.br\/site\/wp-json\/wp\/v2\/types\/post"}],"author":[{"embeddable":true,"href":"https:\/\/sgpsolucoes.com.br\/site\/wp-json\/wp\/v2\/users\/5"}],"replies":[{"embeddable":true,"href":"https:\/\/sgpsolucoes.com.br\/site\/wp-json\/wp\/v2\/comments?post=12477"}],"version-history":[{"count":0,"href":"https:\/\/sgpsolucoes.com.br\/site\/wp-json\/wp\/v2\/posts\/12477\/revisions"}],"wp:attachment":[{"href":"https:\/\/sgpsolucoes.com.br\/site\/wp-json\/wp\/v2\/media?parent=12477"}],"wp:term":[{"taxonomy":"category","embeddable":true,"href":"https:\/\/sgpsolucoes.com.br\/site\/wp-json\/wp\/v2\/categories?post=12477"},{"taxonomy":"post_tag","embeddable":true,"href":"https:\/\/sgpsolucoes.com.br\/site\/wp-json\/wp\/v2\/tags?post=12477"}],"curies":[{"name":"wp","href":"https:\/\/api.w.org\/{rel}","templated":true}]}}