{"id":12480,"date":"2025-06-26T14:57:04","date_gmt":"2025-06-26T17:57:04","guid":{"rendered":"https:\/\/sgpsolucoes.com.br\/site\/?p=12480"},"modified":"2025-06-26T14:57:06","modified_gmt":"2025-06-26T17:57:06","slug":"negativa-de-acesso-a-livro-da-portaria-de-presidio-nao-viola-o-direito-de-obter-informacoes-publicas","status":"publish","type":"post","link":"https:\/\/sgpsolucoes.com.br\/site\/negativa-de-acesso-a-livro-da-portaria-de-presidio-nao-viola-o-direito-de-obter-informacoes-publicas\/","title":{"rendered":"Negativa de acesso a livro da portaria de pres\u00eddio n\u00e3o viola o direito de obter informa\u00e7\u00f5es p\u00fablicas"},"content":{"rendered":"<p>\u200bPara a Primeira Turma do Superior Tribunal de Justi\u00e7a (STJ), a negativa de acesso ao livro de portaria de uma unidade prisional \u2013 documento classificado como sigiloso \u2013 n\u00e3o viola o direito l\u00edquido e certo de obter informa\u00e7\u00f5es p\u00fablicas.<\/p><p>Com esse entendimento, o colegiado negou&nbsp;provimento&nbsp;ao&nbsp;recurso em mandado de seguran\u00e7a&nbsp;interposto por um cidad\u00e3o que pretendia acessar e copiar trechos do livro de portaria da Unidade Prisional de Mariana (MG) sem ter de justificar seu interesse. O pedido havia sido negado pelas autoridades do sistema prisional, que classificaram o livro como sigiloso por conter informa\u00e7\u00f5es relativas a terceiros, bem como dados sens\u00edveis cuja divulga\u00e7\u00e3o poderia comprometer a seguran\u00e7a da unidade. A pretens\u00e3o foi negada tamb\u00e9m pelo Tribunal de Justi\u00e7a de Minas Gerais.<\/p><p>Ao STJ, o cidad\u00e3o argumentou que o indeferimento violou seu direito l\u00edquido e certo de obter informa\u00e7\u00f5es p\u00fablicas, o qual seria garantido pela&nbsp;<a href=\"https:\/\/www.planalto.gov.br\/ccivil_03\/_ato2011-2014\/2011\/lei\/l12527.htm\">Lei de Acesso \u00e0 Informa\u00e7\u00e3o (LAI)<\/a>. Ele alegou que apenas pretendia ter acesso aos registros de entrada e sa\u00edda da unidade prisional, e n\u00e3o a dados sens\u00edveis ou sigilosos.<\/p><p><strong>Equil\u00edbrio entre a transpar\u00eancia dos atos e a prote\u00e7\u00e3o do segredo informacional<\/strong><\/p><p>O relator do caso na Primeira Turma, ministro Paulo S\u00e9rgio Domingues, explicou que a regra geral imposta ao poder p\u00fablico \u00e9 a publicidade de seus atos, devendo o sigilo ser tratado como exce\u00e7\u00e3o&nbsp;<a href=\"https:\/\/www.planalto.gov.br\/ccivil_03\/_ato2011-2014\/2011\/lei\/l12527.htm#art3i\">(artigo 3\u00ba, I, da LAI<\/a>) e admitido somente nos casos expressamente autorizados por lei.<\/p><p>&#8220;Diante da presun\u00e7\u00e3o de publicidade dos atos administrativos, n\u00e3o se admite, como regra, a negativa de acesso a informa\u00e7\u00f5es, salvo nas hip\u00f3teses excepcionais legalmente previstas, especialmente quando relacionadas \u00e0 prote\u00e7\u00e3o da seguran\u00e7a ou \u00e0 privacidade e intimidade das pessoas&#8221;, disse.<\/p><p>O ministro ressaltou que o&nbsp;<a href=\"https:\/\/www.planalto.gov.br\/ccivil_03\/_ato2011-2014\/2011\/lei\/l12527.htm#art6\">artigo 6\u00ba da LAI<\/a>&nbsp;estabelece que os \u00f3rg\u00e3os e as entidades da administra\u00e7\u00e3o p\u00fablica t\u00eam o dever de proteger informa\u00e7\u00f5es classificadas como sigilosas e as de natureza pessoal, devendo assegurar n\u00e3o apenas a restri\u00e7\u00e3o de acesso, mas tamb\u00e9m a preserva\u00e7\u00e3o da disponibilidade, da autenticidade e da integridade desses dados, para resguardar o interesse p\u00fablico envolvido.<\/p><p>Segundo o relator, a pr\u00f3pria LAI estabelece tr\u00eas categorias distintas de restri\u00e7\u00e3o ao acesso informacional: dados cujo sigilo decorre de imposi\u00e7\u00e3o legal, conforme disposto no&nbsp;<a href=\"https:\/\/www.planalto.gov.br\/ccivil_03\/_ato2011-2014\/2011\/lei\/l12527.htm#art22\">artigo 22<\/a>; informa\u00e7\u00f5es de natureza pessoal, nos termos do&nbsp;<a href=\"https:\/\/www.planalto.gov.br\/ccivil_03\/_ato2011-2014\/2011\/lei\/l12527.htm#art31\">artigo 31<\/a>; e informa\u00e7\u00f5es classificadas como sigilosas segundo o procedimento formal previsto no&nbsp;<a href=\"https:\/\/www.planalto.gov.br\/ccivil_03\/_ato2011-2014\/2011\/lei\/l12527.htm#art23\">artigo 23<\/a>.<\/p><p>A administra\u00e7\u00e3o p\u00fablica \u2013 complementou o ministro \u2013, ao classificar informa\u00e7\u00f5es como sigilosas, deve observar estritamente os crit\u00e9rios legais, assegurando o equil\u00edbrio entre a necess\u00e1ria transpar\u00eancia dos atos administrativos e a prote\u00e7\u00e3o leg\u00edtima do segredo informacional.<\/p><p><strong>Livro de portaria cont\u00e9m informa\u00e7\u00f5es sigilosas e sens\u00edveis do pres\u00eddio<\/strong><\/p><p>Paulo S\u00e9rgio Domingues esclareceu que o livro de portaria de unidade prisional \u00e9 um documento em que s\u00e3o registradas informa\u00e7\u00f5es sobre pessoas, rotinas e ocorr\u00eancias no setor, o qual, por sua vez, &#8220;\u00e9 notoriamente um local sens\u00edvel e estrat\u00e9gico para a seguran\u00e7a de cada unidade prisional e da popula\u00e7\u00e3o em geral&#8221;.<\/p><p>O relator concluiu que n\u00e3o houve ilegalidade na negativa de acesso a p\u00e1ginas do livro de portaria, uma vez que ela se fundamentou na presen\u00e7a de dados sigilosos e sens\u00edveis, bem como no fato de a divulga\u00e7\u00e3o dessas informa\u00e7\u00f5es ser potencialmente prejudicial \u00e0s atividades e \u00e0 estrutura de seguran\u00e7a da unidade prisional. Al\u00e9m disso \u2013 finalizou o ministro \u2013, a classifica\u00e7\u00e3o do livro como documento de acesso restrito foi feita de acordo com os procedimentos legais.<\/p><p><a href=\"https:\/\/processo.stj.jus.br\/processo\/julgamento\/eletronico\/documento\/mediado\/?documento_tipo=integra&amp;documento_sequencial=317453000&amp;registro_numero=202103790979&amp;peticao_numero=&amp;publicacao_data=20250611&amp;formato=PDF\">Leia o ac\u00f3rd\u00e3o no RMS 67.965<\/a>.<\/p><p><strong>Esta not\u00edcia refere-se ao(s)&nbsp;processo(s): <a href=\"https:\/\/ww2.stj.jus.br\/processo\/pesquisa\/?aplicacao=processos.ea&amp;tipoPesquisa=tipoPesquisaGenerica&amp;termo=RMS%2067965\">RMS 67965<\/a><\/strong><\/p><p><strong>Fonte: STJ<\/strong><\/p>\n    <div class=\"xs_social_share_widget xs_share_url after_content \t\tmain_content  wslu-style-1 wslu-share-box-shaped wslu-fill-colored wslu-none wslu-share-horizontal wslu-theme-font-no wslu-main_content\">\n\n\t\t\n        <ul>\n\t\t\t        <\/ul>\n    <\/div> \n","protected":false},"excerpt":{"rendered":"<p>\u200bPara a Primeira Turma do Superior Tribunal de Justi\u00e7a (STJ), a negativa de acesso ao livro de portaria de uma unidade prisional \u2013 documento classificado como sigiloso \u2013 n\u00e3o viola o direito l\u00edquido e certo de obter informa\u00e7\u00f5es p\u00fablicas.<\/p>\n","protected":false},"author":5,"featured_media":0,"comment_status":"open","ping_status":"open","sticky":false,"template":"","format":"standard","meta":{"postBodyCss":"","postBodyMargin":[],"postBodyPadding":[],"postBodyBackground":{"backgroundType":"classic","gradient":""},"_price":"","_stock":"","_tribe_ticket_header":"","_tribe_default_ticket_provider":"","_tribe_ticket_capacity":"0","_ticket_start_date":"","_ticket_end_date":"","_tribe_ticket_show_description":"","_tribe_ticket_show_not_going":false,"_tribe_ticket_use_global_stock":"","_tribe_ticket_global_stock_level":"","_global_stock_mode":"","_global_stock_cap":"","_tribe_rsvp_for_event":"","_tribe_ticket_going_count":"","_tribe_ticket_not_going_count":"","_tribe_tickets_list":"[]","_tribe_ticket_has_attendee_info_fields":false,"footnotes":""},"categories":[46],"tags":[6908,12114,12112,391,12111,7060,2675,2677,6783,12108,9955,12109,2507,2178,12115,229,230,4342,12110,12113],"class_list":["post-12480","post","type-post","status-publish","format-standard","hentry","category-noticias","tag-acesso","tag-dados-sensiveis","tag-dados-sigilosos","tag-direito","tag-direito-liquido-e-certo","tag-informacoes-publicas","tag-lai","tag-lei-de-acesso-a-informacao","tag-livro","tag-livro-da-portaria-de-presidio","tag-negativa","tag-negativa-de-acesso","tag-portaria","tag-primeira-turma","tag-sigiloso","tag-stj","tag-superior-tribunal-de-justica","tag-tribunal-de-justica-de-minas-gerais","tag-unidade-prisional","tag-unidade-prisional-de-mariana"],"acf":[],"_links":{"self":[{"href":"https:\/\/sgpsolucoes.com.br\/site\/wp-json\/wp\/v2\/posts\/12480"}],"collection":[{"href":"https:\/\/sgpsolucoes.com.br\/site\/wp-json\/wp\/v2\/posts"}],"about":[{"href":"https:\/\/sgpsolucoes.com.br\/site\/wp-json\/wp\/v2\/types\/post"}],"author":[{"embeddable":true,"href":"https:\/\/sgpsolucoes.com.br\/site\/wp-json\/wp\/v2\/users\/5"}],"replies":[{"embeddable":true,"href":"https:\/\/sgpsolucoes.com.br\/site\/wp-json\/wp\/v2\/comments?post=12480"}],"version-history":[{"count":0,"href":"https:\/\/sgpsolucoes.com.br\/site\/wp-json\/wp\/v2\/posts\/12480\/revisions"}],"wp:attachment":[{"href":"https:\/\/sgpsolucoes.com.br\/site\/wp-json\/wp\/v2\/media?parent=12480"}],"wp:term":[{"taxonomy":"category","embeddable":true,"href":"https:\/\/sgpsolucoes.com.br\/site\/wp-json\/wp\/v2\/categories?post=12480"},{"taxonomy":"post_tag","embeddable":true,"href":"https:\/\/sgpsolucoes.com.br\/site\/wp-json\/wp\/v2\/tags?post=12480"}],"curies":[{"name":"wp","href":"https:\/\/api.w.org\/{rel}","templated":true}]}}