{"id":12483,"date":"2025-06-26T15:01:53","date_gmt":"2025-06-26T18:01:53","guid":{"rendered":"https:\/\/sgpsolucoes.com.br\/site\/?p=12483"},"modified":"2025-06-26T15:01:54","modified_gmt":"2025-06-26T18:01:54","slug":"nova-pagina-acessibilidade-no-portal-do-stj-amplia-inclusao-com-recursos-para-todos-os-publicos","status":"publish","type":"post","link":"https:\/\/sgpsolucoes.com.br\/site\/nova-pagina-acessibilidade-no-portal-do-stj-amplia-inclusao-com-recursos-para-todos-os-publicos\/","title":{"rendered":"Nova p\u00e1gina Acessibilidade no portal do STJ amplia inclus\u00e3o com recursos para todos os p\u00fablicos"},"content":{"rendered":"<p>Para ampliar a visibilidade das a\u00e7\u00f5es e dos servi\u00e7os voltados para as pessoas com defici\u00eancia, o Superior Tribunal de Justi\u00e7a (STJ) lan\u00e7ou uma nova vers\u00e3o da p\u00e1gina&nbsp;<a href=\"https:\/\/www.stj.jus.br\/sites\/portalp\/Institucional\/Responsabilidade-Institucional\/Acessibilidade\">Acessibilidade<\/a>, com melhorias visuais e funcionais, al\u00e9m de conte\u00fados que antes n\u00e3o estavam dispon\u00edveis.<\/p><p>Inspirada na a\u00e7\u00e3o&nbsp;<em>STF Sem Barreiras<\/em>, do Supremo Tribunal Federal, a p\u00e1gina foi desenvolvida pela equipe da Secretaria de Comunica\u00e7\u00e3o Social do STJ. Para acess\u00e1-la, basta entrar no portal do tribunal, rolar at\u00e9 o fim da&nbsp;<em>homepage<\/em>&nbsp;e clicar no&nbsp;<em>link<\/em>&nbsp;&#8220;Acessibilidade&#8221;.<\/p><h2 class=\"wp-block-heading\">Melhorias e novos conte\u00fados&nbsp;<\/h2><p>Entre os principais destaques da nova vers\u00e3o est\u00e1 o desenvolvimento de um&nbsp;<em>script<\/em>&nbsp;para tornar os v\u00eddeos mais acess\u00edveis. Foram implementados bot\u00f5es visuais \u2013 como o &#8220;<em>play<\/em>&#8220;, em azul \u2013 que facilitam a navega\u00e7\u00e3o para pessoas que utilizam leitores de tela, permitindo maior autonomia na reprodu\u00e7\u00e3o dos conte\u00fados audiovisuais. Outro avan\u00e7o importante foi a otimiza\u00e7\u00e3o do contraste de cores, com o prop\u00f3sito de atender diferentes condi\u00e7\u00f5es visuais, melhorando a legibilidade para todos os perfis de usu\u00e1rios.\u200b\u200b\u200b\u200b\u200b\u200b\u200b\u200b\u200b<\/p><figure class=\"wp-block-image\"><img decoding=\"async\" src=\"https:\/\/www.stj.jus.br\/sites\/portalp\/SiteAssets\/imagens\/internas_noticias\/pagina-de-acessibilidade-do-stj-26062025.png\" alt=\"\"\/><figcaption class=\"wp-element-caption\">Recursos de acessibilidade no STJ: mais facilidade para quem utiliza os servi\u00e7os do tribunal.<\/figcaption><\/figure><p>As imagens da p\u00e1gina agora contam com audiodescri\u00e7\u00e3o, mecanismo que as tornam acess\u00edveis para pessoas com defici\u00eancia visual. Esse recurso permite que leitores de tela \u2013&nbsp;<em>softwares<\/em>&nbsp;utilizados por cegos ou pessoas com baixa vis\u00e3o \u2013 descrevam em \u00e1udio o que est\u00e1 sendo exibido. Assim, quando o leitor de tela passa por uma imagem no&nbsp;<em>site<\/em>, ele identifica o texto alternativo associado e o transmite verbalmente para o usu\u00e1rio, proporcionando uma navega\u00e7\u00e3o mais completa.<\/p><p>A p\u00e1gina tamb\u00e9m destaca alguns dos servi\u00e7os de acessibilidade j\u00e1 oferecidos nos diversos canais do STJ, como a descri\u00e7\u00e3o de imagens nas redes sociais, a disponibiliza\u00e7\u00e3o de jurisprud\u00eancia em formatos de \u00e1udio e v\u00eddeo e o uso do dispositivo de vis\u00e3o artificial. Esse \u00faltimo, voltado para pessoas com defici\u00eancia visual, permite o reconhecimento facial e a leitura de textos por meio de captura de imagem, convertendo as informa\u00e7\u00f5es em \u00e1udio. Os servi\u00e7os contribuem para a autonomia dos usu\u00e1rios ao facilitar o acesso \u00e0 informa\u00e7\u00e3o em diferentes contextos.<\/p><p>Por fim, a nova p\u00e1gina refor\u00e7a o uso da tradu\u00e7\u00e3o autom\u00e1tica em L\u00edngua Brasileira de Sinais (VLibras), j\u00e1 dispon\u00edvel em todo o portal do STJ. Ao concentrar conte\u00fados voltados especificamente para a acessibilidade, o espa\u00e7o enfatiza ainda mais esse recurso destinado a promover a inclus\u00e3o digital dos&nbsp;surdos.<\/p><p><strong>Fonte: STJ<\/strong><\/p>\n    <div class=\"xs_social_share_widget xs_share_url after_content \t\tmain_content  wslu-style-1 wslu-share-box-shaped wslu-fill-colored wslu-none wslu-share-horizontal wslu-theme-font-no wslu-main_content\">\n\n\t\t\n        <ul>\n\t\t\t        <\/ul>\n    <\/div> \n","protected":false},"excerpt":{"rendered":"<p>Para ampliar a visibilidade das a\u00e7\u00f5es e dos servi\u00e7os voltados para as pessoas com defici\u00eancia, o Superior Tribunal de Justi\u00e7a (STJ) lan\u00e7ou uma nova vers\u00e3o da p\u00e1gina\u00a0Acessibilidade, com melhorias visuais e funcionais, al\u00e9m de conte\u00fados que antes n\u00e3o estavam dispon\u00edveis.<\/p>\n","protected":false},"author":5,"featured_media":0,"comment_status":"open","ping_status":"open","sticky":false,"template":"","format":"standard","meta":{"postBodyCss":"","postBodyMargin":[],"postBodyPadding":[],"postBodyBackground":{"backgroundType":"classic","gradient":""},"_price":"","_stock":"","_tribe_ticket_header":"","_tribe_default_ticket_provider":"","_tribe_ticket_capacity":"0","_ticket_start_date":"","_ticket_end_date":"","_tribe_ticket_show_description":"","_tribe_ticket_show_not_going":false,"_tribe_ticket_use_global_stock":"","_tribe_ticket_global_stock_level":"","_global_stock_mode":"","_global_stock_cap":"","_tribe_rsvp_for_event":"","_tribe_ticket_going_count":"","_tribe_ticket_not_going_count":"","_tribe_tickets_list":"[]","_tribe_ticket_has_attendee_info_fields":false,"footnotes":""},"categories":[46],"tags":[8319,12116,12118,12117,3082,12119,229,230],"class_list":["post-12483","post","type-post","status-publish","format-standard","hentry","category-noticias","tag-acessibilidade","tag-nova-pagina-acessibilidade","tag-nova-versao","tag-pagina-acessibilidade","tag-pessoas-com-deficiencia","tag-portal-do-stj","tag-stj","tag-superior-tribunal-de-justica"],"acf":[],"_links":{"self":[{"href":"https:\/\/sgpsolucoes.com.br\/site\/wp-json\/wp\/v2\/posts\/12483"}],"collection":[{"href":"https:\/\/sgpsolucoes.com.br\/site\/wp-json\/wp\/v2\/posts"}],"about":[{"href":"https:\/\/sgpsolucoes.com.br\/site\/wp-json\/wp\/v2\/types\/post"}],"author":[{"embeddable":true,"href":"https:\/\/sgpsolucoes.com.br\/site\/wp-json\/wp\/v2\/users\/5"}],"replies":[{"embeddable":true,"href":"https:\/\/sgpsolucoes.com.br\/site\/wp-json\/wp\/v2\/comments?post=12483"}],"version-history":[{"count":0,"href":"https:\/\/sgpsolucoes.com.br\/site\/wp-json\/wp\/v2\/posts\/12483\/revisions"}],"wp:attachment":[{"href":"https:\/\/sgpsolucoes.com.br\/site\/wp-json\/wp\/v2\/media?parent=12483"}],"wp:term":[{"taxonomy":"category","embeddable":true,"href":"https:\/\/sgpsolucoes.com.br\/site\/wp-json\/wp\/v2\/categories?post=12483"},{"taxonomy":"post_tag","embeddable":true,"href":"https:\/\/sgpsolucoes.com.br\/site\/wp-json\/wp\/v2\/tags?post=12483"}],"curies":[{"name":"wp","href":"https:\/\/api.w.org\/{rel}","templated":true}]}}