{"id":12489,"date":"2025-06-26T15:29:33","date_gmt":"2025-06-26T18:29:33","guid":{"rendered":"https:\/\/sgpsolucoes.com.br\/site\/?p=12489"},"modified":"2025-06-26T15:29:34","modified_gmt":"2025-06-26T18:29:34","slug":"cautelar-sobre-adesao-a-ata-de-registro-por-consorcios-e-revogada-parcialmente-permitindo-contratos-em-execucao","status":"publish","type":"post","link":"https:\/\/sgpsolucoes.com.br\/site\/cautelar-sobre-adesao-a-ata-de-registro-por-consorcios-e-revogada-parcialmente-permitindo-contratos-em-execucao\/","title":{"rendered":"Cautelar sobre Ades\u00e3o \u00e0 Ata de Registro por cons\u00f3rcios \u00e9 revogada parcialmente, permitindo contratos em execu\u00e7\u00e3o"},"content":{"rendered":"<p>Em decis\u00e3o monocr\u00e1tica, o relator do processo de representa\u00e7\u00e3o movido contra o Cons\u00f3rcio P\u00fablico da Regi\u00e3o Norte (CIM Norte), conselheiro Marco Ant\u00f4nio da Silva, decidiu&nbsp;<mark>revogar parcialmente a medida cautelar<\/mark>&nbsp;que determinou a suspens\u00e3o da Ades\u00e3o \u00e0 Ata de Registro de Pre\u00e7os do Cons\u00f3rcio P\u00fablico da Regi\u00e3o Polinorte (CIM Polinorte) para a&nbsp;<mark>contrata\u00e7\u00e3o de merenda escolar dos munic\u00edpios participantes do Cons\u00f3rcio.<\/mark><mark>&nbsp;<\/mark><\/p><p><a href=\"https:\/\/diario.tcees.tc.br\/edicao\/2025\/6\/24\/atos-relatores\/noticia\/66113\">Publicada no Di\u00e1rio Oficial de Contas nesta ter\u00e7a-feira (24),<\/a>&nbsp;a decis\u00e3o estabeleceu que fica permitida a continuidade dos contratos j\u00e1 em execu\u00e7\u00e3o, enquanto novas ades\u00f5es \u00e0 Ata de Registro de Pre\u00e7os relativa ao Preg\u00e3o instaurado e homologado pelo CIM Polinorte se mant\u00eam proibidas.&nbsp;<\/p><p><a href=\"https:\/\/www.tcees.tc.br\/noticias-sessao\/tce-es-ve-irregularidades-em-adesao-a-ata-de-registro-de-precos-por-consorcio-de-municipios-do-norte-e-determina-suspensao\/\">A medida cautelar concedida, ratificada pelo Plen\u00e1rio do TCE-ES,<\/a>&nbsp;foi por entender que houve o cometimento de duas irregularidades na pr\u00e1tica da Ades\u00e3o \u00e0 ata. Uma pela \u201caus\u00eancia de previs\u00e3o legal quanto \u00e0 forma da ades\u00e3o adotada\u201d e outra \u201cpela eleva\u00e7\u00e3o burocr\u00e1tica e onerosa.\u201d&nbsp;<\/p><p>O tribunal verificou que o CIM Norte se colocou como aderente (caroneiro) e posteriormente contratante, contratualizando como se fosse interessado na execu\u00e7\u00e3o do servi\u00e7o. Tal ades\u00e3o e contratualiza\u00e7\u00e3o se deu para conceder a utiliza\u00e7\u00e3o aos consorciados, em desacordo com a regra do instituto do registro de pre\u00e7os. Na pr\u00e1tica, foi \u201ccarona\u201d da \u201ccarona\u201d, atuando como intermedi\u00e1rio na ades\u00e3o \u00e0 ata de registro de pre\u00e7os.&nbsp;&nbsp;&nbsp;&nbsp;<\/p><p>O outro problema foi que o CIM Norte, ao aderir \u00e0 Ata de Registro de Pre\u00e7os n\u00ba 290\/2023 e utilizar o Contrato de Programa como instrumento para ades\u00e3o de seus consorciados, confundiu compras compartilhadas com contrato de programa, em desacordo com a legisla\u00e7\u00e3o.&nbsp;&nbsp;&nbsp;<\/p><p>Ap\u00f3s a decis\u00e3o, os agentes respons\u00e1veis pelo Cons\u00f3rcio e a empresa declarada vencedora do Processo Licitat\u00f3rio apresentaram manifesta\u00e7\u00f5es no processo, que motivaram a revis\u00e3o da cautelar, segundo o conselheiro relator.&nbsp;&nbsp;<\/p><h5 class=\"wp-block-heading\">Interrup\u00e7\u00e3o&nbsp;<\/h5><p>Os respons\u00e1veis argumentaram que \u201co<mark>&nbsp;efeito pr\u00e1tico da decis\u00e3o acarreta a interrup\u00e7\u00e3o do fornecimento de alimenta\u00e7\u00e3o \u00e0 rede de ensino municipal<\/mark>, colocando em risco o fornecimento de alimenta\u00e7\u00e3o a centenas de alunos, causando um dano maior do que o suposto benef\u00edcio da medida cautelar\u201d.&nbsp;<\/p><p>H\u00e1 diversos contratos de presta\u00e7\u00e3o de servi\u00e7os de fornecimento de refei\u00e7\u00f5es escolares que decorreram daquela Ata de Registro de Pre\u00e7os, o que inclui o Munic\u00edpio de S\u00e3o Mateus e outros 14 munic\u00edpios.&nbsp;<\/p><p>\u201cNeste sentido, considerando a relev\u00e2ncia dos servi\u00e7os contratados e j\u00e1 em execu\u00e7\u00e3o, ora alvo de questionamento, for\u00e7oso \u00e9 reconhecer que a suspens\u00e3o destes servi\u00e7os de natureza essenciais, resultar\u00e1, indubitavelmente, em grave preju\u00edzo \u00e0queles que deles s\u00e3o beneficiados\u201d, afirmou Marco Ant\u00f4nio da Silva, no voto.&nbsp;<\/p><p>Por isso, ele pontua que foi necess\u00e1ria a pondera\u00e7\u00e3o do&nbsp;<em>perigo na demora reverso<\/em>&nbsp;quanto \u00e0 medida cautelar deferida, a fim de garantir o bem-estar e desenvolvimento de cada crian\u00e7a envolvida nessa situa\u00e7\u00e3o, para resguardar as execu\u00e7\u00f5es contratuais estabelecidas e atualmente em curso, preservando-se o interesse p\u00fablico prim\u00e1rio no fornecimento das refei\u00e7\u00f5es escolares que atendem a alunos menores.&nbsp;&nbsp;<\/p><p><mark>A decis\u00e3o, portanto, limita a ordem da cautelar deferida apenas quanto \u00e0 proibi\u00e7\u00e3o de novas ades\u00f5es, por\u00e9m, permitindo-se a continuidade dos contratos j\u00e1 em execu\u00e7\u00e3o.&nbsp;<\/mark><\/p><p><strong><a href=\"https:\/\/www.tcees.tc.br\/consultas\/processo\/detalhar-processo?numero=1869&amp;ano=2025&amp;key=192f6709f3fa9d186b3df1e65712088f6c0e5901ac96b7c8e5c8ed80c7e57b41eda2db586d19b9822838982e6dd73588ad39841c58c3edcaec3cc32ca60d703c\" target=\"_blank\" rel=\"noreferrer noopener\">Processo TC 1869\/2025<\/a><\/strong>&nbsp;<\/p><p><strong>Fonte: TCE-ES<\/strong><\/p>\n    <div class=\"xs_social_share_widget xs_share_url after_content \t\tmain_content  wslu-style-1 wslu-share-box-shaped wslu-fill-colored wslu-none wslu-share-horizontal wslu-theme-font-no wslu-main_content\">\n\n\t\t\n        <ul>\n\t\t\t        <\/ul>\n    <\/div> \n","protected":false},"excerpt":{"rendered":"<p>Em decis\u00e3o monocr\u00e1tica, o relator do processo de representa\u00e7\u00e3o movido contra o Cons\u00f3rcio P\u00fablico da Regi\u00e3o Norte (CIM Norte), conselheiro Marco Ant\u00f4nio da Silva, decidiu\u00a0revogar parcialmente a medida cautelar\u00a0que determinou a suspens\u00e3o da Ades\u00e3o \u00e0 Ata de Registro de Pre\u00e7os do Cons\u00f3rcio P\u00fablico da Regi\u00e3o Polinorte (CIM Polinorte) para a\u00a0contrata\u00e7\u00e3o de merenda escolar dos munic\u00edpios participantes do Cons\u00f3rcio.\u00a0<\/p>\n","protected":false},"author":5,"featured_media":0,"comment_status":"open","ping_status":"open","sticky":false,"template":"","format":"standard","meta":{"postBodyCss":"","postBodyMargin":[],"postBodyPadding":[],"postBodyBackground":{"backgroundType":"classic","gradient":""},"_price":"","_stock":"","_tribe_ticket_header":"","_tribe_default_ticket_provider":"","_tribe_ticket_capacity":"0","_ticket_start_date":"","_ticket_end_date":"","_tribe_ticket_show_description":"","_tribe_ticket_show_not_going":false,"_tribe_ticket_use_global_stock":"","_tribe_ticket_global_stock_level":"","_global_stock_mode":"","_global_stock_cap":"","_tribe_rsvp_for_event":"","_tribe_ticket_going_count":"","_tribe_ticket_not_going_count":"","_tribe_tickets_list":"[]","_tribe_ticket_has_attendee_info_fields":false,"footnotes":""},"categories":[46],"tags":[3416,11304,7956,819,11303,12124,1983,12125,12126,9213,12123,1017,1394,5811,399,717,1027,4702],"class_list":["post-12489","post","type-post","status-publish","format-standard","hentry","category-noticias","tag-adesao-2","tag-adesao-a-ata-de-registro-de-precos","tag-ata-de-registro-de-precos-2","tag-cautelar","tag-cim-norte","tag-conselheiro-marco-antonio-da-silva","tag-consorcio","tag-consorcio-publico-da-regiao-norte","tag-consorcio-publico-da-regiao-polinorte","tag-consorcios","tag-contratos-em-execucao","tag-decisao-monocratica","tag-medida-cautelar","tag-merenda-escolar","tag-municipios","tag-representacao","tag-revogacao","tag-tce-es"],"acf":[],"_links":{"self":[{"href":"https:\/\/sgpsolucoes.com.br\/site\/wp-json\/wp\/v2\/posts\/12489"}],"collection":[{"href":"https:\/\/sgpsolucoes.com.br\/site\/wp-json\/wp\/v2\/posts"}],"about":[{"href":"https:\/\/sgpsolucoes.com.br\/site\/wp-json\/wp\/v2\/types\/post"}],"author":[{"embeddable":true,"href":"https:\/\/sgpsolucoes.com.br\/site\/wp-json\/wp\/v2\/users\/5"}],"replies":[{"embeddable":true,"href":"https:\/\/sgpsolucoes.com.br\/site\/wp-json\/wp\/v2\/comments?post=12489"}],"version-history":[{"count":0,"href":"https:\/\/sgpsolucoes.com.br\/site\/wp-json\/wp\/v2\/posts\/12489\/revisions"}],"wp:attachment":[{"href":"https:\/\/sgpsolucoes.com.br\/site\/wp-json\/wp\/v2\/media?parent=12489"}],"wp:term":[{"taxonomy":"category","embeddable":true,"href":"https:\/\/sgpsolucoes.com.br\/site\/wp-json\/wp\/v2\/categories?post=12489"},{"taxonomy":"post_tag","embeddable":true,"href":"https:\/\/sgpsolucoes.com.br\/site\/wp-json\/wp\/v2\/tags?post=12489"}],"curies":[{"name":"wp","href":"https:\/\/api.w.org\/{rel}","templated":true}]}}