{"id":12496,"date":"2025-06-26T15:40:13","date_gmt":"2025-06-26T18:40:13","guid":{"rendered":"https:\/\/sgpsolucoes.com.br\/site\/?p=12496"},"modified":"2025-06-26T15:40:14","modified_gmt":"2025-06-26T18:40:14","slug":"falta-de-descricao-clara-de-livros-didaticos-leva-a-suspensao-de-licitacao-de-consorcio","status":"publish","type":"post","link":"https:\/\/sgpsolucoes.com.br\/site\/falta-de-descricao-clara-de-livros-didaticos-leva-a-suspensao-de-licitacao-de-consorcio\/","title":{"rendered":"Falta de descri\u00e7\u00e3o clara de livros did\u00e1ticos leva \u00e0 suspens\u00e3o de licita\u00e7\u00e3o de cons\u00f3rcio"},"content":{"rendered":"<p>Ao expedir medida cautelar, o conselheiro Augustinho Zucchi refor\u00e7ou o entendimento do Tribunal de Contas do Estado do Paran\u00e1 (TCE-PR) de que o objeto de licita\u00e7\u00e3o deve ser claramente definido, com veda\u00e7\u00e3o \u00e0 descri\u00e7\u00e3o gen\u00e9rica. A cautelar foi concedida por despacho expedido em 12 de junho e homologada, por unanimidade, na Sess\u00e3o de Plen\u00e1rio Virtual n\u00ba 11\/25 do Tribunal Pleno do TCE-PR, conclu\u00edda no \u00faltimo dia 18.<\/p><p>A cautelar suspende o Preg\u00e3o Eletr\u00f4nico n\u00ba 4\/25 do Cons\u00f3rcio Intermunicipal de Seguran\u00e7a P\u00fablica, Solu\u00e7\u00f5es e Melhorias do Norte Central Paranaense (Cismel &#8211; NCP), que tem como objeto o registro de pre\u00e7os para eventual aquisi\u00e7\u00e3o, distribui\u00e7\u00e3o e entrega de livros destinados aos alunos e professores da rede p\u00fablica de educa\u00e7\u00e3o dos munic\u00edpios consorciados, no valor m\u00e1ximo de R$ 127.353.076,68. Com sede em Londrina, o cons\u00f3rcio \u00e9 formado por 26 munic\u00edpios.<\/p><p>O TCE-PR acatou Representa\u00e7\u00f5es da Lei de Licita\u00e7\u00f5es (Lei n\u00ba 14.133\/21) formuladas pela advogada Sabrina Aparecida Santos Pereira Shinya e pela empresa Stone Editora e Com\u00e9rcio em Geral Ltda., em face do Preg\u00e3o Eletr\u00f4nico n\u00ba 4\/25 do Cismel &#8211; NCP, por meio das quais apontaram poss\u00edveis irregularidades na licita\u00e7\u00e3o.<\/p><p>As representantes alegaram que teria havido, al\u00e9m da insufici\u00eancia e imprecis\u00e3o nas especifica\u00e7\u00f5es t\u00e9cnicas dos livros licitados, a estimativa de pre\u00e7os imprecisa e incompat\u00edvel com a diversidade tem\u00e1tica; a falta de justificativa para a realiza\u00e7\u00e3o de licita\u00e7\u00e3o em lote \u00fanico; a falta de defini\u00e7\u00e3o clara de crit\u00e9rios para avalia\u00e7\u00e3o da amostra, a veda\u00e7\u00e3o \u00e0 participa\u00e7\u00e3o de pessoas jur\u00eddicas reunidas em cons\u00f3rcio; e a aus\u00eancia de pre\u00e7os unit\u00e1rios dos materiais que comp\u00f5em o objeto do certame.<\/p><p><strong>Descri\u00e7\u00e3o imprecisa<\/strong><\/p><p>Ao emitir a cautelar, Zucchi considerou que o objeto da licita\u00e7\u00e3o havia sido descrito de forma t\u00e3o abstrata e gen\u00e9rica que permitiria ampla interpreta\u00e7\u00e3o e confus\u00e3o, frustrando os princ\u00edpios norteadores da licita\u00e7\u00e3o estabelecidos na Lei n\u00ba 14.133\/21. Ele afirmou que a situa\u00e7\u00e3o \u00e9 semelhante \u00e0 hip\u00f3tese de um edital de licita\u00e7\u00e3o prever genericamente como objeto a compra de um ve\u00edculo, o que poderia levar os licitantes a ofertar ve\u00edculos diferentes, como patinete, caminh\u00e3o, carro, avi\u00e3o ou barco, em raz\u00e3o da falta de precis\u00e3o do objeto.<\/p><p>O conselheiro entendeu ser um agravante o fato de a licita\u00e7\u00e3o ter sido realizada em lote \u00fanico, mesmo diante da diversidade do objeto licitado. Ele considerou que o certame deveria ter sido realizado em lotes diversos, pois a aquisi\u00e7\u00e3o visa atender estudantes da educa\u00e7\u00e3o infantil; ensino fundamental; educa\u00e7\u00e3o de jovens e adultos; e educa\u00e7\u00e3o especial, bem como aos professores das escolas municipais da rede p\u00fablica.<\/p><p>O relator tamb\u00e9m concluiu ser aparentemente irregular a previs\u00e3o do instituto do &#8220;carona&#8221; \u00e0 ata de registro de pre\u00e7os, pois isso permitiria, em raz\u00e3o da forma gen\u00e9rica que objeto foi descrito, que uma contrata\u00e7\u00e3o question\u00e1vel pudesse ser realizada por outras entidades da administra\u00e7\u00e3o p\u00fablica.<\/p><p>Al\u00e9m disso, Zucchi considerou que a justificativa apresentada para a impossibilidade de participa\u00e7\u00e3o de cons\u00f3rcios parece, aparentemente, inapta a legitimar a escolha do gestor; que os crit\u00e9rios para avalia\u00e7\u00e3o das amostras n\u00e3o parecem ser claros o suficiente de forma a garantir a qualidade do material a ser adquirido; e que n\u00e3o h\u00e1 nos autos demonstra\u00e7\u00e3o dos pre\u00e7os unit\u00e1rios dos materiais a serem adquiridos.<\/p><p>&#8220;Uma contrata\u00e7\u00e3o que prev\u00ea a utiliza\u00e7\u00e3o de mais de uma centena de milh\u00f5es de reais de recursos p\u00fablicos n\u00e3o comporta abstra\u00e7\u00e3o&#8221;, enfatizou o relator no Despacho 671\/25, por meio do qual a cautelar foi concedida.<\/p><p>O Tribunal intimou o cons\u00f3rcio para ci\u00eancia e cumprimento da decis\u00e3o; e citou os respons\u00e1veis para apresenta\u00e7\u00e3o de defesa e contradit\u00f3rio no prazo de 15 dias. Caso n\u00e3o seja revogada, os efeitos da medida cautelar perduram at\u00e9 que o Tribunal decida sobre o m\u00e9rito do processo.<\/p><p>A homologa\u00e7\u00e3o da medida cautelar est\u00e1 contida no Ac\u00f3rd\u00e3o n\u00ba 1554\/25 &#8211; Tribunal Pleno, a ser publicado no&nbsp;<a href=\"https:\/\/www1.tce.pr.gov.br\/conteudo\/lista\/diario-eletronico\/1436\/area\/46\">Di\u00e1rio Eletr\u00f4nico do TCE-PR<\/a>.<\/p><p>&nbsp;<strong>Servi\u00e7o<\/strong><\/p><figure class=\"wp-block-table\"><table class=\"has-fixed-layout\"><tbody><tr><td><strong>Processo<\/strong>&nbsp;<strong>n\u00ba<\/strong>:<\/td><td>325027\/25<\/td><\/tr><tr><td><strong>Ac\u00f3rd\u00e3o n\u00ba<\/strong><\/td><td>1554\/25 &#8211; Tribunal Pleno<\/td><\/tr><tr><td><strong>Assunto<\/strong>:<\/td><td>Representa\u00e7\u00e3o da Lei de Licita\u00e7\u00f5es<\/td><\/tr><tr><td><strong>Entidade<\/strong>:<\/td><td>Cons\u00f3rcio Intermunicipal de Seguran\u00e7a P\u00fablica, Solu\u00e7\u00f5es e Melhorias do Norte Central Paranaense<\/td><\/tr><tr><td><strong>Relator<\/strong>:<\/td><td>Conselheiro Augustinho Zucchi<\/td><\/tr><\/tbody><\/table><\/figure><p><strong>Fonte:&nbsp;TCE\/PR<\/strong><\/p>\n    <div class=\"xs_social_share_widget xs_share_url after_content \t\tmain_content  wslu-style-1 wslu-share-box-shaped wslu-fill-colored wslu-none wslu-share-horizontal wslu-theme-font-no wslu-main_content\">\n\n\t\t\n        <ul>\n\t\t\t        <\/ul>\n    <\/div> \n","protected":false},"excerpt":{"rendered":"<p>Ao expedir medida cautelar, o conselheiro Augustinho Zucchi refor\u00e7ou o entendimento do Tribunal de Contas do Estado do Paran\u00e1 (TCE-PR) de que o objeto de licita\u00e7\u00e3o deve ser claramente definido, com veda\u00e7\u00e3o \u00e0 descri\u00e7\u00e3o gen\u00e9rica. A cautelar foi concedida por despacho expedido em 12 de junho e homologada, por unanimidade, na Sess\u00e3o de Plen\u00e1rio Virtual n\u00ba 11\/25 do Tribunal Pleno do TCE-PR, conclu\u00edda no \u00faltimo dia 18.<\/p>\n","protected":false},"author":5,"featured_media":0,"comment_status":"open","ping_status":"open","sticky":false,"template":"","format":"standard","meta":{"postBodyCss":"","postBodyMargin":[],"postBodyPadding":[],"postBodyBackground":{"backgroundType":"classic","gradient":""},"_price":"","_stock":"","_tribe_ticket_header":"","_tribe_default_ticket_provider":"","_tribe_ticket_capacity":"0","_ticket_start_date":"","_ticket_end_date":"","_tribe_ticket_show_description":"","_tribe_ticket_show_not_going":false,"_tribe_ticket_use_global_stock":"","_tribe_ticket_global_stock_level":"","_global_stock_mode":"","_global_stock_cap":"","_tribe_rsvp_for_event":"","_tribe_ticket_going_count":"","_tribe_ticket_not_going_count":"","_tribe_tickets_list":"[]","_tribe_ticket_has_attendee_info_fields":false,"footnotes":""},"categories":[46],"tags":[6689,1138,12134,12129,1983,12132,12131,2159,1217,739,12128,138,4144,12130,8802,8031,12135,3682,499,442,8208,12133,4099,354,356],"class_list":["post-12496","post","type-post","status-publish","format-standard","hentry","category-noticias","tag-alunos","tag-aquisicao","tag-cismel-ncp","tag-conselheiro-augustinho-zucchi","tag-consorcio","tag-consorcio-intermunicipal-de-seguranca-publica","tag-descricao-generica","tag-distribuicao-2","tag-educacao","tag-entrega","tag-falta-de-descricao-clara","tag-licitacao-2","tag-livros","tag-livros-didaticos","tag-melhorias","tag-municipios-consorciados","tag-norte-central-paranaense","tag-objeto","tag-pregao-eletronico","tag-professores","tag-rede-publica","tag-solucoes","tag-suspensao-de-licitacao","tag-tce-pr","tag-tribunal-de-contas-do-estado-do-parana"],"acf":[],"_links":{"self":[{"href":"https:\/\/sgpsolucoes.com.br\/site\/wp-json\/wp\/v2\/posts\/12496"}],"collection":[{"href":"https:\/\/sgpsolucoes.com.br\/site\/wp-json\/wp\/v2\/posts"}],"about":[{"href":"https:\/\/sgpsolucoes.com.br\/site\/wp-json\/wp\/v2\/types\/post"}],"author":[{"embeddable":true,"href":"https:\/\/sgpsolucoes.com.br\/site\/wp-json\/wp\/v2\/users\/5"}],"replies":[{"embeddable":true,"href":"https:\/\/sgpsolucoes.com.br\/site\/wp-json\/wp\/v2\/comments?post=12496"}],"version-history":[{"count":0,"href":"https:\/\/sgpsolucoes.com.br\/site\/wp-json\/wp\/v2\/posts\/12496\/revisions"}],"wp:attachment":[{"href":"https:\/\/sgpsolucoes.com.br\/site\/wp-json\/wp\/v2\/media?parent=12496"}],"wp:term":[{"taxonomy":"category","embeddable":true,"href":"https:\/\/sgpsolucoes.com.br\/site\/wp-json\/wp\/v2\/categories?post=12496"},{"taxonomy":"post_tag","embeddable":true,"href":"https:\/\/sgpsolucoes.com.br\/site\/wp-json\/wp\/v2\/tags?post=12496"}],"curies":[{"name":"wp","href":"https:\/\/api.w.org\/{rel}","templated":true}]}}